{"id":1037,"date":"2011-11-19T21:47:05","date_gmt":"2011-11-19T19:47:05","guid":{"rendered":"http:\/\/www.lagota.ch\/?p=1037"},"modified":"2011-11-19T21:47:05","modified_gmt":"2011-11-19T19:47:05","slug":"neonazismus-bekampfen-verfassungsschutz-auflosen","status":"publish","type":"post","link":"https:\/\/www.lagota.ch\/?p=1037","title":{"rendered":"Neonazismus bek\u00e4mpfen! Verfassungsschutz aufl\u00f6sen!"},"content":{"rendered":"<p><strong>Immer neue Details \u00fcber die grausame Nazi-Mord-Serie werden bekannt: 13  Jahre lang konnten bekannte Neonazis aus Th\u00fcringen in der ganzen  Republik Migrant_innen regelrecht hinrichten und mit Bombenanschl\u00e4gen  schwer verletzten.<\/strong><\/p>\n<p><a href=\"https:\/\/www.lagota.ch\/wp-content\/uploads\/Verfassungsschutz.jpg\"><img loading=\"lazy\" decoding=\"async\" class=\"alignright size-medium wp-image-1038\" title=\"Verfassungsschutz\" src=\"https:\/\/www.lagota.ch\/wp-content\/uploads\/Verfassungsschutz-300x199.jpg\" alt=\"\" width=\"300\" height=\"199\" srcset=\"https:\/\/www.lagota.ch\/wp-content\/uploads\/Verfassungsschutz-300x199.jpg 300w, https:\/\/www.lagota.ch\/wp-content\/uploads\/Verfassungsschutz.jpg 484w\" sizes=\"auto, (max-width: 300px) 100vw, 300px\" \/><\/a>Obwohl die drei T\u00e4ter_innen bereits 1998 wegen  Bombenbau im Visier der Sicherheitsbeh\u00f6rden standen, konnten sie  abtauchen und aus der Illegalit\u00e4t heraus weiter morden. Klar ist schon  jetzt: Nicht nur die polizeilichen Ermittlungsbeh\u00f6rden haben geschlampt. Vor allem der deutsche Inlandsgeheimdienst, der so genannte  Verfassungsschutz (VS), hat total versagt, obwohl er alles andere als  ahnungslos war. Das ist nicht das erste Mal: Bereits 2007 sorgte der  L\u00fcnener Neonazi Sebastian Seemann f\u00fcr einen VS-Skandal. Wir blicken  zur\u00fcck&#8230;<\/p>\n<p><strong><strong>Die Rolle des Verfassungsschutzes<\/strong><\/strong><\/p>\n<p>Die Verfassungsschutz\u00e4mter verf\u00fcgen \u00fcber ein gro\u00dfes Spitzel-Netz, die so geannten V-Leute. Die Mitglieder der Nazi-Terrorzelle waren Teil der  \u201eTh\u00fcringischen Heimatschutzes&#8221;, deren F\u00fchrer \u00fcber Jahre insgesamt  200.000 Mark an Spitzelsal\u00e4r vom Verfassungsschutz bezogen hat. Er war  ein V-Mann des Th\u00fcringischen Landesamtes. Der Beh\u00f6rde stand bis 2000 ein Leiter vor, der heute u.a. im extrem rechten Ares-Verlag publiziert, in dem auch NPD-Funktion\u00e4re wie Olaf Rose ihre B\u00fccher ver\u00f6ffentlichen.  Doch die Geheimdienst-Verstrickungen gehen weiter. Zumindest an einem,  evtl. sogar an mehreren Tatorten, befand sich zur Tatzeit ein  Verfassungsschutz-Agent, der f\u00fcr seine rechtsradikale Gesinnung bekannt  ist. Zudem wurden bei den Nazi-T\u00e4tern so genannte legale illegale  Papiere gefunden &#8211; also Ausweisf\u00e4lschungen wie sie nur Geheimdienste  benutzen.<br \/>\nDie Ermittlungen \u00fcber die Nazi-Mord-Serie stehen noch nicht am Ende,  trotzdem ist sicher: Es handelt sich hierbei wohl um den gr\u00f6\u00dften  Geheimdienst-Skandal der Bundesrepublik, aber nicht um den einzigen.  Immer wieder waren V-Leute aus der Neonazi-Szene in erhebliche  Straftaten verwickelt, immer wieder wurden sie von den  Verfassungsschutzbeh\u00f6rden gedeckt, teilweise vor polizeilicher  Strafverfolgung gesch\u00fctzt. Viele V-M\u00e4nner gaben an, dass sie Teile ihres Gehaltes in den Aufbau von Neonazi-Strukturen investiert haben. Alleine in Th\u00fcringen flossen zwischen 1994 und 2000 \u00fcber 1,5 Millionen Mark an  Spitzelgeh\u00e4ltern!<\/p>\n<p><strong>Ein Beispiel aus dem Jahr 2007: V-Mann-Skandal um Sebastian Seemann<\/strong><\/p>\n<p>2007 wurde bekannt, dass es  sich bei dem Neonazi Sebastian Seemann, um einen V-Mann des  Verfassungsschutzes handelte, der f\u00fcr seine Dienste zwischen 500 &#8211; 1000  Euro monatlich erhielt. Sebastian Seemann bewegte sich viele Jahre in  der Szene in Dortmund und organisierte, auch w\u00e4hrend seiner Zeit als  V-Mann Rechtsrock-Konzerte f\u00fcr das verbotene Blood &amp; Honour  Netzwerk. Zugleich handelte er aber im gro\u00dfen Stil mit harten Drogen und betrieb, wie unsere Recherchen \u00f6ffentlich machten, eine \u201eunpolitische&#8221;  Rockkneipe in L\u00fcnen. Als ein Drogendeal schief ging, musste sein Freund  Robin Sch., ebenfalls ein Neonazi, das verlorene Geld durch einen  Raub\u00fcberfall auf einen Plus-Markt in Dortmund-Brechten wieder  hereinholen. Dabei schoss er einen Kunden an und verletzte ihn schwer.  Vor Gericht sagte er aus, Seemann habe ihn zum \u00dcberfall gedr\u00e4ngt und ihm auch die Waffe besorgt. Tats\u00e4chlich hatte die Polizei bei Seemann ein  umfangreiches Waffendepot ausgehoben.<br \/>\nAlle diese Verbrechen spielten sich unter den Augen des  Verfassungsschutzes ab. Schlimmer noch, es konnte belegt werden, dass  dieser Seemanns kriminelle Machenschaften deckte und ihn sogar vor  Ermittlungen der Polizei warnte. Die Drogenfahndung aus Bielefeld  ermittelte gegen Seemann wegen mutma\u00dflicher Kokain-Deals in  Ostwestfalen. Dabei h\u00f6rten sie auch sein Mobiltelefon ab. Seemanns  V-Mann-F\u00fchrer, also der Kontaktbeamte des Verfassungsschutzes, riet ihm  daraufhin statt seines Mobiltelefons \u00f6fter eine Telefonzelle zu nutzen.<\/p>\n<p><strong>Wir schrieben deshalb 2007 in einer Stellungnahme:<\/strong><\/p>\n<blockquote><p>Das ein schwer krimineller Neonazi und mutma\u00dflicher  \tWaffenh\u00e4ndler wie Sebastian Seemann, der zudem im angrenzenden Ausland  \tKonzerte f\u00fcr eine in Deutschland verbotene Gruppe organisiert, im Sold  \tdes Verfassungsschutzes steht ist ein Skandal. Die Staatsanwaltschaft  \tBielefeld ermittelt zudem gegen einen noch unbekannten  \tVerfassungssch\u00fctzer wegen des Verdachts des Geheimnisverrates und der  \tStrafvereitlung. Er soll Seemann von polizeilichen Ermittlungen gegen  \tihn gewarnt haben. Dieser Skandal zeigt einmal mehr, dass das  \tV-Leute-System abgeschafft geh\u00f6rt. Es dient augenscheinlich eher dem  \tSchutz der Neonazis.<\/p><\/blockquote>\n<p>An dieser Einsch\u00e4tzung hat sich nichts ge\u00e4ndert, sie wird durch die  aktuellen Erkenntnisse aus Th\u00fcringen gest\u00fctzt. Geheimdienste sind keine  Partner im Kampf gegen den Neonazismus, durch das V-Leute-System pumpen  sie vielmehr indirekt viel Geld in  die Neonazi-Szene und sch\u00fctzen  \u201eihre&#8221; V-M\u00e4nner vor Strafverfolgung!<br \/>\n<strong><br \/>\nWir fordern, die Aufl\u00f6sung des Verfassungsschutzes sowie die Abschaffung des V-Mann-Systems! <\/strong><\/p>\n<p><strong>Stellungnahmen<\/strong><br \/>\n<a href=\"http:\/\/antifaunited.blogsport.de\/2007\/10\/19\/v-mann-skandal-neonazi-betreibt-kneipe-in-luenen\/\">http:\/\/antifaunited.blogsport.de\/2007\/10\/19\/v-mann-skandal-neonazi-betreibt-kneipe-in-luenen\/<\/a><br \/>\n<a href=\"http:\/\/antifaunited.blogsport.de\/2008\/01\/18\/entwicklungen-im-v-mann-skandal-innenminister-wolf-will-ermittlungen-gegen-verfassungsschuetzer-verhindern-anklage-gegen-v-mann-sebastian-seeman-erhoben\/\">http:\/\/antifaunited.blogsport.de\/2008\/01\/18\/entwicklungen-im-v-mann-skandal-innenminister-wolf-will-ermittlungen-gegen-verfassungsschuetzer-verhindern-anklage-gegen-v-mann-sebastian-seeman-erhoben\/ <\/a><\/p>\n<p><a href=\"http:\/\/www.nadir.org\/nadir\/periodika\/aib\/archiv\/77\/20.php\">Bericht aus dem AIB<\/a><br \/>\n<a href=\"http:\/\/projekte.free.de\/lotta\/pdf\/29\/v-mann-seemann.pdf\">Bericht aus der LOTTA<\/p>\n<p>http:\/\/linksunten.indymedia.org\/de\/node\/50425<\/a><\/p>\n<p>Quelle: <a href=\"http:\/\/www.linkezeitung.de\/cms\/index.php?option=com_content&amp;task=view&amp;id=12245&amp;Itemid=1\" target=\"_blank\">http:\/\/www.linkezeitung.de\/cms\/index.php?option=com_content&amp;task=view&amp;id=12245&amp;Itemid=1<\/a><\/p>\n","protected":false},"excerpt":{"rendered":"<p>Immer neue Details \u00fcber die grausame Nazi-Mord-Serie werden bekannt: 13 Jahre lang konnten bekannte Neonazis aus Th\u00fcringen in der ganzen Republik Migrant_innen regelrecht hinrichten und mit Bombenanschl\u00e4gen schwer verletzten.<br \/>\n <a href=\"https:\/\/www.lagota.ch\/?p=1037\">Continue reading <span class=\"meta-nav\">&rarr;<\/span><\/a><\/p>\n","protected":false},"author":1,"featured_media":0,"comment_status":"open","ping_status":"open","sticky":false,"template":"","format":"standard","meta":{"footnotes":""},"categories":[13,10,6],"tags":[176,173,177,175,174],"class_list":["post-1037","post","type-post","status-publish","format-standard","hentry","category-antifa","category-aus-aller-welt","category-news","tag-nazi-mord","tag-neonazis","tag-thuringen","tag-v-manner","tag-verfassungsschutz"],"_links":{"self":[{"href":"https:\/\/www.lagota.ch\/index.php?rest_route=\/wp\/v2\/posts\/1037","targetHints":{"allow":["GET"]}}],"collection":[{"href":"https:\/\/www.lagota.ch\/index.php?rest_route=\/wp\/v2\/posts"}],"about":[{"href":"https:\/\/www.lagota.ch\/index.php?rest_route=\/wp\/v2\/types\/post"}],"author":[{"embeddable":true,"href":"https:\/\/www.lagota.ch\/index.php?rest_route=\/wp\/v2\/users\/1"}],"replies":[{"embeddable":true,"href":"https:\/\/www.lagota.ch\/index.php?rest_route=%2Fwp%2Fv2%2Fcomments&post=1037"}],"version-history":[{"count":2,"href":"https:\/\/www.lagota.ch\/index.php?rest_route=\/wp\/v2\/posts\/1037\/revisions"}],"predecessor-version":[{"id":1040,"href":"https:\/\/www.lagota.ch\/index.php?rest_route=\/wp\/v2\/posts\/1037\/revisions\/1040"}],"wp:attachment":[{"href":"https:\/\/www.lagota.ch\/index.php?rest_route=%2Fwp%2Fv2%2Fmedia&parent=1037"}],"wp:term":[{"taxonomy":"category","embeddable":true,"href":"https:\/\/www.lagota.ch\/index.php?rest_route=%2Fwp%2Fv2%2Fcategories&post=1037"},{"taxonomy":"post_tag","embeddable":true,"href":"https:\/\/www.lagota.ch\/index.php?rest_route=%2Fwp%2Fv2%2Ftags&post=1037"}],"curies":[{"name":"wp","href":"https:\/\/api.w.org\/{rel}","templated":true}]}}