{"id":1069,"date":"2011-12-12T01:31:36","date_gmt":"2011-12-11T23:31:36","guid":{"rendered":"http:\/\/www.lagota.ch\/?p=1069"},"modified":"2011-12-12T01:31:36","modified_gmt":"2011-12-11T23:31:36","slug":"demonstranten-an-die-kasse","status":"publish","type":"post","link":"https:\/\/www.lagota.ch\/?p=1069","title":{"rendered":"Demonstranten an die Kasse?"},"content":{"rendered":"<p><strong>Sicherheitskosten auf Demonstranten abw\u00e4lzen &#8211; Ohne uns!<\/strong><\/p>\n<p><a href=\"https:\/\/www.lagota.ch\/wp-content\/uploads\/demoluzern.jpg\"><img loading=\"lazy\" decoding=\"async\" class=\"alignright size-full wp-image-1070\" title=\"demoluzern\" src=\"https:\/\/www.lagota.ch\/wp-content\/uploads\/demoluzern.jpg\" alt=\"\" width=\"376\" height=\"221\" srcset=\"https:\/\/www.lagota.ch\/wp-content\/uploads\/demoluzern.jpg 560w, https:\/\/www.lagota.ch\/wp-content\/uploads\/demoluzern-300x176.jpg 300w\" sizes=\"auto, (max-width: 376px) 100vw, 376px\" \/><\/a>Die Juso Stadt Luzern ist emp\u00f6rt \u00fcber die von der Luzerner Justiz- und Sicherheitsdirektion vorgesehenen Anpassung bez\u00fcglich Sicherheitskosten f\u00fcr Demonstrationen, politische Kundgebungen und alle anderen Veranstaltungen, die im \u00f6ffentlichen Raum stattfinden, die k\u00fcnftig auf die Initianten des Anlasses \u00fcberw\u00e4lzt werden k\u00f6nnen. Ein weiterer antidemokratische Schritt, der nicht akzeptiert werden kann. Dies ist ganz klar ein Versuch, die politischen Freiheiten der B\u00fcrger einzuschr\u00e4nken. Man will politische Gruppen abschreckend davon abhalten ihre Meinung kund zu tun. Die bei einem Polizeieinsatz entstehenden Kosten k\u00f6nnen gerade von Jungparteien niemals getragen werden. So wird auch hier versucht die M\u00f6glichkeit auf Meinungs\u00e4usserung denen vorzubehalten die auf die gr\u00f6ssten finanziellen Mittel zugreifen k\u00f6nnen. Denn eines ist klar: H\u00e4ufig haben Ausschreitungen bei einer politischen Veranstaltung nicht viel mit den Initianten zu tun. Politische Organisationen und auch wir von der Juso propagieren bei solchen Veranstaltungen stets sich korrekt zu verhalten. Wenn sich allerdings einige nicht daran halten, ist es rechtlich gesehen, absolut problematisch den Folgeschaden den Initianten anzulasten, obwohl \u00fcberhaupt keine Verbindung zwischen entstandenem Schaden und den Veranstaltern besteht. Im Falle eines solchen Vorgehens w\u00fcrden wir von der Juso umgehend rechtliche Schritte einleiten um den Entscheid anzufechten. Der Regierungsrat versucht mit diesem Vorgehen elementare Rechte einer Demokratie einzuschr\u00e4nken. Die Juso verurteilt dies aufs sch\u00e4rfste.<\/p>\n<p><a href=\"http:\/\/www.luzernerzeitung.ch\/zentralschweiz\/kantone\/luzern\/Problem-Demo...\" target=\"_blank\">http:\/\/www.luzernerzeitung.ch\/zentralschweiz\/kantone\/luzern\/Problem-Demo&#8230;<\/a><\/p>\n<p>Quelle: <a href=\"http:\/\/luzern.juso.ch\/de\/node\/3192\" target=\"_blank\">http:\/\/luzern.juso.ch\/de\/node\/3192<\/a><\/p>\n","protected":false},"excerpt":{"rendered":"<p>Die Juso Stadt Luzern ist emp\u00f6rt \u00fcber die von der Luzerner Justiz- und Sicherheitsdirektion vorgesehenen Anpassung bez\u00fcglich Sicherheitskosten f\u00fcr Demonstrationen, politische Kundgebungen und alle anderen Veranstaltungen, die im \u00f6ffentlichen Raum stattfinden, die k\u00fcnftig auf die Initianten des Anlasses \u00fcberw\u00e4lzt werden k\u00f6nnen. Ein weiterer antidemokratische Schritt, der nicht akzeptiert werden kann. <a href=\"https:\/\/www.lagota.ch\/?p=1069\">Continue reading <span class=\"meta-nav\">&rarr;<\/span><\/a><\/p>\n","protected":false},"author":1,"featured_media":0,"comment_status":"open","ping_status":"open","sticky":false,"template":"","format":"standard","meta":{"footnotes":""},"categories":[49,3,11,6,16,108],"tags":[193,191,189,192,190],"class_list":["post-1069","post","type-post","status-publish","format-standard","hentry","category-antirep","category-lagota","category-luzern","category-news","category-schweiz","category-wirtschaftskrise","tag-antidemokratisch","tag-demos","tag-juso","tag-kundgebungen","tag-sicherheitskosten"],"_links":{"self":[{"href":"https:\/\/www.lagota.ch\/index.php?rest_route=\/wp\/v2\/posts\/1069","targetHints":{"allow":["GET"]}}],"collection":[{"href":"https:\/\/www.lagota.ch\/index.php?rest_route=\/wp\/v2\/posts"}],"about":[{"href":"https:\/\/www.lagota.ch\/index.php?rest_route=\/wp\/v2\/types\/post"}],"author":[{"embeddable":true,"href":"https:\/\/www.lagota.ch\/index.php?rest_route=\/wp\/v2\/users\/1"}],"replies":[{"embeddable":true,"href":"https:\/\/www.lagota.ch\/index.php?rest_route=%2Fwp%2Fv2%2Fcomments&post=1069"}],"version-history":[{"count":2,"href":"https:\/\/www.lagota.ch\/index.php?rest_route=\/wp\/v2\/posts\/1069\/revisions"}],"predecessor-version":[{"id":1072,"href":"https:\/\/www.lagota.ch\/index.php?rest_route=\/wp\/v2\/posts\/1069\/revisions\/1072"}],"wp:attachment":[{"href":"https:\/\/www.lagota.ch\/index.php?rest_route=%2Fwp%2Fv2%2Fmedia&parent=1069"}],"wp:term":[{"taxonomy":"category","embeddable":true,"href":"https:\/\/www.lagota.ch\/index.php?rest_route=%2Fwp%2Fv2%2Fcategories&post=1069"},{"taxonomy":"post_tag","embeddable":true,"href":"https:\/\/www.lagota.ch\/index.php?rest_route=%2Fwp%2Fv2%2Ftags&post=1069"}],"curies":[{"name":"wp","href":"https:\/\/api.w.org\/{rel}","templated":true}]}}