{"id":1079,"date":"2011-12-14T14:00:17","date_gmt":"2011-12-14T12:00:17","guid":{"rendered":"http:\/\/www.lagota.ch\/?p=1079"},"modified":"2011-12-14T14:00:17","modified_gmt":"2011-12-14T12:00:17","slug":"liebeserklarung-an-eine-luzerner-legende","status":"publish","type":"post","link":"https:\/\/www.lagota.ch\/?p=1079","title":{"rendered":"Liebeserkl\u00e4rung an eine Luzerner Legende"},"content":{"rendered":"<p>Von Cecile Moser, Germanistikstudentin an der UZH und Gastautorin auf die-plattform.ch<\/p>\n<p><a href=\"https:\/\/www.lagota.ch\/wp-content\/uploads\/industriestrasse.jpg\"><img loading=\"lazy\" decoding=\"async\" class=\"alignright size-full wp-image-1080\" title=\"industriestrasse\" src=\"https:\/\/www.lagota.ch\/wp-content\/uploads\/industriestrasse.jpg\" alt=\"\" width=\"559\" height=\"372\" srcset=\"https:\/\/www.lagota.ch\/wp-content\/uploads\/industriestrasse.jpg 559w, https:\/\/www.lagota.ch\/wp-content\/uploads\/industriestrasse-300x199.jpg 300w\" sizes=\"auto, (max-width: 559px) 100vw, 559px\" \/><\/a>Seit \u00fcber dreissig Jahren wird die Industriestrasse 9 als alternatives Wohn- und Kulturzentrum genutzt. Das geschichtstr\u00e4chtige Haus soll im Sommer 2013 einem neuen Bauprojekt weichen, welches den Charakter des Quartiers komplett ver\u00e4ndern wird. Um dieser Luzerner Legende nun ein Denkmal zu setzten, hat die Grafikerin Moira Jurt, die selbst im Haus lebt, zusammen mit der Fotografin Franca Pedrazzetti eine Fotoreportage gestaltet.<\/p>\n<p>Wer selbst schon einmal in der Industriestrasse 9 war, merkt sofort, dass dieses Haus Leben ausstrahlt. Es wird diskutiert, ausgehandelt, zusammen gelebt, Konzerte werden veranstaltet und Vieles mehr. Die kreative Atmosph\u00e4re mit den vielen verschiedenen Bewohnern verk\u00f6rpert alternative und unkonventionelle Lebensformen, die hier nicht nur postuliert, sondern wirklich auch gelebt werden. Dies macht die Industriestrasse 9 zu einem unvergleichlichen Statement von Alternativlebensraum.<\/p>\n<p>W\u00e4hrend der letzten Jahrzehnte pr\u00e4gten vielf\u00e4ltige Gewerbe- und Wohnzwischennutzungen das Strassenbild der Industriestrasse. In der Industriestrasse 9 wurde fr\u00fcher K\u00e4se gelagert und gehandelt. Seit \u00fcber dreissig Jahre wird dieses Haus nun aber alternativ genutzt. Dabei entstand ein alternativer Lebensraum, welcher den Bewohnerinnen und Bewohnern viele Freiheiten zur Gestaltung liess. Die R\u00e4ume wurde umgestaltet, W\u00e4nde wurde verschoben, alles in allem entstand eine unkonventionelle und labyrinthartige Wohnsituation. Das Haus besteht aus Ausstellungsr\u00e4umen, Ateliers, Wohngemeinschaften, Prober\u00e4umen, improvisierten Werkst\u00e4tten und einem Konzertkeller. Dort finden immer wieder verschiedene Veranstaltungen statt, insbesondere Konzerte, selten auch mal Vernissagen, Diskussionsrunden und Kunstperformances.<\/p>\n<p>F\u00fcr viele Luzerner ist die Industriestrasse 9 zu einem beliebten Treffpunkt f\u00fcr alternative Kultur geworden. Deshalb werden es wohl nicht nur die Bewohner selbst bedauern, wenn das Haus dem neuen Bauprojekt weichen muss. Die Stadt Luzern schrieb einen Investorenwettbewerb f\u00fcr das Industrieareal aus, da ein Umbau stattfinden soll. Gewonnen hat dabei eine Investorengruppe aus Z\u00fcrich, deren Projekt das Quartier radikal ver\u00e4ndern wird.<\/p>\n<p>Deshalb beschloss die Bewohnerin und Graphikerin Moira Jurt, ein Portrait dieses Hauses zu gestalten, um ihrem geliebten Haus, das sie seit \u00fcber acht Jahren bewohnt, ein Denkmal zu setzten. Zusammen mit der Fotografin Franca Pedrazzetti entstand ein 64-seitiger Fotoband, der die aktuelle Wohnform und die Bewohnerinnen und Bewohner portr\u00e4tieren soll. \u201eObschon die dreissig j\u00e4hrige Geschichte des Hauses viel Stoff f\u00fcr eine historische Abhandlung bieten w\u00fcrde, haben wir uns f\u00fcr eine Momentaufnahme entschieden. Sie soll als Lebenszeichen wahrgenommen werden. Wir wollten so ein Zeichen und eine Erinnerung schaffen\u201c, erkl\u00e4rt Moira Jurt. W\u00e4hrend eines Jahres begleitete die Fotografin das Haus und ihre Lebensgemeinschaft.<\/p>\n<p>Die Buchvernissage findet am Freitag, 16. Dezember im Kellergeschoss der Industriestrasse 9 statt, Beginn um 19 Uhr. \u201eEs wird eine klassische Vernissage im kleinen Stil geben, mit Ap\u00e8ro, Anrede, Buchverkauf und anschliessendem DJ. Willkommen sind alle die in \u00e4hnlichen Wohn- und Lebenskulturen stehen, Kulturinteressierte, Bauplaner, Stadtentwickler sowie Freunde der Industriestrasse 9.\u201c, so Moira. Also lasst euch inspirieren von dem gelungenen Fotoband f\u00fcr vielleicht \u00e4hnliche Projekte, um wieder neuen alternativen Lebensraum zu schaffen. \u201eIch w\u00fcnschte, es g\u00e4be noch mehr H\u00e4user wie dieses. Noch mehr Menschen, die einsehen, dass Zeit unser einzig wahrer Reichtum ist und dass es Oasen wie die Industriestrasse 9 braucht, um Menschenherzen zu n\u00e4hren und sie nicht st\u00e4ndig dazu zu zwingen, mehr Geld zu verdienen. So h\u00e4tten wir Raum, eigenen Projekte zu verfolgen, Kunst zu machen, Veranstaltungen zu organisieren und so weiter.\u201c<\/p>\n<p>Vernissage: Freitag, 16. Dezember ab 19:00 Uhr, Industriestrasse 9<\/p>\n<p>Buchverkauf: www.moirajurt.ch oder an der Vernissage<\/p>\n<p>Quelle: <a href=\"Quelle: http:\/\/www.die-plattform.ch\/2011\/12\/liebeserklarung-an-eine-luzerner-legende\/\" target=\"_blank\">http:\/\/www.die-plattform.ch\/2011\/12\/liebeserklarung-an-eine-luzerner-legende\/<\/a><\/p>\n","protected":false},"excerpt":{"rendered":"<p>Seit \u00fcber dreissig Jahren wird die Industriestrasse 9 als alternatives Wohn- und Kulturzentrum genutzt. Das geschichtstr\u00e4chtige Haus soll im Sommer 2013 einem neuen Bauprojekt weichen, welches den Charakter des Quartiers komplett ver\u00e4ndern wird. Um dieser Luzerner Legende nun ein Denkmal zu setzten, hat die Grafikerin Moira Jurt, die selbst im Haus lebt, zusammen mit der Fotografin Franca Pedrazzetti eine Fotoreportage gestaltet. <a href=\"https:\/\/www.lagota.ch\/?p=1079\">Continue reading <span class=\"meta-nav\">&rarr;<\/span><\/a><\/p>\n","protected":false},"author":1,"featured_media":0,"comment_status":"open","ping_status":"open","sticky":false,"template":"","format":"standard","meta":{"footnotes":""},"categories":[11,6,18],"tags":[195,198,194,196,1148,197],"class_list":["post-1079","post","type-post","status-publish","format-standard","hentry","category-luzern","category-news","category-squat-the-world","tag-alternativ","tag-bauprojekt","tag-industriestrasse","tag-kulturzentrum","tag-luzern","tag-wohnzentrum"],"_links":{"self":[{"href":"https:\/\/www.lagota.ch\/index.php?rest_route=\/wp\/v2\/posts\/1079","targetHints":{"allow":["GET"]}}],"collection":[{"href":"https:\/\/www.lagota.ch\/index.php?rest_route=\/wp\/v2\/posts"}],"about":[{"href":"https:\/\/www.lagota.ch\/index.php?rest_route=\/wp\/v2\/types\/post"}],"author":[{"embeddable":true,"href":"https:\/\/www.lagota.ch\/index.php?rest_route=\/wp\/v2\/users\/1"}],"replies":[{"embeddable":true,"href":"https:\/\/www.lagota.ch\/index.php?rest_route=%2Fwp%2Fv2%2Fcomments&post=1079"}],"version-history":[{"count":2,"href":"https:\/\/www.lagota.ch\/index.php?rest_route=\/wp\/v2\/posts\/1079\/revisions"}],"predecessor-version":[{"id":1082,"href":"https:\/\/www.lagota.ch\/index.php?rest_route=\/wp\/v2\/posts\/1079\/revisions\/1082"}],"wp:attachment":[{"href":"https:\/\/www.lagota.ch\/index.php?rest_route=%2Fwp%2Fv2%2Fmedia&parent=1079"}],"wp:term":[{"taxonomy":"category","embeddable":true,"href":"https:\/\/www.lagota.ch\/index.php?rest_route=%2Fwp%2Fv2%2Fcategories&post=1079"},{"taxonomy":"post_tag","embeddable":true,"href":"https:\/\/www.lagota.ch\/index.php?rest_route=%2Fwp%2Fv2%2Ftags&post=1079"}],"curies":[{"name":"wp","href":"https:\/\/api.w.org\/{rel}","templated":true}]}}