{"id":109,"date":"2010-10-02T09:57:01","date_gmt":"2010-10-02T07:57:01","guid":{"rendered":"http:\/\/www.lagota.ch\/?p=109"},"modified":"2010-10-02T09:57:01","modified_gmt":"2010-10-02T07:57:01","slug":"aufstand-der-schwaben-teil-1","status":"publish","type":"post","link":"https:\/\/www.lagota.ch\/?p=109","title":{"rendered":"Aufstand der Schwaben. Teil 1"},"content":{"rendered":"<p><img loading=\"lazy\" decoding=\"async\" class=\"alignright\" title=\"Stuttgart 21\" src=\"http:\/\/www.trueten.de\/gallery2\/d\/24990-3\/IMG_5554.jpg\" alt=\"\" width=\"150\" height=\"100\" \/>Bilder und Text von <a href=\"http:\/\/www.trueten.de\/permalink\/Aufstand-der-Schwaben.html\" target=\"_blank\">Thomas Trueten<\/a><br \/>\nZuerst ver\u00f6ffentlicht in: <a href=\"http:\/\/www.graswurzel.net\/\" target=\"_blank\">Graswurzelrevolution Nr. 352<\/a><\/p>\n<p>Das bis zu 12 Milliarden Euro schwere Projekt &#8220;Stuttgart 21&#8221; und vor allem die sich st\u00e4ndig ausweitenden Proteste zehntausender Menschen ist inzwischen bundesweit ein Thema. Der vorhandene oberirdische Kopfbahnhof soll in einen unterirdischen Durchgangsbahnhof umgebaut werden. Dazu ist unter anderem der Abbruch eines Teils des denkmalgesch\u00fctzten Bahnhofgeb\u00e4udes sowie die Abholzung hunderter uralter B\u00e4ume im angrenzenden Schlosspark \u2013 der gr\u00fcnen Lunge und Naherholungsgebiet der Stadt &#8211; n\u00f6tig. Mit dem Verkauf der frei werdenden Fl\u00e4chen erhofften sich die Stadt und Investoren riesige Gewinne auf lange Zeit und die Selbstfinanzierung des Projekts. Der \u00f6ffentliche Nah- und G\u00fcterverkehr spielte dabei eine untergeordnete Rolle.<\/p>\n<p>S21 ist ein gigantisches Umverteilungsprojekt, f\u00fcr das die \u00f6ffentlichen Haushalte des Bundes, des Landes und der Stadt ausgepl\u00fcndert werden. Zum Ende der 90er Jahre stellte die Deutsche Bahn trotz verbindlicher Vertr\u00e4ge die Planungen zu S21 wegen Unwirtschaftlichkeit und mangelnder Notwendigkeit ein. Es fehlten laut einer internen Wirtschaftlichkeitsrechnung des Projekts bis zu 79 Millionen Euro. Damit drohte das Aus f\u00fcr &#8220;Stuttgart 21&#8221;.<\/p>\n<p>Mit dem Abschluss eines &#8220;gro\u00dfen Verkehrsvertrages&#8221; zwischen dem Land und der Bahn wurden im Vergleich zu anderen Bundesl\u00e4ndern erheblich h\u00f6here Subventionen vereinbart.<\/p>\n<p>Das war nicht die einzige Finanzspritze: <a href=\"http:\/\/www.stuttgarter-nachrichten.de\/inhalt.landesregierung-s-21-mit-grossauftrag-erkauft.840431f7-9b8f-4ce4-aca7-b04a74420521.html\" target=\"_blank\">Um S21 zu stabilisieren, st\u00fctzte der Flughafen Stuttgart 2008 die Bahn mit 112 Millionen Euro und die Stadt verzichtete 2007 auf 212 Millionen Euro Sollzinsen der Bahn<\/a>.<br \/>\nUnd das in Zeiten, in denen wegen angeblich leerer Kassen an allen Ecken &#8220;gespart&#8221; wird, also Kahlschlag bei noch vorhandenen Resten sozialer Errungenschaften stattfindet.<\/p>\n<p>Organisiert wird das von dem als &#8220;Sp\u00e4tzlesconnection&#8221; bekannt gewordenen <a href=\"http:\/\/stuttgart-21-kartell.org\/\" target=\"_blank\">Kartell<\/a>, das mit P\u00f6stchen und Auftragsschieberei den kapitalistischen Normalzustand kennzeichnet.<\/p>\n<p>Zuletzt erregte der Fall eines der Hauptbef\u00fcrworter des Projektes, des <a href=\"http:\/\/www.stuttgarter-nachrichten.de\/inhalt.finanzbuergermeister-michael-foell-beraet-bauunternehmen.3c9adcea-931a-4dee-98fb-28f786a49426.html\" target=\"_blank\">Finanzb\u00fcrgermeisters<\/a> der Stadt Stuttgart, Michael F\u00f6ll (CDU) Aufsehen. Er sa\u00df mit Genehmigung des Oberb\u00fcrgermeisters Schuster im Beirat der mit dem Abbruch des Bahnhofs beauftragten Firma &#8220;<a href=\"http:\/\/www.bei-abriss-aufstand.de\/2010\/08\/03\/wolff-muller-zahlt-keine-mindestlohne\/\" target=\"_blank\">Wolff &amp; M\u00fcller<\/a>&#8221; und <a href=\"http:\/\/www.stuttgarter-zeitung.de\/stz\/page\/2586509_0_4001%3C\/u%3E-kommentar-zu-foells-rueckzug-zur-einsicht-gezwungen.html\" target=\"_blank\">legte diesen Posten erst nach Protesten nieder<\/a>.<\/p>\n<p><a href=\"https:\/\/secure.wikimedia.org\/wikipedia\/de\/wiki\/Lothar_Sp%C3%A4th\" target=\"_blank\"><img loading=\"lazy\" decoding=\"async\" class=\"alignright\" title=\"Gleisbesetzung\" src=\"http:\/\/www.trueten.de\/uploads\/IMG_5353.jpg\" alt=\"\" width=\"256\" height=\"384\" \/>Lothar Sp\u00e4th<\/a>, ehemaliger Ministerpr\u00e4sident, ist <a href=\"https:\/\/secure.wikimedia.org\/wikipedia\/de\/wiki\/Herrenknecht\" target=\"_blank\">Aufsichtsratsvorsitzender des Tunnelbohrers Herrenknecht<\/a>, das Arbeitsverh\u00e4ltnis des <a href=\"http:\/\/www.swp.de\/ulm\/nachrichten\/suedwestumschau\/art4319,566510\" target=\"_blank\">Siemens Angestellten und jetzigen Ministerpr\u00e4sidenten Mappus ruht<\/a> dagegen. Das Land Baden-W\u00fcrttemberg und die Stadt Stuttgart sind zusammen mit <a href=\"http:\/\/www.welt.de\/wirtschaft\/article3700639\/LBBW-Chef-Jaschinski-muss-seinen-Posten-raeumen.html\" target=\"_blank\">40 Prozent Miteigent\u00fcmer<\/a> der Landesbank Baden W\u00fcrttemberg (LBBW). Bei diesen sind die Medienunternehmen <a href=\"https:\/\/secure.wikimedia.org\/wikipedia\/de\/wiki\/S%C3%BCdwestdeutsche_Medien_Holding\" target=\"_blank\">\u201eS\u00fcdwestdeutsche Medien Holding\u201c (SWMH)<\/a> und \u201e<a href=\"http:\/\/www.mein-parteibuch.com\/wiki\/S%C3%BCdwestdeutsche_Medien_Holding\" target=\"_blank\">Schwarzw\u00e4lder Bote Mediengesellschaft mbH<\/a>\u201c (SBM) mit Krediten verschuldet. Sie sind Herausgeber unter anderem der \u201e<a href=\"https:\/\/secure.wikimedia.org\/wikipedia\/de\/wiki\/Stuttgarter_Zeitung\" target=\"_blank\">Stuttgarter Zeitung<\/a>\u201c, der \u201e<a href=\"https:\/\/secure.wikimedia.org\/wikipedia\/de\/wiki\/Stuttgarter_Nachrichten\" target=\"_blank\">Stuttgarter Nachrichten<\/a>\u201c und der \u201e<a href=\"https:\/\/secure.wikimedia.org\/wikipedia\/de\/wiki\/S%C3%BCddeutsche_Zeitung\" target=\"_blank\">S\u00fcddeutschen Zeitung<\/a>\u201c. Dem Verleger Dr. Richard Rebmann hatte der <a href=\"https:\/\/secure.wikimedia.org\/wikipedia\/de\/wiki\/Wolfgang_Schuster\" target=\"_blank\">Stuttgarter Oberb\u00fcrgermeister Schuster<\/a> einen <a href=\"http:\/\/stuttgart-21-kartell.org\/allgemein\/richard-rebmann\" target=\"_blank\">Posten im Verwaltungsrat der Landesbank angeboten<\/a>.<\/p>\n<p>Von Beginn an hatte das Projekt seine Gegner. Waren diese Mitte der 1990er Jahre in der Minderheit, f\u00fchrte der Protest in der neueren Zeit dazu, dass er stark anwuchs. Eine der gr\u00f6\u00dften Protestdemonstrationen fand am <a href=\"http:\/\/www.robinwood.de\/blog\/aktion\/2010\/09\/uber-60-000-bei-demo-gegen-s21\/\" target=\"_blank\">3. September mit \u00fcber 65.000 TeilnehmerInnen statt<\/a>.<\/p>\n<p>Die Arroganz, mit der die im Stuttgarter Gemeinderat bis dahin mehrheitliche CDU \u00fcber diese Proteste hinweg ging, sorgte f\u00fcr deren <a href=\"http:\/\/www.focus.de\/politik\/deutschland\/wahlen-2009\/tid-14501\/kommunalwahlen-stuttgart-wird-gruen_aid_406168.html\" target=\"_blank\">Abwahl bei den Kommunalwahlen in Stuttgart<\/a> im vergangenen Jahr. Neben der Ablehnung von S21 ist f\u00fcr viele der Umgang mit ihren Forderungen Ausschlag gebend. Bei kaum einem anderen Ereignis machen mehr Menschen ganz praktische Erfahrungen mit kapitalistischen Herrschaftsprinzipien und ihrer Rolle darin. Obwohl in Stuttgart <a href=\"http:\/\/www.spiegel.de\/wirtschaft\/soziales\/0,1518,715030,00.html\" target=\"_blank\">67.000 Menschen einen B\u00fcrgerentscheid zu \u201eStuttgart 21\u201c forderten<\/a>, hat der Stuttgarter Gemeinderat diesen abgelehnt, das Regierungspr\u00e4sidium und das Verwaltungsgericht ihn f\u00fcr juristisch unzul\u00e4ssig erkl\u00e4rt.<\/p>\n<p>Auch wenn von prominenten Vertretern der Proteste mit Parolen wie &#8220;Wessen Polizei? \u2013 Unsere Polizei!&#8221; Illusionen \u00fcber den Charakter des Staates und seiner Machtorgane verbreitet werden: Immer mehr Menschen machen die Erfahrung dass es n\u00f6tig und m\u00f6glich ist, selbst Politik statt nur ein Kreuzchen auf dem Wahlzettel zu machen.<\/p>\n<p>Die Parteien \u00fcberbieten sich dabei gegenseitig in den Versuchen, den Protest mit der Orientierung auf die Landtagswahl im kommenden Jahr in &#8220;demokratische Bahnen&#8221; zu lenken, mittels &#8220;Moratorien&#8221; und <a href=\"http:\/\/stuttgarterappell.de\/\" target=\"_blank\">Appellen<\/a> an die &#8220;Vernunft&#8221; der Verantwortlichen. Deren Vernunft hei\u00dft jedoch Durchsetzung des Projektes mit aller Macht. Und so wird auch versucht, die Protestbewegung durch <a href=\"http:\/\/www.stuttgarter-nachrichten.de\/inhalt.stuttgart-21-polizei:-es-wurden-grenzen-ueberschritten.caf87248-7a74-4e21-8b45-87f5b3fd09c1.html\" target=\"_blank\">Kriminalisierungs- und Diffamierungsversuche<\/a> zu spalten und damit wirkungslos zu machen. So <a href=\"http:\/\/www.augsburger-allgemeine.de\/Home\/Nachrichten\/Politik\/Artikel,-Stuttgart-21-Jetzt-ist-der-Geheimdienst-taetig-_arid,2232092_regid,2_puid,2_pageid,4290.html\" target=\"_blank\">rief die Beteiligung linker und anarchistischer Kr\u00e4fte bereits Verfassungssch\u00fctzer auf den Plan<\/a>.<\/p>\n<p>Die Palette reicht vom (widerlegten) Ger\u00fccht, dass mit den fast schon allt\u00e4glichen Massenblockaden von Bundes- und Hauptstra\u00dfen <a href=\"http:\/\/www.welt.de\/vermischtes\/article9351470\/Tod-einer-Frau-Stuttgart-21-Gegner-entlastet.html\" target=\"_blank\">Krankenw\u00e4gen mit Todesfolge blockiert<\/a> worden seien bis hin zu angeblichen Morddrohungen gegen prominente S21 Bef\u00fcrworter. Diese seien gegen den PR Beauftragten des Projektes, <a href=\"http:\/\/stuttgart-21-kartell.org\/allgemein\/wolfgang-drexler\" target=\"_blank\">Wolfgang Drexler<\/a> (SPD) gerichtet worden, <a href=\"http:\/\/www.esslinger-zeitung.de\/lokal\/esslingen\/esslingen\/Artikel597130.cfm\" target=\"_blank\">wie er selbst erkl\u00e4rte<\/a>. Drexler ist nicht <a href=\"http:\/\/www.wolfgang-drexler.de\/index.php?docid=16&amp;pdf=default\" target=\"_blank\">nur Sprecher des Bahnprojektes<\/a>, sondern auch Landtagsvizepr\u00e4sident.<\/p>\n<p>Eine Herausforderung an die Protestbewegung ist, dass wesentliche Schichten der Bev\u00f6lkerung noch gar nicht in die Auseinandersetzung aktiv einbezogen sind. Der \u00f6ffentliche Nahverkehr wird von Besch\u00e4ftigten der Daimler Werke in Stuttgart und Sindelfingen genutzt. Diese sind bereits jetzt \u00fcber unzureichende Fahrpl\u00e4ne und Preise direkt betroffen. W\u00e4hrend der Daimler Vorstandsvorsitzende <a href=\"http:\/\/stuttgart-21-kartell.org\/tag\/dieter-zetsche\" target=\"_blank\">Dieter Zetsche aktiv bei der Initiative Pro Stuttgart 21<\/a> ist, sind die Gewerkschaften, vor allem die IG Metall &#8211; au\u00dfer durch Beschl\u00fcsse einiger Ortsverb\u00e4nde &#8211; nicht an den Protesten beteiligt. So gibt es zwar eine Initiative &#8220;<a href=\"http:\/\/gewerkschaftergegens21.de\/\" target=\"_blank\">Gewerkschafter gegen Stuttgart 21<\/a>&#8220;, diese wendet sich aber in ihrer \u00d6ffentlichkeitsarbeit mit der Einrichtung einer Hotline f\u00fcr Abrissarbeiter und PolizistInnen, die &#8220;Probleme&#8221; mit S21-Gegnern haben, nicht an die Masse der Besch\u00e4ftigten.<\/p>\n<p><img loading=\"lazy\" decoding=\"async\" class=\"alignleft\" style=\"border: 0pt none; margin: 2px;\" title=\"Stuttgart21\" src=\"http:\/\/www.trueten.de\/gallery2\/d\/24866-3\/IMG_5267.jpg\" alt=\"\" width=\"100\" height=\"150\" \/>N\u00f6tig w\u00e4re hier die Mobilisierung der Zehntausende Menschen z\u00e4hlenden Belegschaften von Bosch, Daimler usw. Wenn es gel\u00e4nge, in diesen Betrieben beginnend mit Aktionen wie Pausenverl\u00e4ngerungen und &#8220;Fr\u00fchschluss&#8221;- Aktionen einen \u00f6konomischen Druck aufzubauen, w\u00fcrden die Proteste eine enorme Schubkraft erfahren.<\/p>\n<p>Notwendig ist unbedingt die Einbeziehung von MigrantInnen in die Proteste. Trotz hohem Bev\u00f6lkerungsanteil gibt es bislang kaum \u00dcbersetzungen wichtiger Texte in andere Sprachen.<\/p>\n<p>Das f\u00fchrt dazu, dass die soziale Frage in den Protesten eher unterbelichtet ist. Gerade die ArbeiterInnen, MigrantInnen und die Erwerbslosen sind es aber, die f\u00fcr S21 zur Kasse gebeten werden, die von steigenden Steuern und Abgaben in besonderem Ma\u00dfe betroffen sind, die auf kommunale Dienstleistungen die zu Gunsten des Projekts zur Disposition stehen, existenziell angewiesen sind. Die sogenannte &#8220;Stadtgesellschaft&#8221; ist eben nicht nur deutsch, wohlhabend und kreativ t\u00e4tig, sondern auch t\u00fcrkischer Herkunft, arm und Flie\u00dfbandarbeiter.<\/p>\n<p>Zum Ausdruck kommen diese Probleme in der organisatorischen Struktur der Bewegung, die von einigen Stellvertretern dominiert wird. Notwendig ist die \u00dcberwindung der Beschr\u00e4nkung auf den Informationsaustausch und die Schaffung von basisorientierten Strukturen, beispielsweise in Form von Widerstandsgruppen gegen S21.<\/p>\n<p>Der massenhaften Beteiligung an Demos, Menschenketten, dem Verteilen von Informationsmaterial, Aufklebern usw. steht eine relativ kleine Zahl fortgeschrittener AktivistInnen gegen\u00fcber die Bauzaun\u00fcberwindung, Baum- und Baggerbesetzungen machen. Dazwischen herrscht oft Ratlosigkeit.<\/p>\n<p>Ein positives Beispiel f\u00fcr eine Verbindung direkter Aktionen mit Massenprotesten war die <a href=\"http:\/\/www.trueten.de\/archives\/6275-Stuttgart-Tausende-am-Tag-X-gegen-Abbruch-Innenstadt-blockiert.html\" target=\"_blank\">Gleisbesetzung<\/a>, mit dem die Abfahrt des TGV verz\u00f6gert wurde. W\u00e4hrend die eigentliche Blockade nach einigen Minuten beendet wurde, verhinderten Hunderte auf dem Bahnsteig die Abfahrt des Zuges. Nicht umsonst werden die Bahnsteige bei den Protesten inzwischen von Polizei abgeriegelt, die nur kontrollierte Passagiere durchlassen.<\/p>\n<p>Aber die Gleise sind lang&#8230;<\/p>\n<p>Weiterf\u00fchrende Links und Quellen:<\/p>\n<p>Bei Abriss Aufstand: <a href=\"http:\/\/www.beiabrissaufstand.de\" target=\"_blank\">http:\/\/www.beiabrissaufstand.de<\/a><br \/>\nDie Parksch\u00fctzer: <a href=\"http:\/\/www.parkschuetzer.de\" target=\"_blank\">http:\/\/www.parkschuetzer.de<\/a><br \/>\nKopfbahnhof B\u00fcndnis: <a href=\"http:\/\/www.kopfbahnhof-21.de\" target=\"_blank\">http:\/\/www.kopfbahnhof-21.de<\/a><br \/>\nDas Stuttgart 21-Kartell: <a href=\"http:\/\/stuttgart-21-kartell.org\" target=\"_blank\">http:\/\/stuttgart-21-kartell.org<\/a><br \/>\nWebcam zum Nordfl\u00fcgel und den Protesten: <a href=\"http:\/\/www.fluegel.tv\" target=\"_blank\">http:\/\/www.fluegel.tv<\/a><\/p>\n<address><span style=\"color: #0000ff;\">Bei Verwendung der Bilder bitte zuerst beim <a href=\"http:\/\/www.trueten.de\/\" target=\"_blank\">Urheber<\/a> nachfragen!<\/span><\/address>\n","protected":false},"excerpt":{"rendered":"<p>Das bis zu 12 Milliarden Euro schwere Projekt &#8220;Stuttgart 21&#8221; und vor allem die sich st\u00e4ndig ausweitenden Proteste zehntausender Menschen ist inzwischen bundesweit ein Thema. Der vorhandene oberirdische Kopfbahnhof soll in einen unterirdischen Durchgangsbahnhof umgebaut werden. Dazu ist unter anderem der Abbruch eines Teils des denkmalgesch\u00fctzten Bahnhofgeb\u00e4udes sowie die Abholzung hunderter uralter B\u00e4ume im angrenzenden Schlosspark \u2013 der gr\u00fcnen Lunge und Naherholungsgebiet der Stadt &#8211; n\u00f6tig. Mit dem Verkauf der frei werdenden Fl\u00e4chen erhofften sich die Stadt und Investoren riesige Gewinne auf lange Zeit und die Selbstfinanzierung des Projekts. Der \u00f6ffentliche Nah- und G\u00fcterverkehr spielte dabei eine untergeordnete Rolle.  <a href=\"https:\/\/www.lagota.ch\/?p=109\">Continue reading <span class=\"meta-nav\">&rarr;<\/span><\/a><\/p>\n","protected":false},"author":1,"featured_media":0,"comment_status":"open","ping_status":"open","sticky":false,"template":"","format":"standard","meta":{"footnotes":""},"categories":[10,6],"tags":[],"class_list":["post-109","post","type-post","status-publish","format-standard","hentry","category-aus-aller-welt","category-news"],"_links":{"self":[{"href":"https:\/\/www.lagota.ch\/index.php?rest_route=\/wp\/v2\/posts\/109","targetHints":{"allow":["GET"]}}],"collection":[{"href":"https:\/\/www.lagota.ch\/index.php?rest_route=\/wp\/v2\/posts"}],"about":[{"href":"https:\/\/www.lagota.ch\/index.php?rest_route=\/wp\/v2\/types\/post"}],"author":[{"embeddable":true,"href":"https:\/\/www.lagota.ch\/index.php?rest_route=\/wp\/v2\/users\/1"}],"replies":[{"embeddable":true,"href":"https:\/\/www.lagota.ch\/index.php?rest_route=%2Fwp%2Fv2%2Fcomments&post=109"}],"version-history":[{"count":2,"href":"https:\/\/www.lagota.ch\/index.php?rest_route=\/wp\/v2\/posts\/109\/revisions"}],"predecessor-version":[{"id":111,"href":"https:\/\/www.lagota.ch\/index.php?rest_route=\/wp\/v2\/posts\/109\/revisions\/111"}],"wp:attachment":[{"href":"https:\/\/www.lagota.ch\/index.php?rest_route=%2Fwp%2Fv2%2Fmedia&parent=109"}],"wp:term":[{"taxonomy":"category","embeddable":true,"href":"https:\/\/www.lagota.ch\/index.php?rest_route=%2Fwp%2Fv2%2Fcategories&post=109"},{"taxonomy":"post_tag","embeddable":true,"href":"https:\/\/www.lagota.ch\/index.php?rest_route=%2Fwp%2Fv2%2Ftags&post=109"}],"curies":[{"name":"wp","href":"https:\/\/api.w.org\/{rel}","templated":true}]}}