{"id":1150,"date":"2012-01-16T18:35:10","date_gmt":"2012-01-16T17:35:10","guid":{"rendered":"http:\/\/www.lagota.ch\/?p=1150"},"modified":"2012-01-16T18:35:10","modified_gmt":"2012-01-16T17:35:10","slug":"munchen-mehr-als-60-jugendliche-im-hungerstreik","status":"publish","type":"post","link":"https:\/\/www.lagota.ch\/?p=1150","title":{"rendered":"M\u00fcnchen: Mehr als 60 Jugendliche im Hungerstreik"},"content":{"rendered":"<p><a href=\"https:\/\/www.lagota.ch\/wp-content\/uploads\/gefangen.jpg\"><img loading=\"lazy\" decoding=\"async\" class=\"alignright size-full wp-image-1151\" title=\"gefangen\" src=\"https:\/\/www.lagota.ch\/wp-content\/uploads\/gefangen.jpg\" alt=\"\" width=\"300\" height=\"285\" \/><\/a>Seit mehreren Tagen befinden sich \u00fcber 60 Jugendliche in der M\u00fcnchner  Gemeinschaftsunterkunft Bayernkaserne in der Heidemannstra\u00dfe im  Hungerstreik, um gegen die menschenunw\u00fcrdige Unterbringung dort und f\u00fcr  eine kindgerechte Behandlung zu demonstrieren. \u201eViele Leute in der  Bayernkaserne bekommen psychische Probleme. (siehe dazu einen Artikel <a href=\"http:\/\/bayern.jogspace.net\/2011\/05\/29\/living-in-bayern-kaserne\/\">hier<\/a> vom 29. Mai 2011) Sie bekommen dann nur eine Tablette, aber die  unertr\u00e4gliche Situation wird nicht ge\u00e4ndert. Deswegen sind wir in den  Hungerstreik getreten.\u201c Die Jugendlichen haben eine Liste mit ihren  dringendsten Problemen erarbeitet und sich damit zun\u00e4chst an ihre  Betreuer gewandt. Diese konnten ihnen jedoch nicht helfen und verwiesen  an die verantwortlichen Stellen bei Regierung und Jugendamt. Die  Jugendlichen fordern deshalb: \u201eWir m\u00f6chten, dass die Verantwortlichen zu  uns kommen und sich selbst ein Bild von unserer Situation machen. Wir  wollen selbst mit ihnen \u00fcber unsere Probleme sprechen!\u201c<\/p>\n<p>Am 10.01.2012 kamen Vertreter der Regierung von Oberbayern, des  Jugendamtes, der Vorm\u00fcnder, das Betreuungspersonal der Inneren Mission  in die Bayernkaserne, um mit den streikenden Jugendlichen zu sprechen.  Die Verhandlungen blieben erfolglos, die Forderungen der Jugendlichen  k\u00f6nnen und wollen nicht im Ansatz erf\u00fcllt werden. Am Abend schlossen  sich bereits 30 weitere Jugendlichen dem Hungerstreik an. \u201eWir werden  weiter streiken, bis sie unsere Forderungen ernst nehmen und handeln!\u201c<\/p>\n<p><em>Sp\u00e4testens jetzt muss klar sein, dass dringender Handlungsbedarf besteht.<\/em><br \/>\nDie Karawane M\u00fcnchen f\u00fcr die Rechte der Fl\u00fcchtlinge und MigrantInnen,  Jugendliche ohne Grenzen Bayern, der M\u00fcnchner Fl\u00fcchtlingsrat, Nako! Stop  Deportation to Afghanistan und der Bundesfachverband Unbegleitete  Minderj\u00e4hrige Fl\u00fcchtlinge e.V. solidarisieren sich mit den Jugendlichen  in der Bayernkaserne und unterst\u00fctzen deren Forderungen.<br \/>\nIn der Bayernkaserne, einer ehemaligen Bundeswehrkaserne im M\u00fcnchner  Euro-Industriepark, kann eine kindgerechte Behandlung der minderj\u00e4hrigen  Fl\u00fcchtlinge in keinster Weise gew\u00e4hrleistet werden. Die Jugendlichen  leben unter unertr\u00e4glichen hygienischen Bedingungen, bekommen  Essenspakete mit teilweise abgelaufenem Essen und m\u00fcssen sich zu viert  ein Zimmer teilen.<br \/>\nDer Transfer in eine Jugendhilfeeinrichtung innerhalb M\u00fcnchens, der  eigentlich innerhalb von drei Monaten vollzogen werden m\u00fcsste, dauert  oftmals bis zu einem Jahr. Die Jugendlichen bekommen auch keine  deutlichen Antworten, was mit ihnen passiert und wann ihr Transfer in  die Jugendhilfe vollzogen wird. Hier besteht dringender Handlungsbedarf,  da das Jugendamt verpflichtet ist, bei Jugendhilfebedarf, einen Platz  in der Jugendhilfe in M\u00fcnchen bereitzustellen.<\/p>\n<p>Die Jugendlichen, die meist eine lange und traumatische Flucht hinter  sich haben, finden in der Freundschaft untereinander den einzigen Halt,  der ihnen keinesfalls durch eine Umverteilung in ganz Bayern genommen  werden darf. Den Jugendlichen muss eine klare Perspektive geboten  werden, statt sie in dem Lager in der Bayernkaserne dahinsiechen zu  lassen.<br \/>\nWeiterhin problematisieren die Jugendlichen das unzureichende  Platzangebot f\u00fcr Deutschkurse, sowie den mangelnden Zugang zu  Bildungsangeboten. Sie k\u00e4mpfen f\u00fcr ihr Recht auf Bildung, konkret ein  altersgem\u00e4\u00dfes und \u00fcbergangsloses Angebot von Deutschkursen und den  Besuch von normalen Schulen. Hinzu kommen viele weitere Probleme, wie zu  wenig Betreuer und Vorm\u00fcnder, die schlechten Lebensbedingungen in der  Bayernkaserne und nat\u00fcrlich auch der unsichere Aufenthaltstatus. Vor  allem fordern die Jugendlichen einen respektvollen Umgang der Beh\u00f6rden  mit ihnen.<\/p>\n<p>Quelle: <a href=\"http:\/\/linksunten.indymedia.org\/de\/node\/53289\" target=\"_blank\">http:\/\/linksunten.indymedia.org\/de\/node\/53289<\/a><\/p>\n","protected":false},"excerpt":{"rendered":"<p>Seit mehreren Tagen befinden sich \u00fcber 60 Jugendliche in der M\u00fcnchner Gemeinschaftsunterkunft Bayernkaserne in der Heidemannstra\u00dfe im Hungerstreik, um gegen die menschenunw\u00fcrdige Unterbringung dort und f\u00fcr eine kindgerechte Behandlung zu demonstrieren. \u201eViele Leute in der Bayernkaserne bekommen psychische Probleme. (siehe dazu einen Artikel hier vom 29. Mai 2011) Sie bekommen dann nur eine Tablette, aber die unertr\u00e4gliche Situation wird nicht ge\u00e4ndert. Deswegen sind wir in den Hungerstreik getreten.\u201c Die Jugendlichen haben eine Liste mit ihren dringendsten Problemen erarbeitet und sich damit zun\u00e4chst an ihre Betreuer gewandt. <a href=\"https:\/\/www.lagota.ch\/?p=1150\">Continue reading <span class=\"meta-nav\">&rarr;<\/span><\/a><\/p>\n","protected":false},"author":1,"featured_media":0,"comment_status":"open","ping_status":"open","sticky":false,"template":"","format":"standard","meta":{"footnotes":""},"categories":[49,172,6],"tags":[219,218],"class_list":["post-1150","post","type-post","status-publish","format-standard","hentry","category-antirep","category-gefangeneninfos","category-news","tag-hungerstreik","tag-munchen"],"_links":{"self":[{"href":"https:\/\/www.lagota.ch\/index.php?rest_route=\/wp\/v2\/posts\/1150","targetHints":{"allow":["GET"]}}],"collection":[{"href":"https:\/\/www.lagota.ch\/index.php?rest_route=\/wp\/v2\/posts"}],"about":[{"href":"https:\/\/www.lagota.ch\/index.php?rest_route=\/wp\/v2\/types\/post"}],"author":[{"embeddable":true,"href":"https:\/\/www.lagota.ch\/index.php?rest_route=\/wp\/v2\/users\/1"}],"replies":[{"embeddable":true,"href":"https:\/\/www.lagota.ch\/index.php?rest_route=%2Fwp%2Fv2%2Fcomments&post=1150"}],"version-history":[{"count":2,"href":"https:\/\/www.lagota.ch\/index.php?rest_route=\/wp\/v2\/posts\/1150\/revisions"}],"predecessor-version":[{"id":1153,"href":"https:\/\/www.lagota.ch\/index.php?rest_route=\/wp\/v2\/posts\/1150\/revisions\/1153"}],"wp:attachment":[{"href":"https:\/\/www.lagota.ch\/index.php?rest_route=%2Fwp%2Fv2%2Fmedia&parent=1150"}],"wp:term":[{"taxonomy":"category","embeddable":true,"href":"https:\/\/www.lagota.ch\/index.php?rest_route=%2Fwp%2Fv2%2Fcategories&post=1150"},{"taxonomy":"post_tag","embeddable":true,"href":"https:\/\/www.lagota.ch\/index.php?rest_route=%2Fwp%2Fv2%2Ftags&post=1150"}],"curies":[{"name":"wp","href":"https:\/\/api.w.org\/{rel}","templated":true}]}}