{"id":1163,"date":"2012-01-20T12:00:06","date_gmt":"2012-01-20T11:00:06","guid":{"rendered":"http:\/\/www.lagota.ch\/?p=1163"},"modified":"2012-01-29T05:07:35","modified_gmt":"2012-01-29T04:07:35","slug":"hunergsetreik-erklarung-von-marco-camenisch","status":"publish","type":"post","link":"https:\/\/www.lagota.ch\/?p=1163","title":{"rendered":"Hungerstreik Erkl\u00e4rung von Marco Camenisch"},"content":{"rendered":"<p><span style=\"font-family: Arial,sans-serif;\">Liebe FreundInnen und GenossInnen,<a href=\"https:\/\/www.lagota.ch\/wp-content\/uploads\/DSCF128.jpg\"><img loading=\"lazy\" decoding=\"async\" class=\"alignright size-large wp-image-1192\" title=\"DSCF128\" src=\"https:\/\/www.lagota.ch\/wp-content\/uploads\/DSCF128-1024x621.jpg\" alt=\"\" width=\"469\" height=\"283\" srcset=\"https:\/\/www.lagota.ch\/wp-content\/uploads\/DSCF128-1024x621.jpg 1024w, https:\/\/www.lagota.ch\/wp-content\/uploads\/DSCF128-300x181.jpg 300w\" sizes=\"auto, (max-width: 469px) 100vw, 469px\" \/><\/a><\/span><\/p>\n<p><span style=\"font-family: Arial,sans-serif;\">Vom 20.-29.01.2012 ergreife ich mit einem Hungerstreik die Initiative als solidarische Teilnahme an unserem Kampf gegen das WEF in Davos, wo sich die h\u00f6chsten der gr\u00f6ssenwahnsinnigen und gierigen HeuchlerInnen, AusbeuterInnen, Unterdr\u00fcckerInnen und Zerst\u00f6rerInnen aus Staat, Kapital und Lakaien wieder einmal in dreister und wohl besch\u00fctzter Prasserei zur \u201eRettung\u201c ihres technoindustriellen Systems treffen, das in der unumkehrbaren globalen Krise steckt.<\/span><\/p>\n<p><span style=\"font-family: Arial,sans-serif;\">Wenn ihr leeres Gerede im letzten Treffen noch ihrer Sorge um \u201eUmweltrisiken\u201c galt, das heisst ihrer Sorge um die Umwelt nat\u00fcrlich als ihr Ausbeutungs- und Profitfaktor!, so geht es ihnen dieses Jahr um die \u201esozio\u00f6konomischen\u201c Gefahren des von ihnen global verursachten und vorangetriebenen Elends und Rennens in den Abgrund. Dagegen sei, so in ihrem diesj\u00e4hrigen Bericht (siehe NZZ 12.01.2012 D\u00fcstere Visionen, WEF-Bericht ortet gewaltige globale Risiken), <em>\u201eeine wichtige Erkenntnis [&#8230;], dass Organisationen grosse Schockereignisse wesentlich besser verkraften k\u00f6nnen, wenn sie \u00fcber klare Kommunikationslinien verf\u00fcgen und die Mitarbeitenden weitreichende Entscheidungskompetenzen haben\u201c.<\/em><\/span><\/p>\n<p><span style=\"font-family: Arial,sans-serif;\">Damit meinen sie die Vollendung der globalen Diktatur ihres technoindustriellen Produktions- und Konsumfaschismus als ultimative Zerst\u00f6rungs-, Ausbeutungs- und Herrschaftsform \u00fcber Mensch, Natur und Erde.<\/span><\/p>\n<p><span style=\"font-family: Arial,sans-serif;\">Die Bio- und Nanotechnologien geh\u00f6ren zum diesj\u00e4hrigen Fokus ihrer Themen. Nicht zuf\u00e4llig&#8230;, denn es handelt sich um die ebenso ultimativen und irreversibel schon verbreiteten technologisch-wissenschaftlichen Waffen und Instrumente zu dieser Vollendung. Es handelt sich um die ultimativen Waffen und Instrumente zur totalen Kolonialisierung, Kontrolle, Ausbeutung, Kontaminierung und Zerst\u00f6rung des Lebens, unseres Lebens, des Planeten, unseres Planeten, und zur weiteren Kolonialisierung und Verm\u00fcllung des Universums.<\/span><\/p>\n<p><span style=\"font-family: Arial,sans-serif;\">Selbstverst\u00e4ndlich ist diese Initiative auch Ausdruck meiner tendenz\u00fcbergreifenden internationalistischen revolution\u00e4ren Solidarit\u00e4t, als unsere zentrale Waffe gegen die Repression der globalen neofaschistischen technowissenschaftlichen Diktatur von Staat und Kapital.<\/span><\/p>\n<p><span style=\"font-family: Arial,sans-serif;\">Solidarit\u00e4t, Freiheit und Liebe dir, Genossin Andi<\/span><\/p>\n<p><span style=\"font-family: Arial,sans-serif;\">Solidarit\u00e4t, Freiheit und Liebe allen politischen und auch \u201eunpolitischen\u201c <span style=\"text-decoration: underline;\">k\u00e4mpfenden<\/span> Geiseln dieser Diktatur und<\/span><\/p>\n<p><span style=\"font-family: Arial,sans-serif;\"><strong>Freiheit sowieso f\u00fcr alle gefangenen Lebewesen und die Erde insgesamt<\/strong><\/span><\/p>\n<p><span style=\"font-family: Arial,sans-serif;\">Solidarit\u00e4t und Liebe allen \u201eGalaxien\u201c und Individuen, die ehrlich in <span style=\"text-decoration: underline;\"><strong>Wort und Tat f\u00fcr die totale Freiheit<\/strong><\/span> und daher f\u00fcr die totale Abschaffung von Staat\/Kapital\/technoindustriellem System k\u00e4mpfen.<\/span><\/p>\n<p><span style=\"font-family: Arial,sans-serif;\">Liebe und Gedenken allen GenossInnen, die in diesem Kampf gefallen sind, <\/span><\/p>\n<p><span style=\"font-family: Arial,sans-serif;\">denen meiner \u201eGalaxie\u201c, Lambros, Mauri, Zoe&#8230;<\/span><\/p>\n<p><span style=\"font-family: Arial,sans-serif;\">Solidarit\u00e4t und Liebe allen aufst\u00e4ndischen Gruppen und Individuen \u00fcberall meiner \u201eGalaxie\u201c, ob FAI\/IRF oder nicht, auch ich begr\u00fcsse stolz <strong>alle<\/strong> eure Aktionen!<\/span><\/p>\n<p><span style=\"font-family: Arial,sans-serif;\">Solidarit\u00e4t und Liebe allen, die verleumdet werden und Schande \u00fcber alle, welche die revolution\u00e4re direkte Aktion und damit uns alle verleumden!<\/span><\/p>\n<p><span style=\"font-family: Arial,sans-serif;\">Solidarit\u00e4t, Freiheit und Liebe euch Costa, Billy, Silvia<\/span><\/p>\n<p><span style=\"font-family: Arial,sans-serif;\">dir Gabriel, euch gefangenen Br\u00fcdern und Schwestern der Verschw\u00f6rung der Zellen des Feuers in Griechenland, Billy und Eat in Indonesien, euch GenossInnen des \u201ecaso bombas\u201c in Chile, dir Tortuga, Tamara, Juan Carlos, allen anarchistischen Gefangenen der Welt.<\/span><\/p>\n<p><span style=\"font-family: Arial,sans-serif;\">Marco, Lager Lenzburg, Januar 2012<\/span><\/p>\n<p style=\"margin-bottom: 0cm;\">\n","protected":false},"excerpt":{"rendered":"<p>Vom 20.-29.01.2012 ergreife ich mit einem Hungerstreik die Initiative als solidarische Teilnahme an unserem Kampf gegen das WEF in Davos, wo sich die h\u00f6chsten der gr\u00f6ssenwahnsinnigen und gierigen HeuchlerInnen, AusbeuterInnen, Unterdr\u00fcckerInnen und Zerst\u00f6rerInnen aus Staat, Kapital und Lakaien wieder einmal in dreister und wohl besch\u00fctzter Prasserei zur \u201eRettung\u201c ihres technoindustriellen Systems treffen, das in der unumkehrbaren globalen Krise steckt. <a href=\"https:\/\/www.lagota.ch\/?p=1163\">Continue reading <span class=\"meta-nav\">&rarr;<\/span><\/a><\/p>\n","protected":false},"author":1,"featured_media":0,"comment_status":"open","ping_status":"open","sticky":false,"template":"","format":"standard","meta":{"footnotes":""},"categories":[1],"tags":[],"class_list":["post-1163","post","type-post","status-publish","format-standard","hentry","category-uncategorized"],"_links":{"self":[{"href":"https:\/\/www.lagota.ch\/index.php?rest_route=\/wp\/v2\/posts\/1163","targetHints":{"allow":["GET"]}}],"collection":[{"href":"https:\/\/www.lagota.ch\/index.php?rest_route=\/wp\/v2\/posts"}],"about":[{"href":"https:\/\/www.lagota.ch\/index.php?rest_route=\/wp\/v2\/types\/post"}],"author":[{"embeddable":true,"href":"https:\/\/www.lagota.ch\/index.php?rest_route=\/wp\/v2\/users\/1"}],"replies":[{"embeddable":true,"href":"https:\/\/www.lagota.ch\/index.php?rest_route=%2Fwp%2Fv2%2Fcomments&post=1163"}],"version-history":[{"count":9,"href":"https:\/\/www.lagota.ch\/index.php?rest_route=\/wp\/v2\/posts\/1163\/revisions"}],"predecessor-version":[{"id":1206,"href":"https:\/\/www.lagota.ch\/index.php?rest_route=\/wp\/v2\/posts\/1163\/revisions\/1206"}],"wp:attachment":[{"href":"https:\/\/www.lagota.ch\/index.php?rest_route=%2Fwp%2Fv2%2Fmedia&parent=1163"}],"wp:term":[{"taxonomy":"category","embeddable":true,"href":"https:\/\/www.lagota.ch\/index.php?rest_route=%2Fwp%2Fv2%2Fcategories&post=1163"},{"taxonomy":"post_tag","embeddable":true,"href":"https:\/\/www.lagota.ch\/index.php?rest_route=%2Fwp%2Fv2%2Ftags&post=1163"}],"curies":[{"name":"wp","href":"https:\/\/api.w.org\/{rel}","templated":true}]}}