{"id":1167,"date":"2012-01-21T04:14:10","date_gmt":"2012-01-21T03:14:10","guid":{"rendered":"http:\/\/www.lagota.ch\/?p=1167"},"modified":"2012-01-21T04:23:44","modified_gmt":"2012-01-21T03:23:44","slug":"solidaritat-mit-marco-gegen-das-wef","status":"publish","type":"post","link":"https:\/\/www.lagota.ch\/?p=1167","title":{"rendered":"Solidarit\u00e4t mit Marco, gegen das WEF"},"content":{"rendered":"<p><strong><a href=\"https:\/\/www.lagota.ch\/wp-content\/uploads\/.jpg\"><img loading=\"lazy\" decoding=\"async\" class=\"alignright size-medium wp-image-1168\" title=\"bild\" src=\"https:\/\/www.lagota.ch\/wp-content\/uploads\/DSCF1283-300x225.jpg\" alt=\"\" width=\"300\" height=\"225\" srcset=\"https:\/\/www.lagota.ch\/wp-content\/uploads\/DSCF1283-300x225.jpg 300w, https:\/\/www.lagota.ch\/wp-content\/uploads\/DSCF1283-1024x768.jpg 1024w\" sizes=\"auto, (max-width: 300px) 100vw, 300px\" \/><\/a><\/strong><\/p>\n<p>Wir haben in der Nacht vom 20.01.12 auf den 21.01.12 f\u00fcnf Transparente im Umkreis Luzern in Solidarit\u00e4t zu Marco Camenisch, der sich seit dem 20.01.12 bis am 29.01.12 gegen das WEF im Hungerstreik befindet geh\u00e4ngt.<\/p>\n<p><strong>Solidarit\u00e4t ist eine Waffe!<\/strong><\/p>\n<p><strong>Drinnen und Draussen, ein Kampf!<\/strong><\/p>\n<p><strong>Wipe out WEF, M\u00f6rder Treff!<\/strong><\/p>\n<p><a href=\"https:\/\/www.lagota.ch\/wp-content\/uploads\/.jpg\"><img loading=\"lazy\" decoding=\"async\" class=\"alignright size-medium wp-image-1170\" title=\"bild\" src=\"https:\/\/www.lagota.ch\/wp-content\/uploads\/DSCF12811-300x181.jpg\" alt=\"\" width=\"300\" height=\"181\" srcset=\"https:\/\/www.lagota.ch\/wp-content\/uploads\/DSCF12811-300x181.jpg 300w, https:\/\/www.lagota.ch\/wp-content\/uploads\/DSCF12811-1024x621.jpg 1024w\" sizes=\"auto, (max-width: 300px) 100vw, 300px\" \/><\/a><\/p>\n<p><a href=\"https:\/\/www.lagota.ch\/wp-content\/uploads\/.jpg\"><img loading=\"lazy\" decoding=\"async\" class=\"alignright size-medium wp-image-1171\" title=\"bild\" src=\"https:\/\/www.lagota.ch\/wp-content\/uploads\/DSCF1278-300x168.jpg\" alt=\"\" width=\"300\" height=\"168\" srcset=\"https:\/\/www.lagota.ch\/wp-content\/uploads\/DSCF1278-300x168.jpg 300w, https:\/\/www.lagota.ch\/wp-content\/uploads\/DSCF1278-1024x575.jpg 1024w\" sizes=\"auto, (max-width: 300px) 100vw, 300px\" \/><\/a><\/p>\n<p><a href=\"https:\/\/www.lagota.ch\/wp-content\/uploads\/DSCF12812.jpg\"><img loading=\"lazy\" decoding=\"async\" class=\"alignright size-large wp-image-1175\" title=\"bild\" src=\"https:\/\/www.lagota.ch\/wp-content\/uploads\/DSCF12812-1024x181.jpg\" alt=\"\" width=\"767\" height=\"136\" srcset=\"https:\/\/www.lagota.ch\/wp-content\/uploads\/DSCF12812-1024x181.jpg 1024w, https:\/\/www.lagota.ch\/wp-content\/uploads\/DSCF12812-300x53.jpg 300w\" sizes=\"auto, (max-width: 767px) 100vw, 767px\" \/><\/a><\/p>\n","protected":false},"excerpt":{"rendered":"<p>Wir haben in der Nacht vom 20.01.12 auf den 21.01.12 f\u00fcnf Transparente im Umkreis Luzern in Solidarit\u00e4t zu Marco Camenisch, der sich seit dem 20.01.12 bis am 29.01.12 gegen das WEF im Hungerstreik befindet geh\u00e4ngt.<\/p>\n<p>Solidarit\u00e4t ist eine Waffe!<\/p>\n<p>Drinnen und Draussen, ein Kampf!<\/p>\n<p>Wipe out WEF, M\u00f6rder Treff! <a href=\"https:\/\/www.lagota.ch\/?p=1167\">Continue reading <span class=\"meta-nav\">&rarr;<\/span><\/a><\/p>\n","protected":false},"author":1,"featured_media":0,"comment_status":"open","ping_status":"open","sticky":false,"template":"","format":"standard","meta":{"footnotes":""},"categories":[49,172],"tags":[],"class_list":["post-1167","post","type-post","status-publish","format-standard","hentry","category-antirep","category-gefangeneninfos"],"_links":{"self":[{"href":"https:\/\/www.lagota.ch\/index.php?rest_route=\/wp\/v2\/posts\/1167","targetHints":{"allow":["GET"]}}],"collection":[{"href":"https:\/\/www.lagota.ch\/index.php?rest_route=\/wp\/v2\/posts"}],"about":[{"href":"https:\/\/www.lagota.ch\/index.php?rest_route=\/wp\/v2\/types\/post"}],"author":[{"embeddable":true,"href":"https:\/\/www.lagota.ch\/index.php?rest_route=\/wp\/v2\/users\/1"}],"replies":[{"embeddable":true,"href":"https:\/\/www.lagota.ch\/index.php?rest_route=%2Fwp%2Fv2%2Fcomments&post=1167"}],"version-history":[{"count":4,"href":"https:\/\/www.lagota.ch\/index.php?rest_route=\/wp\/v2\/posts\/1167\/revisions"}],"predecessor-version":[{"id":1173,"href":"https:\/\/www.lagota.ch\/index.php?rest_route=\/wp\/v2\/posts\/1167\/revisions\/1173"}],"wp:attachment":[{"href":"https:\/\/www.lagota.ch\/index.php?rest_route=%2Fwp%2Fv2%2Fmedia&parent=1167"}],"wp:term":[{"taxonomy":"category","embeddable":true,"href":"https:\/\/www.lagota.ch\/index.php?rest_route=%2Fwp%2Fv2%2Fcategories&post=1167"},{"taxonomy":"post_tag","embeddable":true,"href":"https:\/\/www.lagota.ch\/index.php?rest_route=%2Fwp%2Fv2%2Ftags&post=1167"}],"curies":[{"name":"wp","href":"https:\/\/api.w.org\/{rel}","templated":true}]}}