{"id":1207,"date":"2012-01-30T10:08:55","date_gmt":"2012-01-30T09:08:55","guid":{"rendered":"http:\/\/www.lagota.ch\/?p=1207"},"modified":"2012-01-30T10:13:35","modified_gmt":"2012-01-30T09:13:35","slug":"transpiaktion-in-solidaritat-mit-marco-camenisch","status":"publish","type":"post","link":"https:\/\/www.lagota.ch\/?p=1207","title":{"rendered":"Transpi-Aktion in Solidarit\u00e4t mit Marco Camenisch"},"content":{"rendered":"<p>In der Nacht vom 29. auf den 30.01.12 wurden erneut 5 Transparente in Solidarit\u00e4t mit Marco Camenisch geh\u00e4ngt. Diesmal im Kanton Schwyz.<\/p>\n<p>Am 8.02.12 wird es eine Anh\u00f6rung f\u00fcr die bedingte Entlassung von Marco Camenisch geben, doch die Entlassung wurde schon im Vorfeld abgelehnt, pfui!!!<\/p>\n<p>Freiheit f\u00fcr Marco Camenisch!!!<\/p>\n<p>Freiheit f\u00fcr alle Gefangenen!!!<\/p>\n<p>Hier ein kleines Update von Marco:<\/p>\n<table>\n<tbody>\n<tr>\n<td height=\"25\"><\/td>\n<td colspan=\"2\">Chapeau \ud83d\ude42 Street-, Night- &amp; Dayfighters, FreundInnen und GenossInnen,<\/p>\n<p>Kleines Update zu meiner 2\/3nichtentlassung<\/p>\n<p>Allg.  Voraussetzungen: In der Schweiz w\u00e4re nach 2\/3 einer Strafe bei &#8220;guter  F\u00fchrung&#8221; eine &#8220;bedingte&#8221; Freilassung aus dem Knast m\u00f6glich (und muss in  jedem Einzelfall von Amtes wegen behandelt werden). Das erfolgte bis vor  gut 10 Jahren fast &#8220;automatisch&#8221;.<\/td>\n<td height=\"25\"><\/td>\n<\/tr>\n<tr>\n<td colspan=\"4\" height=\"25\"><\/td>\n<\/tr>\n<tr>\n<td height=\"25\"><\/td>\n<td colspan=\"2\"><\/td>\n<\/tr>\n<tr>\n<td colspan=\"4\" height=\"25\"><\/td>\n<\/tr>\n<tr>\n<td height=\"25\"><\/td>\n<td colspan=\"2\">Seit der aktuellen  und Unumkehrbaren \u00dcberst\u00fcrzung der allgemeinen Krise von  Staat\/Kapital\/technoindustriellem System gibt es aber praktisch keine  bedingten Entlassungen mehr. Das wird im &#8220;Gesamtpaket&#8221; der reaktion\u00e4ren  Hetze und Mobilisierungen zur Versch\u00e4rfung der globalen Diktatur des  Systems von Oben gegen Unten, gegen die gesellschaftlich Schwachen und  vor allem gegen den revolution\u00e4ren Widerstand nach nazifaschistischem  Muster (imperialistischer Krieg, Rassismus, Xenophobie, Nationalismus,  &#8220;Festung Europa&#8221;, Sicherheitshaft\/Verwahrungen, &#8220;Antiterror&#8221;-Gesetze  usw.) gesellschaftlich, politisch und in der Praxis der versch\u00e4rften  Klassenjustiz national und international umgesetzt.<\/p>\n<p>Spezifische  Voraussetzungen: Als politischer Gefangener (revolution\u00e4r und  internationalistisch) ist es nat\u00fcrlich noch etwas schwieriger und h\u00e4ngt  stark vom (aktuell ung\u00fcnstigen&#8230;) gesellschaftlichen und  &#8220;politisch-milit\u00e4rischen&#8221; Kr\u00e4ftever-<br \/>\nh\u00e4ltnis zwischen Oben-Unten,  Diktatur-Widerstand, Konterrevolution-Revolution etc. ab. Der reale  Termin nach juristischer Arithmetik meiner m\u00f6glichen bedingten  Freilassung bzw. dem Ende der 2\/3 meiner Strafe f\u00e4llt auf den Monat Mai  dieses Jahres (Endstrafe: Mai 2018). Verantwortlich f\u00fcr den Vollzug  &#8220;meiner&#8221; Strafe sind die \u00c4mter des Justizvollzugs (JV) Z\u00fcrich  (Knastdirektionen, Feldstrasse ZH und letztlich das Justizdepartement  des Kt. ZH und, als letzte Rekursinstanz, das Bundesgericht).<\/p>\n<p>Zur  Sache: Bis jetzt wurden zwei Urlaubsgesuche (2008 u. 2009 oder 2010)  vor allem politisch motiviert abgelehnt und obg. &#8220;\u00dcberpr\u00fcfung&#8221; hat in  &#8220;meinem&#8221; Fall damit begonnen, dass a) der JV Z\u00fcrich vom hiesigen Lager  Lenzburg im Kanton Aargau einen &#8220;F\u00fchrungsbericht&#8221; verlangt und erhalten  hat, in dem aus Gr\u00fcnden der beim Kt. ZH liegenden &#8220;Kompetenz&#8221; auf  (positive oder negative) Empfehlungen zu meiner Freilassung abgesehen  wird; und b) mir \u00fcber meinen Anwalt auf den 8. Februar 2012 ein Termin  f\u00fcr eine &#8220;Anh\u00f6rung&#8221; in seiner Anwesenheit &#8220;angeboten&#8221; wurde. Bislang  habe ich nicht ausgeschlossen mich &#8220;anh\u00f6ren&#8221; zu lassen und \u00fcber meinen  Anwalt von der &#8220;Fallverantwortlichen&#8221; JV ZH als meine Voraussetzung und  zu meiner Vorbereitung eine Liste ihrer Fragen angefordert. Die Antwort  an meinen Anwalt:<\/p>\n<p>Am 8. Februar wird es um (&#8230;) die von uns  beabsichtigte Abweisung der bedingten Entlassung gehen. Es werden ihm  somit keine Fragen gestellt werden. Vielmehr werden ihm die Argumente  seitens unserer Beh\u00f6rde dargelegt werden, die gegen seine bedingte  Entlassung sprechen. Zu diesen Argumenten wird Herr C. bzw. werden Sie  am 8. Februar m\u00fcndlich Stellung nehmen k\u00f6nnen. Die Anh\u00f6rung wird  schriftlich protokolliert und im Anschluss daran wird eine rekurable  Verf\u00fcgung erstellt werden.<\/p>\n<p>Erhellende Antwort. Man k\u00f6nnte es als  reine Alibi\u00fcbung abtun, w\u00e4re da nicht die offensichtlich unlautere (und  sonst sowieso systematisch aber ohne Anw\u00e4lte umgesetzte) Absicht, sich  die gegnersichen &#8220;Stellungsnahmen&#8221; bzw. Rekursargumente im Vorfeld einer  rekurablen Verf\u00fcgung zu verschaffen um sie dort schon pr\u00e4ventiv  einfliessen lassen bzw. entkr\u00e4ftigen zu k\u00f6nnen. Was die Entscheidung  keine &#8220;Anh\u00f6rung&#8221; durchzuf\u00fchren nat\u00fcrlich leicht und definitiv macht.  Weniger leicht d\u00fcrfte es der Beh\u00f6rde in diesem Falle und des Vorliegens  einer schriftlichen Unterlage fallen, zuk\u00fcnftig ihre Vorw\u00fcrfe einer  &#8220;Verweigerungshaltung&#8221; und &#8220;mangelnder Kooperation&#8221; damit zu  unterf\u00fcttern&#8230;<\/p>\n<p>Als N\u00e4chstens werdet ihr also wohl die angesagte  rekurable Verf\u00fcgung der Abweisung der bedingten Entlassung zur Ein- und  Ansicht und Auflage etc. erhalten.<\/p>\n<p>Mit herzlichen und solidarischen Gr\u00fcssen<\/p>\n<p>marco, Lager Lenzburg, 19. Januar 2012<\/td>\n<\/tr>\n<\/tbody>\n<\/table>\n","protected":false},"excerpt":{"rendered":"<p>In der Nacht vom 29. auf den 30.01.12 wurden erneut 5 Transparente in solidarit\u00e4t mit Marco Camenisch geh\u00e4ngt. Diesmal im Kanton Schwyz.<\/p>\n<p>Am 8.02.12 wird es eine Anh\u00f6rung f\u00fcr die bedingte Entlassung von Marco Camenisch geben, doch die Entlassung wurde schon im Vorfeld abgelehnt, pfui!!!<\/p>\n<p>Freiheit f\u00fcr Marco Camenisch!!!<\/p>\n<p>Freiheit f\u00fcr alle Gefangenen!!! <a href=\"https:\/\/www.lagota.ch\/?p=1207\">Continue reading <span class=\"meta-nav\">&rarr;<\/span><\/a><\/p>\n","protected":false},"author":1,"featured_media":0,"comment_status":"open","ping_status":"open","sticky":false,"template":"","format":"standard","meta":{"footnotes":""},"categories":[49,172],"tags":[],"class_list":["post-1207","post","type-post","status-publish","format-standard","hentry","category-antirep","category-gefangeneninfos"],"_links":{"self":[{"href":"https:\/\/www.lagota.ch\/index.php?rest_route=\/wp\/v2\/posts\/1207","targetHints":{"allow":["GET"]}}],"collection":[{"href":"https:\/\/www.lagota.ch\/index.php?rest_route=\/wp\/v2\/posts"}],"about":[{"href":"https:\/\/www.lagota.ch\/index.php?rest_route=\/wp\/v2\/types\/post"}],"author":[{"embeddable":true,"href":"https:\/\/www.lagota.ch\/index.php?rest_route=\/wp\/v2\/users\/1"}],"replies":[{"embeddable":true,"href":"https:\/\/www.lagota.ch\/index.php?rest_route=%2Fwp%2Fv2%2Fcomments&post=1207"}],"version-history":[{"count":7,"href":"https:\/\/www.lagota.ch\/index.php?rest_route=\/wp\/v2\/posts\/1207\/revisions"}],"predecessor-version":[{"id":1209,"href":"https:\/\/www.lagota.ch\/index.php?rest_route=\/wp\/v2\/posts\/1207\/revisions\/1209"}],"wp:attachment":[{"href":"https:\/\/www.lagota.ch\/index.php?rest_route=%2Fwp%2Fv2%2Fmedia&parent=1207"}],"wp:term":[{"taxonomy":"category","embeddable":true,"href":"https:\/\/www.lagota.ch\/index.php?rest_route=%2Fwp%2Fv2%2Fcategories&post=1207"},{"taxonomy":"post_tag","embeddable":true,"href":"https:\/\/www.lagota.ch\/index.php?rest_route=%2Fwp%2Fv2%2Ftags&post=1207"}],"curies":[{"name":"wp","href":"https:\/\/api.w.org\/{rel}","templated":true}]}}