{"id":1215,"date":"2012-02-01T21:03:17","date_gmt":"2012-02-01T20:03:17","guid":{"rendered":"http:\/\/www.lagota.ch\/?p=1215"},"modified":"2012-02-01T21:03:17","modified_gmt":"2012-02-01T20:03:17","slug":"der-grosse-wandel-ein-ruckblick-auf-das-wef-2012","status":"publish","type":"post","link":"https:\/\/www.lagota.ch\/?p=1215","title":{"rendered":"&#8220;Der grosse Wandel&#8221; &#8211; ein R\u00fcckblick auf das WEF 2012"},"content":{"rendered":"<p>Am vergangenen Sonntag ist das World Economic Forum, das allj\u00e4hrliche Treffen der selbsternannten Weltelite, zu Ende gegangen. Dieses fand dieses Jahr unter dem Motto \u201eDer grosse Wandel \u2013 Neue Modelle schaffen\u201c statt. Wer sich von den Ergebnissen des WEF jedoch wirklich noch einen Wandel erhofft, ist fern ein jeder Realit\u00e4t. Ergebnisse die wirklich etwas zu einem positiven Wandel in dieser Welt beitragen, konnten auch nach Beendigung des WEF 2012 nicht pr\u00e4sentiert werden. Dies aus dem einfachen Grund, dass nach den neuen Modellen, welche dieser Wandel bringen sollte, gar nicht gesucht wurde.<br \/>\nEinen Wandel gab es allerdings dieses Jahr bei den Teilnehmern des WEF. So nahm dieses Jahr erstmals eine 70 k\u00f6pfige Delegation der Global Shapers Community teil, ein eigens vom WEF gegr\u00fcndeter Club, bestehend aus den \u201eengagiertesten\u201c 20-bis 30-J\u00e4hrigen. Dieser soll den jungen Leuten eine Stimme geben, besteht doch rund die H\u00e4lfte der Bev\u00f6lkerung unseres Planets aus unter 27-J\u00e4hrigen. Was man dabei unter engagiert versteht, ist jedoch aufschlussreich und zeigt das Denken der WEF-Leader. Denkt Mensch wenn es um engagierte B\u00fcrger geht doch beispielsweise an die jungen Menschen, welche im Arabischen Fr\u00fchling f\u00fcr mehr Freiheit und Demokratie gek\u00e4mpft haben, oder an die meist aus j\u00fcngeren Leuten bestehende Occupy-Bewegung. Nicht so die Organisatoren des WEF und damit gleichzeitig auch Gr\u00fcnder der Global Shapers Community. Unter jungen engagierten Menschen verstehen diese gr\u00f6sstenteils junge UnternehmerInnen, welche in Zukunft, so hofft man, wichtige F\u00fchrungsrollen in der Welt von Morgen \u00fcbernehmen sollen. Einfach und klar ausgedr\u00fcckt: Das WEF formt in Davos die zuk\u00fcnftige Weltelite, die nach den genau gleichen Mustern verfahren wird, wie es bereits die heutige Weltelite tut. So hoffen sie jedenfalls. Wir jedoch sind der Meinung, dass wir keine Elite n\u00f6tig haben, welche alleine \u00fcber die Geschicke der Menschheit bestimmen.<br \/>\nDer Kapitalismus hat ausgedient und das wissen wohl sogar auch die Bonzen, welche sich in der vergangenen Woche in Davos getroffen haben. Dennoch wird jede Kritik am WEF und dem Kapitalismus im Keim unterdr\u00fcckt. So wurde eine geplante Demonstration gegen das WEF am 21.Januar mit einem Grossaufgebot im Keim erstickt. Auch in Davos selber kam es zu willk\u00fcrlicher Polizeirepression. So zeigt ein auf Youtube ver\u00f6ffentlichtes Video den Pfeffersprayeinsatz eines Polizisten aus n\u00e4chster N\u00e4he gegen einen friedlichen Demonstranten. Die selbsternannten Eliten scheinen sich nicht mehr so sichern zu sein. Sie haben offensichtlich Angst vor Kritik am Kapitalismus. Das beweist die Repression vonseiten des Staatsapparates, durchgef\u00fchrt durch die Polizei.<br \/>\nDie Repression und Unterdr\u00fcckung jeglicher Systemkritik darf jedoch nicht einfach so hingenommen werden. Es geht hier inzwischen um mehr als Kritik am Kapitalismus. Mit dem Vorgehen der Polizei hat der Staat bewiesen, dass er im Notfall auch bereit ist, den Kritikern nicht einmal mehr grundlegende Rechte wie Versammlungs- und Meinungsfreiheit zuzugestehen.<br \/>\nWir sind jedoch der Meinung, dass wir uns das nicht gefallen lassen d\u00fcrfen. Kritik an diesem System ist notwendig und angebracht, alleine der Zustand, in welcher sich die heutige Gesellschaft befindet, zeigt das auf. Der Widerstand gegen die aktuellen Zust\u00e4nde kann und wird sich nicht durch polizeiliche Repression unterdr\u00fccken lassen.<\/p>\n<p>Unia Jugend Oberwallis <\/p>\n<p>Hier noch das Youtube-Video:<\/p>\n<p><iframe loading=\"lazy\" width=\"560\" height=\"315\" src=\"http:\/\/www.youtube.com\/embed\/uYv7ErDIKVI\" frameborder=\"0\" allowfullscreen><\/iframe><\/p>\n","protected":false},"excerpt":{"rendered":"<p>Am vergangenen Sonntag ist das World Economic Forum, das allj\u00e4hrliche Treffen der selbsternannten Weltelite, zu Ende gegangen. Dieses fand dieses Jahr unter dem Motto \u201eDer grosse Wandel \u2013 Neue Modelle schaffen\u201c statt. Wer sich von den Ergebnissen des WEF jedoch wirklich noch einen Wandel erhofft, ist fern ein jeder Realit\u00e4t. Ergebnisse die wirklich etwas zu einem positiven Wandel in dieser Welt beitragen, konnten auch nach Beendigung des WEF 2012 nicht pr\u00e4sentiert werden. Dies aus dem einfachen Grund, dass nach den neuen Modellen, welche dieser Wandel bringen sollte, gar nicht gesucht wurde. <a href=\"https:\/\/www.lagota.ch\/?p=1215\">Continue reading <span class=\"meta-nav\">&rarr;<\/span><\/a><\/p>\n","protected":false},"author":1,"featured_media":0,"comment_status":"open","ping_status":"open","sticky":false,"template":"","format":"standard","meta":{"footnotes":""},"categories":[49,6,16,19],"tags":[27,226,227,1153],"class_list":["post-1215","post","type-post","status-publish","format-standard","hentry","category-antirep","category-news","category-schweiz","category-wef","tag-repression","tag-unia","tag-wandel","tag-wef"],"_links":{"self":[{"href":"https:\/\/www.lagota.ch\/index.php?rest_route=\/wp\/v2\/posts\/1215","targetHints":{"allow":["GET"]}}],"collection":[{"href":"https:\/\/www.lagota.ch\/index.php?rest_route=\/wp\/v2\/posts"}],"about":[{"href":"https:\/\/www.lagota.ch\/index.php?rest_route=\/wp\/v2\/types\/post"}],"author":[{"embeddable":true,"href":"https:\/\/www.lagota.ch\/index.php?rest_route=\/wp\/v2\/users\/1"}],"replies":[{"embeddable":true,"href":"https:\/\/www.lagota.ch\/index.php?rest_route=%2Fwp%2Fv2%2Fcomments&post=1215"}],"version-history":[{"count":1,"href":"https:\/\/www.lagota.ch\/index.php?rest_route=\/wp\/v2\/posts\/1215\/revisions"}],"predecessor-version":[{"id":1216,"href":"https:\/\/www.lagota.ch\/index.php?rest_route=\/wp\/v2\/posts\/1215\/revisions\/1216"}],"wp:attachment":[{"href":"https:\/\/www.lagota.ch\/index.php?rest_route=%2Fwp%2Fv2%2Fmedia&parent=1215"}],"wp:term":[{"taxonomy":"category","embeddable":true,"href":"https:\/\/www.lagota.ch\/index.php?rest_route=%2Fwp%2Fv2%2Fcategories&post=1215"},{"taxonomy":"post_tag","embeddable":true,"href":"https:\/\/www.lagota.ch\/index.php?rest_route=%2Fwp%2Fv2%2Ftags&post=1215"}],"curies":[{"name":"wp","href":"https:\/\/api.w.org\/{rel}","templated":true}]}}