{"id":1281,"date":"2012-03-14T15:44:44","date_gmt":"2012-03-14T14:44:44","guid":{"rendered":"http:\/\/www.lagota.ch\/?p=1281"},"modified":"2012-03-14T15:44:44","modified_gmt":"2012-03-14T14:44:44","slug":"prozess-wegen-antifa-demo-in-diepoldsau","status":"publish","type":"post","link":"https:\/\/www.lagota.ch\/?p=1281","title":{"rendered":"Prozess wegen Antifa-Demo in Diepoldsau"},"content":{"rendered":"<h2><strong>Antifaschismus l\u00e4sst sich nicht verhandeln! <\/strong><\/h2>\n<h2><strong>Alle an den Prozess in Rheineck SG!<\/strong><\/h2>\n<p><a href=\"https:\/\/www.lagota.ch\/wp-content\/uploads\/antifa.jpg\"><img loading=\"lazy\" decoding=\"async\" class=\"alignleft size-full wp-image-1282\" title=\"antifa\" src=\"https:\/\/www.lagota.ch\/wp-content\/uploads\/antifa.jpg\" alt=\"\" width=\"300\" height=\"300\" srcset=\"https:\/\/www.lagota.ch\/wp-content\/uploads\/antifa.jpg 300w, https:\/\/www.lagota.ch\/wp-content\/uploads\/antifa-150x150.jpg 150w\" sizes=\"auto, (max-width: 300px) 100vw, 300px\" \/><\/a>Am 10.  September 2011 kam es in Diepoldsau (SG) zu einer Demo gegen das Treffen  der \u201eEurop\u00e4ischen Aktion\u201c, eines europaweiten Zusammenschlusses von  FaschistInnen und HolocaustleugnerInnen. Die Demonstration wurde jedoch  nach kurzer Zeit von der Polizei eingekesselt und  44 AntifaschistInnen verhaftet. Alle Verhafteten wurden wegen \u201eTeilnahme  an einer unbewilligten Demo\u201c und \u201eHausfriedensbruch\u201c verzeigt und  erhielten eine hohe Busse.<\/p>\n<p>Am 19. M\u00e4rz  findet in Rheineck wegen dieser Demo nun ein Prozess gegen einen  Genossen statt. Stellvertretend f\u00fcr alle 44 verhafteten  AntifaschistInnen steht er vor Gericht.<\/p>\n<p>Als Folge  der Versch\u00e4rfung der kapitalistischen Krise und der damit einhergehenden  Rechtsentwicklung wird auch die Repression gegen jede Form von Bewegung  ausserhalb der b\u00fcrgerlichen Legalit\u00e4t und Kontrolle \u2013 man beachte die  \u201eNulltoleranz\u201c-Doktrin gegen Fussballfans \u2013 und insbesondere gegen jede  Form revolution\u00e4rer Politik versch\u00e4rft. Ob bei den Demos gegen das WEF  2012, dem 1. Mai in Z\u00fcrich in den vergangenen Jahren oder an einer  antifaschistischen Mobilisierung im St. Galler Rheintal: Wer  revolution\u00e4re Kritik an den herrschenden Zust\u00e4nden \u00e4ussert, dem stehen  alsbald Bullenreihen gegen\u00fcber und drohen Strafbefehle mit hohen Bussen.<\/p>\n<p>Im Prozess  am 19. M\u00e4rz geht es also nicht darum, ein \u201egerechteres\u201c Urteil zu einer  antifaschistischen Mobilisierung zu verlangen oder mit der Klassenjustiz  \u00fcber eine antifaschistische Position zu verhandeln. Vielmehr geht es  darum, den Spiess umzudrehen, die verschiedenen Aspekte der  Rechtsentwicklung aufzuzeigen, in einen gr\u00f6sseren Zusammenhang zu  stellen und diesen Prozess mit unseren Inhalten zu besetzen. Ob auf der  Strasse oder im Gerichtssaal: Revolution\u00e4rer Antifaschismus l\u00e4sst sich  nicht verhandeln!<\/p>\n<p><strong>Kommt alle an den Prozess! 19. M\u00e4rz 2012, 10.00 Rathaus Rheineck SG (neben Bahnhof)<\/strong><\/p>\n<p><strong>Unsere Solidarit\u00e4t gegen Faschismus und Repression. <\/strong><\/p>\n<p><strong>Spiess umdrehen \u2013 Kapitalismus st\u00fcrzen!<\/strong><\/p>\n<p><em><br \/>\n<\/em><\/p>\n<p><em>Rote Hilfe des Revolution\u00e4ren Aufbau Schweiz, 01.03.2012<\/p>\n<p>Quelle: <\/em><a href=\"http:\/\/www.aufbau.org\/index.php\/termine\/icalrepeat.detail\/2012\/03\/19\/50\/99\/prozess-wegen-antifa-demo-in-diepoldsau\" target=\"_blank\">http:\/\/www.aufbau.org\/index.php\/termine\/icalrepeat.detail\/2012\/03\/19\/50\/99\/prozess-wegen-antifa-demo-in-diepoldsau<\/a><\/p>\n","protected":false},"excerpt":{"rendered":"<p>Am 10. September 2011 kam es in Diepoldsau (SG) zu einer Demo gegen das Treffen der \u201eEurop\u00e4ischen Aktion\u201c, eines europaweiten Zusammenschlusses von FaschistInnen und HolocaustleugnerInnen. Die Demonstration wurde jedoch nach kurzer Zeit von der Polizei eingekesselt und 44 AntifaschistInnen verhaftet. Alle Verhafteten wurden wegen \u201eTeilnahme an einer unbewilligten Demo\u201c und \u201eHausfriedensbruch\u201c verzeigt und erhielten eine hohe Busse. <a href=\"https:\/\/www.lagota.ch\/?p=1281\">Continue reading <span class=\"meta-nav\">&rarr;<\/span><\/a><\/p>\n","protected":false},"author":1,"featured_media":0,"comment_status":"open","ping_status":"open","sticky":false,"template":"","format":"standard","meta":{"footnotes":""},"categories":[13,49,16,108],"tags":[],"class_list":["post-1281","post","type-post","status-publish","format-standard","hentry","category-antifa","category-antirep","category-schweiz","category-wirtschaftskrise"],"_links":{"self":[{"href":"https:\/\/www.lagota.ch\/index.php?rest_route=\/wp\/v2\/posts\/1281","targetHints":{"allow":["GET"]}}],"collection":[{"href":"https:\/\/www.lagota.ch\/index.php?rest_route=\/wp\/v2\/posts"}],"about":[{"href":"https:\/\/www.lagota.ch\/index.php?rest_route=\/wp\/v2\/types\/post"}],"author":[{"embeddable":true,"href":"https:\/\/www.lagota.ch\/index.php?rest_route=\/wp\/v2\/users\/1"}],"replies":[{"embeddable":true,"href":"https:\/\/www.lagota.ch\/index.php?rest_route=%2Fwp%2Fv2%2Fcomments&post=1281"}],"version-history":[{"count":2,"href":"https:\/\/www.lagota.ch\/index.php?rest_route=\/wp\/v2\/posts\/1281\/revisions"}],"predecessor-version":[{"id":1284,"href":"https:\/\/www.lagota.ch\/index.php?rest_route=\/wp\/v2\/posts\/1281\/revisions\/1284"}],"wp:attachment":[{"href":"https:\/\/www.lagota.ch\/index.php?rest_route=%2Fwp%2Fv2%2Fmedia&parent=1281"}],"wp:term":[{"taxonomy":"category","embeddable":true,"href":"https:\/\/www.lagota.ch\/index.php?rest_route=%2Fwp%2Fv2%2Fcategories&post=1281"},{"taxonomy":"post_tag","embeddable":true,"href":"https:\/\/www.lagota.ch\/index.php?rest_route=%2Fwp%2Fv2%2Ftags&post=1281"}],"curies":[{"name":"wp","href":"https:\/\/api.w.org\/{rel}","templated":true}]}}