{"id":1285,"date":"2012-03-16T16:50:38","date_gmt":"2012-03-16T15:50:38","guid":{"rendered":"http:\/\/www.lagota.ch\/?p=1285"},"modified":"2012-03-16T16:50:38","modified_gmt":"2012-03-16T15:50:38","slug":"kriminalisierung-des-protestes-das-ende-der-redefreiheit-in-den-usa","status":"publish","type":"post","link":"https:\/\/www.lagota.ch\/?p=1285","title":{"rendered":"Kriminalisierung des Protestes: Das Ende der Redefreiheit in den USA"},"content":{"rendered":"<p><strong>US-Pr\u00e4sident Barack Obama wird demn\u00e4chst ein Gesetz gegen &#8220;staatsfeindliche Umtriebe&#8221; in Kraft setzen, das auch den Nazis gefallen h\u00e4tte.<\/strong><\/p>\n<p><a href=\"https:\/\/www.lagota.ch\/wp-content\/uploads\/freespeech.jpg\"><img loading=\"lazy\" decoding=\"async\" class=\"alignleft size-full wp-image-1286\" title=\"freespeech\" src=\"https:\/\/www.lagota.ch\/wp-content\/uploads\/freespeech.jpg\" alt=\"\" width=\"300\" height=\"210\" \/><\/a>Ein neues Gesetz, der Federal Restricted Buildings and Grounds Improvement Act (das Bundesgesetz \u00fcber das unberechtigte Betreten \u00f6ffentlicher Geb\u00e4ude und Grundst\u00fccke) aus dem Jahr 2011 mit der Registrationsnummer HR 347, das auch als &#8220;Betretungsver botsgesetz&#8221; bezeichnet wird, soll schon bald durch die Unterschrift des Pr\u00e4sidenten Obama in Kraft gesetzt werden. Dieses Gesetz, mit dem sich jeder Protest kriminalisieren l\u00e4sst, wird Protestbewegungen wie Occupy sehr hart treffen.<\/p>\n<p>Das Gesetz [das aufzurufen ist unter <a href=\"http:\/\/www.gpo.gov\/fdsys\/pkg\/BILLS-112hr347enr\/pdf\/BILLS-112hr347enr.pdf\">http:\/\/www.g-<\/a><a href=\"http:\/\/www.gpo.gov\/fdsys\/pkg\/BILLS-112hr347enr\/pdf\/BILLS-112hr347enr.pdf\">po.gov\/fdsys\/pkg\/BILLS-112hr347enr\/pdf\/BILLS-<\/a><a href=\"http:\/\/www.gpo.gov\/fdsys\/pkg\/BILLS-112hr347enr\/pdf\/BILLS-112hr347enr.pdf\">112hr347enr.pdf<\/a> ] legt fest, dass alle Personen, die absichtlich &#8220;\u00f6ffentliche Geb\u00e4ude oder Grundst\u00fccke ohne gesetzlich abgesicherte Berechtigung betreten oder sich darin aufhalten &#8211; mit der Absicht, die ordnungsgem\u00e4\u00dfe T\u00e4tigkeit der (US-)Regierung oder einer Beh\u00f6rde zu behindern oder zu st\u00f6ren&#8221;, wegen ungeb\u00fchrlichen Verhaltens in oder in der N\u00e4he von Geb\u00e4uden, die nur von Berechtigten betreten werden d\u00fcrfen, und &#8220;wegen Behinde- rung oder St\u00f6rung der ordnungsgem\u00e4\u00dfen T\u00e4tigkeit der Regierung oder einer Beh\u00f6rde mit einer Geldbu\u00dfe oder einer Haftstrafe bis zu zehn Jahren oder mit beidem belegt werden k\u00f6nnen&#8221;.<\/p>\n<p>Das Gesetz wirft viele Probleme auf, weil es weder definiert, was unter &#8220;Behinderung oder St\u00f6rung&#8221;, noch was unter &#8220;der ordnungsgem\u00e4\u00dfen T\u00e4tigkeit der Regierung oder einer Beh\u00f6rde&#8221; zu verstehen ist. Diese (beabsichtigte) Vieldeutigkeit gibt der US-Regierung die M\u00f6glichkeit, jede Demonstration aufzul\u00f6sen und die Redefreiheit (faktisch) abzuschaffen, und damit Aktionen wie die geplanten Proteste der Bewegung Occupy Chicago gegen die NATO und gegen den G8-Gipfel im Keim zu ersticken [s. <a href=\"http:\/\/www.suntimes.com\/business\/11087067-420\/protesters-declare-victory-but-say-our-protests-will-go-forward.html\">http:\/\/www.suntimes.com\/busi-<\/a><a href=\"http:\/\/www.suntimes.com\/business\/11087067-420\/protesters-declare-victory-but-say-our-protests-will-go-forward.html\">ness\/11087067-420\/protesters-declare-victory-but-say-our-protests-will-go-forward.html<\/a> ]. Au\u00dferdem hindert dieses Gesetz die US-Amerikaner daran, die B\u00fcrgerrechte wahrzunehmen, die ihnen der\u00a0 1. Zusatzartikel zur US-Verfassung garantiert\u00a0 (s. \u00a0<a href=\"http:\/\/de.wikipedia.org\/wiki\/1._Zusatzartikel_zur_Verfassung_der_Vereinigten_Staaten\">http:\/\/de.wikipe-<\/a><a href=\"http:\/\/de.wikipedia.org\/wiki\/1._Zusatzartikel_zur_Verfassung_der_Vereinigten_Staaten\">dia.org\/wiki\/1._Zusatzartikel_zur_Verfassung_der_Vereinigten_Staaten<\/a> ),\u00a0 wenn es ihnen um &#8220;die T\u00e4tigkeit der US-Regierung oder einer Beh\u00f6rde&#8221; geht.<\/p>\n<p>Es hat nicht \u00fcberrascht, dass nur drei Abgeordnete gegen dieses Gesetz gestimmt haben: Paul Broun, ein Republikaner aus dem 10. Wahlbezirk in Georgia, Justin Amash, ein Re &#8211;<br \/>\npublikaner aus dem 3. Wahlbezirk in Michigan, und Ron Paul, ein Republikaner aus dem 14. Wahlbezirk in Texas [s. <a href=\"http:\/\/open.salon.com\/blog\/watchingfrogsboil\/2012\/03\/01\/outlawing_occupy_hr_347_makes_free_speech_a_felony\">http:\/\/open.salon.com\/blog\/watchingfrogsboil\/2012\/03\/01\/outla &#8211;<\/a><br \/>\n<a href=\"http:\/\/open.salon.com\/blog\/watchingfrogsboil\/2012\/03\/01\/outlawing_occupy_hr_347_makes_free_speech_a_felony\">wing_occupy_hr_347_makes_free_speech_a_felony<\/a> ]. Dieses Gesetz erm\u00f6glicht es den US-Strafverfolgungsbeh\u00f6rden, &#8220;gegen alle US-Amerikaner vorzugehen, die sich irgendwo in den USA an politischen Protesten beteiligen, und alle, die dagegen versto\u00dfen, zu kriminalisieren und bis zu zehn Jahren einzusperren. Das Gesetz HR 347 schreit f\u00f6rmlich da &#8211; nach, von Strafverfolgungsbeh\u00f6rden wie der New Yorker Polizei missbraucht zu werden; die hat erst k\u00fcrzlich das Fotografieren und Filmen ihres (brutalen) Vorgehens als &#8220;unge &#8211; b\u00fchrliches Benehmen&#8221; unterbunden. [Ein Bericht dazu ist nachzulesen unter <a href=\"http:\/\/www.techdirt.com\/articles\/20110928\/12470016125\/does-nypd-really-think-that-shooting-photosvideos-protests-is-disorderly-conduct.shtml\">http:\/\/ww-w.techdirt.com\/articles\/20110928\/12470016125\/does-nypd-really-think-that-shooting-pho &#8211;<\/a><a href=\"http:\/\/www.techdirt.com\/articles\/20110928\/12470016125\/does-nypd-really-think-that-shooting-photosvideos-protests-is-disorderly-conduct.shtml\">tosvideos-protests-is-disorderly-conduct.shtml<\/a> .]<\/p>\n<p>Die Tatsache, dass kein einziger Demokrat, sondern nur drei republikanische Abgeordnete des Repr\u00e4sentantenhauses gegen dieses Gesetz gestimmt haben [Abstimmungsverhalten s. <a href=\"http:\/\/www.govtrack.us\/congress\/vote.xpd?vote=h2011-149\">http:\/\/www.govtrack.us\/congress\/vote.xpd?vote=h2011-149<\/a> ], zeigt, dass beide Parteien nur zwei Seiten der gleichen Medaille sind.<\/p>\n<p>Dieses Gesetz folgt der Diskussion \u00fcber die Frage, ob die US-Regierung auch US-B\u00fcrger unbegrenzt einsperren kann, auf dem Fu\u00dfe; in dieser Diskussion hat Justizminister Eric Holder &#8211; der John Yoo (der Justizminister George W. Bushs) der Obama-Administration die Auffassung vertreten, der US-Pr\u00e4sident k\u00f6nne US-B\u00fcrger einfach ermorden lassen, ohne irgendeinem Gericht Beweise f\u00fcr irgendwelche Straftaten vorlegen zu m\u00fcssen.<\/p>\n<p>Die Redefreiheit k\u00f6nnte schon sehr bald nur noch ein Relikt aus vergangenen Tagen sein.<\/p>\n<p>Der bei Global Research publizierende Autor Devon DB ist 20 Jahre alt und studiert zur Zeit Politikwissenschaft an der Fairleigh Dickinson University (s. <a href=\"http:\/\/www.fdu.edu\/\">http:\/\/www.fdu.edu\/<\/a> ).<\/p>\n<p>(Wir haben den Artikel \u00fcber das US-Gesetz gegen &#8220;staatsfeindliche Umtriebe&#8221;, das auch den Nazis gefallen h\u00e4tte, komplett \u00fcbersetzt und mit Erg\u00e4nzungen und Links in runden Klammern versehen. Die Links in eckigen Klammern hat der Autor selbst eingef\u00fcgt.)<\/p>\n<p>Bild entnommen aus <a href=\"http:\/\/open.salon.com\/\">http:\/\/open.salon.com<\/a><\/p>\n<p>( <a href=\"http:\/\/www.globalresearch.ca\/index.php?context=va&amp;aid=29673\">http:\/\/www.globalresearch.ca\/index.php?context=va&amp;aid=29673<\/a> )<\/p>\n<p><a href=\"http:\/\/www.luftpost-kl.de\/luftpost-archiv\/LP_12\/LP06212_160312.pdf\">http:\/\/www.luftpost-kl.de\/luftpost-archiv\/LP_12\/LP06212_160312.pdf<br \/>\n<\/a><br \/>\nQuelle: <a href=\"http:\/\/www.linkezeitung.de\/cms\/index.php?option=com_content&amp;task=view&amp;id=13014&amp;Itemid=1\" target=\"_blank\">http:\/\/www.linkezeitung.de\/cms\/index.php?option=com_content&amp;task=view&amp;id=13014&amp;Itemid=1<\/a><\/p>\n","protected":false},"excerpt":{"rendered":"<p>US-Pr\u00e4sident Barack Obama wird demn\u00e4chst ein Gesetz gegen &#8220;staatsfeindliche Umtriebe&#8221; in Kraft setzen, das auch den Nazis gefallen h\u00e4tte. <a href=\"https:\/\/www.lagota.ch\/?p=1285\">Continue reading <span class=\"meta-nav\">&rarr;<\/span><\/a><\/p>\n","protected":false},"author":1,"featured_media":0,"comment_status":"open","ping_status":"open","sticky":false,"template":"","format":"standard","meta":{"footnotes":""},"categories":[13,10,6],"tags":[258,256,257],"class_list":["post-1285","post","type-post","status-publish","format-standard","hentry","category-antifa","category-aus-aller-welt","category-news","tag-kriminalisierung-des-protests","tag-resefreiheit","tag-usa"],"_links":{"self":[{"href":"https:\/\/www.lagota.ch\/index.php?rest_route=\/wp\/v2\/posts\/1285","targetHints":{"allow":["GET"]}}],"collection":[{"href":"https:\/\/www.lagota.ch\/index.php?rest_route=\/wp\/v2\/posts"}],"about":[{"href":"https:\/\/www.lagota.ch\/index.php?rest_route=\/wp\/v2\/types\/post"}],"author":[{"embeddable":true,"href":"https:\/\/www.lagota.ch\/index.php?rest_route=\/wp\/v2\/users\/1"}],"replies":[{"embeddable":true,"href":"https:\/\/www.lagota.ch\/index.php?rest_route=%2Fwp%2Fv2%2Fcomments&post=1285"}],"version-history":[{"count":2,"href":"https:\/\/www.lagota.ch\/index.php?rest_route=\/wp\/v2\/posts\/1285\/revisions"}],"predecessor-version":[{"id":1288,"href":"https:\/\/www.lagota.ch\/index.php?rest_route=\/wp\/v2\/posts\/1285\/revisions\/1288"}],"wp:attachment":[{"href":"https:\/\/www.lagota.ch\/index.php?rest_route=%2Fwp%2Fv2%2Fmedia&parent=1285"}],"wp:term":[{"taxonomy":"category","embeddable":true,"href":"https:\/\/www.lagota.ch\/index.php?rest_route=%2Fwp%2Fv2%2Fcategories&post=1285"},{"taxonomy":"post_tag","embeddable":true,"href":"https:\/\/www.lagota.ch\/index.php?rest_route=%2Fwp%2Fv2%2Ftags&post=1285"}],"curies":[{"name":"wp","href":"https:\/\/api.w.org\/{rel}","templated":true}]}}