{"id":1289,"date":"2012-03-19T12:04:52","date_gmt":"2012-03-19T11:04:52","guid":{"rendered":"http:\/\/www.lagota.ch\/?p=1289"},"modified":"2012-03-19T12:05:57","modified_gmt":"2012-03-19T11:05:57","slug":"m31-europaweiter-aktionstag-gg-kapitalismus","status":"publish","type":"post","link":"https:\/\/www.lagota.ch\/?p=1289","title":{"rendered":"M31: Europaweiter Aktionstag gg. Kapitalismus"},"content":{"rendered":"<p><em><strong>Worum geht&#8217;s?<\/strong><\/em><\/p>\n<p><a href=\"http:\/\/media.de.indymedia.org\/images\/2012\/03\/325760.jpg\"><img decoding=\"async\" src=\"http:\/\/media.de.indymedia.org\/images\/2012\/03\/325761.jpg\" alt=\"\" \/><\/a><\/p>\n<p>Es tut sich was. In Griechenland (<a href=\"http:\/\/www.occupiedlondon.org\/blog\/\">1<\/a>, <a href=\"http:\/\/athens.indymedia.org\/?lang=en\">2<\/a>) <a href=\"http:\/\/de.indymedia.org\/2012\/02\/324596.shtml\">brennt<\/a> die <a href=\"http:\/\/linksunten.indymedia.org\/de\/node\/54741\">Luft<\/a>, auch in anderen s\u00fcdeurop\u00e4ischen L\u00e4ndern (<a href=\"http:\/\/de.indymedia.org\/2012\/02\/325186.shtml\">1<\/a>, <a href=\"http:\/\/de.indymedia.org\/2012\/01\/323756.shtml\">2<\/a>, <a href=\"http:\/\/de.wikipedia.org\/wiki\/Proteste_in_Spanien_2011\">3<\/a>) kommt es immer wieder zu massiven Protesten und Generalstreiks. Immer weniger Menschen sind <a href=\"http:\/\/linksunten.indymedia.org\/de\/node\/55570\">bereit<\/a>,  die direkten sozialen Folgen der repressiven Krisenpolitik von Staat  und Kapital hinzunehmen. Sp\u00e4testens im Verlauf der anhaltenden Krise  stellen immer mehr Menschen die Vorstellung, Kapitalismus sei  alternativlos, grundlegend in Frage. In Griechenland <a href=\"http:\/\/linksunten.indymedia.org\/de\/node\/54408\">verweigern<\/a> sich die <a href=\"http:\/\/linksunten.indymedia.org\/de\/node\/54469\">Menschen<\/a> bereits massenhaft der kapitalistischen Logik des Sparen, Rackern und  Rasen. Auch in anderen Teilen der Welt nimmt vehement Kritik der  herrschenden Gesellschaftsordnung sp\u00fcrbar zu. Die Einsicht, dass  kapitalistischer Normalvollzug und Weltmarkt nur gegen die Interessen  der meisten Menschen zu retten sind, spricht sich rum. <a href=\"http:\/\/march31.net\/de\/2012\/news-de\/linke-gruppen-und-libertare-basisgewerkschaften-rufen-zu-europaweitem-aktionstag-auf\/\">Passend<\/a> dazu <a href=\"http:\/\/www.european-resistance.org\/de\/ak\/resolution\">organisieren<\/a> sich die bisher gr\u00f6\u00dftenteils im nationalen Rahmen vernetzten  antikapitalistischen B\u00fcndnisse und Bewegungen mehr und mehr \u00fcber  Landesgrenzen hinaus.<\/p>\n<p>Verschiedene linke <a href=\"http:\/\/www.dazwischengehen.org\/\">B\u00fcndnisse<\/a> und <a href=\"http:\/\/march31.net\/\">Netzwerke<\/a> wollen diese erfreuliche Entwicklung weiter aktiv vorantreiben und den  antikapitalistischen Protest nun auf eine neue Stufe heben. Die  unterschiedlichen regionalen Bewegungen machen erste Schritte zu einer  kontinuierlichen internationalen Vernetzung, und f\u00fcr den Fr\u00fchling 2012  sind europaweit Konferenzen (<a href=\"http:\/\/de.indymedia.org\/2012\/01\/323466.shtml\">1<\/a>, <a href=\"http:\/\/de.indymedia.org\/2012\/02\/325384.shtml\">2<\/a>) und Aktionstage (<a href=\"http:\/\/march31.net\/\">1<\/a>, <a href=\"http:\/\/www.european-resistance.org\/\">2<\/a>)  geplant. Ein Beispiel hierf\u00fcr ist das M31-B\u00fcndnis. Es ruft f\u00fcr den 31.  M\u00e4rz zu einem europaweiten Aktionstag gegen Kapitalismus auf. Der  autorit\u00e4ren Krisenpolitik der Troika aus Europ\u00e4ischer Union (EU),  Europ\u00e4ischer Zentralbank (EZB) und Internationalem W\u00e4hrungsfonds (IWF)  soll die Perspektive einer grenz\u00fcbergreifenden Selbstorganisation von  Menschen entgegengesetzt werden. Im Anschluss an den 31. M\u00e4rz  mobilisieren verschiedene B\u00fcndnisse f\u00fcr den 16.-19. Mai zu den von der  Interventionistischen Linken (IL) und anderen Gruppen und Bewegungen  geplanten <a href=\"http:\/\/www.european-resistance.org\/\">Tagen des Widerstands<\/a> in Frankfurt.<\/p>\n<p>Dieser  Artikel versucht, inhaltliche, praktische und technische Informationen  rund um den Aktionstag am 31. M\u00e4rz \u00fcbersichtlich zusammenzufassen. Der  Fokus liegt dabei auf den Aktionen in Frankfurt am Main.<\/p>\n<p><a href=\"http:\/\/de.indymedia.org\/2012\/03\/325782.shtml#worum\"><img decoding=\"async\" src=\"http:\/\/media.de.indymedia.org\/images\/2007\/05\/176334.png\" alt=\"\" \/><\/a><a href=\"http:\/\/de.indymedia.org\/2012\/03\/325782.shtml#top\"><img decoding=\"async\" src=\"http:\/\/media.de.indymedia.org\/images\/2007\/05\/176335.png\" alt=\"\" \/><\/a><a href=\"http:\/\/de.indymedia.org\/2012\/03\/325782.shtml#buendnisse\"><img decoding=\"async\" src=\"http:\/\/media.de.indymedia.org\/images\/2007\/05\/176336.png\" alt=\"\" \/><\/a><a name=\"m31\"><strong><em>Einf\u00fchrung zu M31<\/em><\/strong><\/a><\/p>\n<p><img decoding=\"async\" src=\"http:\/\/media.de.indymedia.org\/images\/2012\/03\/325773.jpg\" alt=\"\" \/><br \/>\nPlakatausschnitte der mobilisierenden B\u00fcndnisse: <a href=\"http:\/\/www.umsganze.org\/\">&#8230;umsGanze!<\/a>, <a href=\"http:\/\/m31.a-netz.org\/\">A-Netz s\u00fcdwest<\/a>, <a href=\"http:\/\/march31.net\/\">M31<\/a><\/p>\n<p>Das  M31-B\u00fcndnis ruft zu einem \u201cEuropean Day of Action against Capitalism\u201d  (europaweiter Aktionstag gegen Kapitalismus) auf. In dem B\u00fcndnis sind  verschiedene linke und anarchosyndikalistische Gruppen aus ganz Europa  organisiert. Beim Gr\u00fcndungstreffen in Frankfurt am Main waren  Vertreter*innen aus Griechenland (<a href=\"http:\/\/resistance2003.gr\/\">1<\/a> | <a href=\"http:\/\/www.ese-gr.org\/\">2<\/a>), Spanien (<a href=\"http:\/\/cnt.es\/\">1<\/a>), Polen, Deutschland (<a href=\"http:\/\/umsganze.org\/\">1<\/a>, <a href=\"http:\/\/www.fau.org\/\">2<\/a>, <a href=\"http:\/\/krise.blogsport.de\/\">3<\/a>, <a href=\"http:\/\/www.oekologische-linke.de\/\">4<\/a>) und \u00d6sterreich (<a href=\"http:\/\/m31vienna.tumblr.com\/\">1<\/a>) anwesend.<\/p>\n<p>Sp\u00e4ter sind noch Gruppen und B\u00fcndnisse aus den Niederlanden (<a href=\"http:\/\/anarcho-syndicalisme.nl\/wp\/\">1<\/a>, <a href=\"http:\/\/www.vrijebond.nl\/\">2<\/a>, <a href=\"http:\/\/www.georganiseerde-weldaad.nl\/\">3<\/a>), Belgien (<a href=\"http:\/\/antifabruxelles.wordpress.com\/\">1<\/a>, <a href=\"http:\/\/socialwarbxl.noblogs.org\/\">2<\/a>), Slowenien, D\u00e4nemark (<a href=\"http:\/\/libsoc.dk\/\">1<\/a>), Italien (<a href=\"http:\/\/www.usi-ait.org\/\">1<\/a>), der Ukraine (<a href=\"http:\/\/avtonomia.net\/\">1<\/a>) und Portugal (<a href=\"http:\/\/assembleia-popular-do-porto.blogspot.com\/\">1<\/a>)  dazugekommen. Das B\u00fcndnis r\u00fcckt die autorit\u00e4re und repressive  Krisenpolitik der EU in den Fokus. Die In einem ersten kurzen Aufruf  hei\u00dft es hierzu:<\/p>\n<blockquote><p><em>\u201cDie antikapitalistischen  Organisationen wollen damit ein deutliches Zeichen gegen den ma\u00dfgeblich  von Deutschland betriebenen Versuch unternehmen, die  Wettbewerbsf\u00e4higkeit Europas auf dem kapitalistischen Weltmarkt auf dem  R\u00fccken von Lohnabh\u00e4ngigen und MigrantInnen zu sanieren. Mit dem  international koordinierten Protest soll auch ein Zeichen gegen die  nationalistische Stimmungsmache gegen die Lohnabh\u00e4ngigen in den  s\u00fcdeurop\u00e4ischen L\u00e4ndern und die milit\u00e4rische Abschottung der  EU-Au\u00dfengrenzen gesetzt werden. Dagegen setzen die Organisatorinnen und  Organisatoren die Perspektive einer grenz\u00fcbergreifenden  Selbstorganisation der von der Sparpolitik und kapitalistischen  Ausbeutung betroffenen Menschen.\u201d<\/em><\/p><\/blockquote>\n<p>Der internationale Aufruf liegt in <a href=\"http:\/\/march31.net\/call-for-action\/\">Englisch<\/a>, <a href=\"http:\/\/march31.net\/nl\/call-for-action-dutch\/\">Holl\u00e4ndisch<\/a>, <a href=\"http:\/\/march31.net\/fr\/call-for-action-french\/\">Franz\u00f6sisch<\/a>, <a href=\"http:\/\/march31.net\/de\/call-for-action-german\/\">Deutsch<\/a>, <a href=\"http:\/\/march31.net\/it\/call-for-action-italian\/\">Italienisch<\/a>, <a href=\"http:\/\/march31.net\/es\/call-for-action-spanish\/\">Spanisch<\/a>, <a href=\"http:\/\/march31.net\/el\/call-for-action-greek\/\">Griechisch<\/a>, <a href=\"http:\/\/march31.net\/sv\/call-for-action-swedish\/\">Schwedisch<\/a> und <a href=\"http:\/\/march31.net\/tr\/call-for-action-turkish\/\">T\u00fcrkisch<\/a> vor.<\/p>\n<p>In Spanien ruft die <a href=\"http:\/\/cnt.es\/\">CNT<\/a> f\u00fcr den 29. M\u00e4rz zum Generalstreik auf (<a href=\"http:\/\/march31.net\/de\/2012\/news-de\/es-cnt-iaa-ruft-zum-generalstreik-am-29-marz\/\">1<\/a>, <a href=\"http:\/\/march31.net\/2012\/news\/spain-the-cnt-mobilises-across-the-country-against-labour-reform\/\">2<\/a>). In Utrecht (NL) ist f\u00fcr den 31. M\u00e4rz eine gro\u00dfe <a href=\"http:\/\/march31.net\/nl\/2012\/news-nl\/promotiemateriaal-m31\/\">Demonstration<\/a> <a href=\"http:\/\/march31.net\/nl\/2012\/news-nl\/mobilisatie-m31-nederland-begonnen\/\">angek\u00fcndigt<\/a>, und in Wien wird es einen <a href=\"http:\/\/m31vienna.tumblr.com\/post\/18814663470\/31-maerz-2012-europaeischer-aktionstag-gegen-den\">sozial-revolution\u00e4ren Auflauf<\/a> geben. Die Gruppen aus Deutschland haben sich dazu entschieden, am 31. M\u00e4rz eine <a href=\"http:\/\/march31.net\/de\/demo\/\">zentrale Demonstration und Aktionen<\/a> zu organisieren. Beides wird in Frankfurt am Main stattfinden. In  Griechenland wird es landesweite Proteste geben, konkrete Aktionen  werden noch angek\u00fcndigt. Und auch in den anderen L\u00e4ndern mit beteiligten  Gruppen sind Demonstrationen, Kundgebungen und Konferenzen f\u00fcr den 31.  M\u00e4rz geplant. Aller Vorraussicht nach wird also eine Menge passieren, am  31. M\u00e4rz 2012.<\/p>\n<p>Weiterf\u00fchrende Informationen findet man unter anderem in den <a href=\"http:\/\/www.fau.org\/m31\/art_120224-184548\">FAQs der FAU<\/a> zum Aktionstag, in der <a href=\"http:\/\/march31.net\/de\/2012\/news-de\/m31-times\/\">Zeitung M31-Times<\/a> (<a href=\"http:\/\/www.no-racism.de\/wp-content\/uploads\/2012\/03\/m31-times.pdf\">PDF<\/a>) und nat\u00fcrlich auf der zentralen <a href=\"http:\/\/march31.net\/de\/\">deutschsprachigen Seite des M31-B\u00fcndnisses<\/a>.<\/p>\n<p>Quelle: <a href=\"http:\/\/de.indymedia.org\/2012\/03\/325782.shtml#worum\" target=\"_blank\">http:\/\/de.indymedia.org\/2012\/03\/325782.shtml#worum<\/a><\/p>\n","protected":false},"excerpt":{"rendered":"<p>F\u00fcr den 31. M\u00e4rz 2012 rufen verschiedene B\u00fcndnisse zu einem europaweiten Aktionstag gegen die autorit\u00e4re EU-Krisenpolitik und den kapitalistischen Gesamtzusammenhang auf. Von Griechenland und Spanien \u00fcber Deutschland und \u00d6sterreich bis in die Niederlande sind Demonstrationen, Aktionen und Streiks geplant. Der Aktionstag soll die internationale Vernetzung und Organisierung der antikapitalistischen Linken vorantreiben. Inhaltlich steht die repressive Krisenpolitik Deutschlands und der EU im Fokus. In der BRD ist f\u00fcr den Tag ein antikapitalistischer Aktionstag in Frankfurt am Main angek\u00fcndigt. <a href=\"https:\/\/www.lagota.ch\/?p=1289\">Continue reading <span class=\"meta-nav\">&rarr;<\/span><\/a><\/p>\n","protected":false},"author":1,"featured_media":0,"comment_status":"open","ping_status":"open","sticky":false,"template":"","format":"standard","meta":{"footnotes":""},"categories":[49,10,6,18,108],"tags":[260,261,76,259],"class_list":["post-1289","post","type-post","status-publish","format-standard","hentry","category-antirep","category-aus-aller-welt","category-news","category-squat-the-world","category-wirtschaftskrise","tag-aktionstag","tag-fau","tag-kapitalismus","tag-m31"],"_links":{"self":[{"href":"https:\/\/www.lagota.ch\/index.php?rest_route=\/wp\/v2\/posts\/1289","targetHints":{"allow":["GET"]}}],"collection":[{"href":"https:\/\/www.lagota.ch\/index.php?rest_route=\/wp\/v2\/posts"}],"about":[{"href":"https:\/\/www.lagota.ch\/index.php?rest_route=\/wp\/v2\/types\/post"}],"author":[{"embeddable":true,"href":"https:\/\/www.lagota.ch\/index.php?rest_route=\/wp\/v2\/users\/1"}],"replies":[{"embeddable":true,"href":"https:\/\/www.lagota.ch\/index.php?rest_route=%2Fwp%2Fv2%2Fcomments&post=1289"}],"version-history":[{"count":4,"href":"https:\/\/www.lagota.ch\/index.php?rest_route=\/wp\/v2\/posts\/1289\/revisions"}],"predecessor-version":[{"id":1293,"href":"https:\/\/www.lagota.ch\/index.php?rest_route=\/wp\/v2\/posts\/1289\/revisions\/1293"}],"wp:attachment":[{"href":"https:\/\/www.lagota.ch\/index.php?rest_route=%2Fwp%2Fv2%2Fmedia&parent=1289"}],"wp:term":[{"taxonomy":"category","embeddable":true,"href":"https:\/\/www.lagota.ch\/index.php?rest_route=%2Fwp%2Fv2%2Fcategories&post=1289"},{"taxonomy":"post_tag","embeddable":true,"href":"https:\/\/www.lagota.ch\/index.php?rest_route=%2Fwp%2Fv2%2Ftags&post=1289"}],"curies":[{"name":"wp","href":"https:\/\/api.w.org\/{rel}","templated":true}]}}