{"id":1302,"date":"2012-03-24T22:21:21","date_gmt":"2012-03-24T21:21:21","guid":{"rendered":"http:\/\/www.lagota.ch\/?p=1302"},"modified":"2012-03-24T22:21:58","modified_gmt":"2012-03-24T21:21:58","slug":"bergbau-verschlingt-wasser-ressourcen-in-ecuador","status":"publish","type":"post","link":"https:\/\/www.lagota.ch\/?p=1302","title":{"rendered":"Bergbau verschlingt Wasser-Ressourcen in Ecuador"},"content":{"rendered":"<p><a href=\"https:\/\/www.lagota.ch\/wp-content\/uploads\/ecuador.jpg\"><img loading=\"lazy\" decoding=\"async\" class=\"size-full wp-image-1303 alignright\" title=\"ecuador\" src=\"https:\/\/www.lagota.ch\/wp-content\/uploads\/ecuador.jpg\" alt=\"\" width=\"300\" height=\"200\" \/><\/a>22. M\u00e4rz 2012 &#8211; Wie die Arme eines Flusses str\u00f6men tausende Indigene  und Kleinbauern in diesen Tagen auf die ecuadorianische Hauptstadt Quito  zu. Am 8. M\u00e4rz begann der \u201cMarsch f\u00fcr das Wasser, das Leben und die  W\u00fcrde der Menschen\u201d. Die Demonstranten kritisieren das Wirtschaftsmodell  der Regierung, das einseitig den Bergbau f\u00f6rdert. Dies stellt eine  gro\u00dfe Bedrohung f\u00fcr die Wasserversorgung der Menschen dar.<br \/>\n\u201cWasser ist nicht verk\u00e4uflich, es muss verteidigt werden!\u201d und  \u201cWasser ist Leben!\u201d, schallt es aus tausenden Kehlen auf den  Protestz\u00fcgen. Die traditionelle Nutzung der nat\u00fcrlichen Wasserquellen  ist f\u00fcr die meisten Ecuadorianer eine Lebensgrundlage. Wasser ist hier  kein Marktprodukt, sondern ein Gemeingut: Der freie Zugang zu  nat\u00fcrlichen und sauberen Wasserressourcen gilt als Menschenrecht, das  sogar in der Verfassung des Landes festgeschrieben wurde. Allerdings  gibt es immer mehr Konflikte um die Nutzung der Wasser-Ressourcen  zwischen Unternehmen und der Bev\u00f6lkerung.<\/p>\n<p><strong>Bergbau verschlingt Wasser-Ressourcen<\/strong><br \/>\nDie Demonstranten fordern, dass ihre nat\u00fcrlichen Ressourcen nicht  dem Rohstoffabbau geopfert werden. Denn der Bergbau verschlingt enorme  Mengen an Wasser. Allein die Mine \u201cMirador\u201d in der ecuadorianischen  Provinz Zamora Chinchipe an der Grenze zu Peru verbraucht pro Sekunde  140 Liter Wasser. Das sind zwei Millionen Liter Wasser am Tag, die aus  den anliegenden Fl\u00fcssen entnommen werden und in der Folge den  benachbarten Ortschaften fehlen. Dabei braucht die Bev\u00f6lkerung dieses  Wasser, um Land- und Viehwirtschaft zu betreiben. Die Mine \u201cMirador\u201d ist  nur eines von vielen Bergbauprojekten in Ecuador.<\/p>\n<p>Bitte <a href=\"https:\/\/www.regenwald.org\/aktion\/863\/bitte-unterstutzen-sie-den-marsch-fur-das-wasser-und-das-leben%20\">unterschreiben Sie den Brief<\/a> an den Pr\u00e4sidenten Rafael Correa und erkl\u00e4ren sich solidarisch mit den  Forderungen der ecuadorianischen Bev\u00f6lkerung auf freien Zugang zu Wasser  und das Recht auf eine saubere Umwelt.<\/p>\n<p>Quelle: <a href=\"http:\/\/linksunten.indymedia.org\/de\/node\/56909\" target=\"_blank\">http:\/\/linksunten.indymedia.org\/de\/node\/56909<\/a><\/p>\n","protected":false},"excerpt":{"rendered":"<p>Wie die Arme eines Flusses str\u00f6men tausende Indigene und Kleinbauern in diesen Tagen auf die ecuadorianische Hauptstadt Quito zu. Am 8. M\u00e4rz begann der \u201cMarsch f\u00fcr das Wasser, das Leben und die W\u00fcrde der Menschen\u201d. Die Demonstranten kritisieren das Wirtschaftsmodell der Regierung, das einseitig den Bergbau f\u00f6rdert. Dies stellt eine gro\u00dfe Bedrohung f\u00fcr die Wasserversorgung der Menschen dar. <a href=\"https:\/\/www.lagota.ch\/?p=1302\">Continue reading <span class=\"meta-nav\">&rarr;<\/span><\/a><\/p>\n","protected":false},"author":1,"featured_media":0,"comment_status":"open","ping_status":"open","sticky":false,"template":"","format":"standard","meta":{"footnotes":""},"categories":[10,6,21],"tags":[265,266,268,267,269],"class_list":["post-1302","post","type-post","status-publish","format-standard","hentry","category-aus-aller-welt","category-news","category-okologie","tag-ecuador","tag-indigene","tag-leben","tag-marsch-fur-das-wasser","tag-quito"],"_links":{"self":[{"href":"https:\/\/www.lagota.ch\/index.php?rest_route=\/wp\/v2\/posts\/1302","targetHints":{"allow":["GET"]}}],"collection":[{"href":"https:\/\/www.lagota.ch\/index.php?rest_route=\/wp\/v2\/posts"}],"about":[{"href":"https:\/\/www.lagota.ch\/index.php?rest_route=\/wp\/v2\/types\/post"}],"author":[{"embeddable":true,"href":"https:\/\/www.lagota.ch\/index.php?rest_route=\/wp\/v2\/users\/1"}],"replies":[{"embeddable":true,"href":"https:\/\/www.lagota.ch\/index.php?rest_route=%2Fwp%2Fv2%2Fcomments&post=1302"}],"version-history":[{"count":3,"href":"https:\/\/www.lagota.ch\/index.php?rest_route=\/wp\/v2\/posts\/1302\/revisions"}],"predecessor-version":[{"id":1306,"href":"https:\/\/www.lagota.ch\/index.php?rest_route=\/wp\/v2\/posts\/1302\/revisions\/1306"}],"wp:attachment":[{"href":"https:\/\/www.lagota.ch\/index.php?rest_route=%2Fwp%2Fv2%2Fmedia&parent=1302"}],"wp:term":[{"taxonomy":"category","embeddable":true,"href":"https:\/\/www.lagota.ch\/index.php?rest_route=%2Fwp%2Fv2%2Fcategories&post=1302"},{"taxonomy":"post_tag","embeddable":true,"href":"https:\/\/www.lagota.ch\/index.php?rest_route=%2Fwp%2Fv2%2Ftags&post=1302"}],"curies":[{"name":"wp","href":"https:\/\/api.w.org\/{rel}","templated":true}]}}