{"id":1319,"date":"2012-03-30T16:50:57","date_gmt":"2012-03-30T15:50:57","guid":{"rendered":"http:\/\/www.lagota.ch\/?p=1319"},"modified":"2012-03-30T16:50:57","modified_gmt":"2012-03-30T15:50:57","slug":"europaweite-mobilisierung-gegen-kapitalismus-und-autoritare-krisenpolitik","status":"publish","type":"post","link":"https:\/\/www.lagota.ch\/?p=1319","title":{"rendered":"Europaweite Mobilisierung gegen Kapitalismus und autorit\u00e4re Krisenpolitik"},"content":{"rendered":"<p><a href=\"https:\/\/www.lagota.ch\/wp-content\/uploads\/m31.jpg\"><img loading=\"lazy\" decoding=\"async\" class=\"alignright size-full wp-image-1320\" title=\"m31\" src=\"https:\/\/www.lagota.ch\/wp-content\/uploads\/m31.jpg\" alt=\"\" width=\"315\" height=\"287\" srcset=\"https:\/\/www.lagota.ch\/wp-content\/uploads\/m31.jpg 640w, https:\/\/www.lagota.ch\/wp-content\/uploads\/m31-300x274.jpg 300w\" sizes=\"auto, (max-width: 315px) 100vw, 315px\" \/><\/a>Am Samstag, den 31. M\u00e4rz werden in ganz Europa gro\u00dfe Demonstrationen,   Streiks und Besetzungen gegen die autorit\u00e4re Krisenpolitik der EU   stattfinden. Hintergrund ist der \u201eeuropaweite Aktionstag gegen den   Kapitalismus\u201c, der von verschiedenen linken Gruppen und   Basisgewerkschaften unter dem gemeinsamen Label\u00a0 \u201eM31\u201c organisiert wird.   \u2028Die antiautorit\u00e4ren Organisationen wollen damit ein deutliches  Zeichen  gegen den ma\u00dfgeblich von Deutschland betriebenen Versuch  unternehmen,  die Wettbewerbsf\u00e4higkeit Europas auf dem R\u00fccken von  Lohnabh\u00e4ngigen und  MigrantInnen zu sanieren. Mit dem international  koordinierten Protest  soll auch ein Zeichen gegen die nationalistische  Stimmungsmache  gegen\u00fcber Lohnabh\u00e4ngigen in den s\u00fcdeurop\u00e4ischen L\u00e4ndern  und die  milit\u00e4rische Abschottung der EU-Au\u00dfengrenzen gesetzt werden.  Dagegen  setzen die Organisatorinnen und Organisatoren die Perspektive  einer  grenz\u00fcbergreifenden Selbstorganisation der von der Sparpolitik   betroffenen Menschen.<\/p>\n<p>Insgesamt soll der Aktionstag im Fr\u00fchjahr den Auftakt f\u00fcr eine   weitergehende, europaweite Kooperation linker Gruppen und   Basisgewerkschaften mit massiven Protesten im ganzen Jahr 2012   darstellen. In ganz Europa werden am 31. M\u00e4rz verschiedene Aktionen   stattfinden. Demonstrationen und weitere Aktionen wird es an diesem Tag   mindestens in 42 St\u00e4dten in Griechenland, Italien, Spanien, Polen,   Deutschland, \u00d6sterreich, England, Frankreich, D\u00e4nemark, den   Niederlanden, Slowenien, Kroatien, der Ukraine und in New York geben. In   Spanien wird inzwischen sogar bereits f\u00fcr den 29. M\u00e4rz zu einem   landesweiten Generalstreik mobilisiert. Diese Form internationaler   Koordinierung des Widerstandes in der \u201eEuro-Krise\u201c stellt eine neue   Qualit\u00e4t in der Zusammenarbeit der antikapitalistischen Linken dar.<\/p>\n<p>In Deutschland soll die zentrale Aktion am 31. M\u00e4rz 2012 in Frankfurt   a.M. stattfinden. Im Rahmen einer Demonstration \u201ef\u00fcr die Stilllegung   der EZB\u201c, zu der von einem breiten B\u00fcndnis seit Monaten bundesweit   mobilisiert wird, soll hier die Baustelle der neuen Europ\u00e4ischen   Zentralbank \u201ebesucht\u201c werden. Dazu werden mehrere tausend   TeilnehmerInnen erwartet.<\/p>\n<p>Weitere Informationen auf der internationalen Website des M31 Netzwerkes:\u00a0<a href=\"http:\/\/march31.net\/\">march31.net<\/a><\/p>\n<p>Quelle: <a href=\"http:\/\/www.trueten.de\/archives\/7692-Europaweite-Mobilisierung-gegen-Kapitalismus-und-autoritaere-Krisenpolitik.html\" target=\"_blank\">http:\/\/www.trueten.de\/archives\/7692-Europaweite-Mobilisierung-gegen-Kapitalismus-und-autoritaere-Krisenpolitik.html<\/a><\/p>\n","protected":false},"excerpt":{"rendered":"<p>Am Samstag, den 31. M\u00e4rz werden in ganz Europa gro\u00dfe Demonstrationen, Streiks und Besetzungen gegen die autorit\u00e4re Krisenpolitik der EU stattfinden. Hintergrund ist der \u201eeuropaweite Aktionstag gegen den Kapitalismus\u201c, der von verschiedenen linken Gruppen und Basisgewerkschaften unter dem gemeinsamen Label  \u201eM31\u201c organisiert wird. \u2028Die antiautorit\u00e4ren Organisationen wollen damit ein deutliches Zeichen gegen den ma\u00dfgeblich von Deutschland betriebenen Versuch unternehmen, die Wettbewerbsf\u00e4higkeit Europas auf dem R\u00fccken von Lohnabh\u00e4ngigen und MigrantInnen zu sanieren. <a href=\"https:\/\/www.lagota.ch\/?p=1319\">Continue reading <span class=\"meta-nav\">&rarr;<\/span><\/a><\/p>\n","protected":false},"author":1,"featured_media":0,"comment_status":"open","ping_status":"open","sticky":false,"template":"","format":"standard","meta":{"footnotes":""},"categories":[14,10,18,108],"tags":[155,276,275,259],"class_list":["post-1319","post","type-post","status-publish","format-standard","hentry","category-arbeitskampf","category-aus-aller-welt","category-squat-the-world","category-wirtschaftskrise","tag-antikapitalismus","tag-demonstrationen","tag-europa","tag-m31"],"_links":{"self":[{"href":"https:\/\/www.lagota.ch\/index.php?rest_route=\/wp\/v2\/posts\/1319","targetHints":{"allow":["GET"]}}],"collection":[{"href":"https:\/\/www.lagota.ch\/index.php?rest_route=\/wp\/v2\/posts"}],"about":[{"href":"https:\/\/www.lagota.ch\/index.php?rest_route=\/wp\/v2\/types\/post"}],"author":[{"embeddable":true,"href":"https:\/\/www.lagota.ch\/index.php?rest_route=\/wp\/v2\/users\/1"}],"replies":[{"embeddable":true,"href":"https:\/\/www.lagota.ch\/index.php?rest_route=%2Fwp%2Fv2%2Fcomments&post=1319"}],"version-history":[{"count":2,"href":"https:\/\/www.lagota.ch\/index.php?rest_route=\/wp\/v2\/posts\/1319\/revisions"}],"predecessor-version":[{"id":1322,"href":"https:\/\/www.lagota.ch\/index.php?rest_route=\/wp\/v2\/posts\/1319\/revisions\/1322"}],"wp:attachment":[{"href":"https:\/\/www.lagota.ch\/index.php?rest_route=%2Fwp%2Fv2%2Fmedia&parent=1319"}],"wp:term":[{"taxonomy":"category","embeddable":true,"href":"https:\/\/www.lagota.ch\/index.php?rest_route=%2Fwp%2Fv2%2Fcategories&post=1319"},{"taxonomy":"post_tag","embeddable":true,"href":"https:\/\/www.lagota.ch\/index.php?rest_route=%2Fwp%2Fv2%2Ftags&post=1319"}],"curies":[{"name":"wp","href":"https:\/\/api.w.org\/{rel}","templated":true}]}}