{"id":1327,"date":"2012-04-06T18:21:28","date_gmt":"2012-04-06T17:21:28","guid":{"rendered":"http:\/\/www.lagota.ch\/?p=1327"},"modified":"2012-04-06T18:21:28","modified_gmt":"2012-04-06T17:21:28","slug":"was-gesagt-werden-muss","status":"publish","type":"post","link":"https:\/\/www.lagota.ch\/?p=1327","title":{"rendered":"Was gesagt werden muss"},"content":{"rendered":"<p>Was gesagt werden muss<br \/>\nVon G\u00fcnter Grass<\/p>\n<p>&#8220;Warum schweige ich, verschweige zu lange, was offensichtlich ist und in Planspielen ge\u00fcbt wurde, an deren Ende als \u00dcberlebende wir allenfalls Fu\u00dfnoten sind.<\/p>\n<p>Es ist das behauptete Recht auf den Erstschlag, der das von einem Maulhelden unterjochte und zum organisierten Jubel gelenkte iranische Volk ausl\u00f6schen k\u00f6nnte, weil in dessen Machtbereich der Bau einer Atombombe vermutet wird.<\/p>\n<p>Doch warum untersage ich mir, jenes andere Land beim Namen zu nennen, in dem seit Jahren &#8211; wenn auch geheimgehalten &#8211; ein wachsend nukleares Potential verf\u00fcgbar aber au\u00dfer Kontrolle, weil keiner Pr\u00fcfung zug\u00e4nglich ist?<\/p>\n<p>Das allgemeine Verschweigen dieses Tatbestandes, dem sich mein Schweigen untergeordnet hat, empfinde ich als belastende L\u00fcge und Zwang, der Strafe in Aussicht stellt, sobald er mi\u00dfachtet wird; das Verdikt &#8220;Antisemitismus&#8221; ist gel\u00e4ufig.<\/p>\n<p>Jetzt aber, weil aus meinem Land, das von ureigenen Verbrechen, die ohne Vergleich sind, Mal um Mal eingeholt und zur Rede gestellt wird, wiederum und rein gesch\u00e4ftsm\u00e4\u00dfig, wenn auch mit flinker Lippe als Wiedergutmachung deklariert, ein weiteres U-Boot nach Israel geliefert werden soll, dessen Spezialit\u00e4t darin besteht, allesvernichtende Sprengk\u00f6pfe dorthin lenken zu k\u00f6nnen, wo die Existenz einer einzigen Atombombe unbewiesen ist, doch als Bef\u00fcrchtung von Beweiskraft sein will, sage ich, was gesagt werden mu\u00df.<\/p>\n<p>Warum aber schwieg ich bislang? Weil ich meinte, meine Herkunft, die von nie zu tilgendem Makel behaftet ist, verbiete, diese Tatsache als ausgesprochene Wahrheit dem Land Israel, dem ich verbunden bin und bleiben will, zuzumuten.<\/p>\n<p>ANZEIGE<br \/>\nWarum sage ich jetzt erst, gealtert und mit letzter Tinte: Die Atommacht Israel gef\u00e4hrdet den ohnehin br\u00fcchigen Weltfrieden? Weil gesagt werden mu\u00df, was schon morgen zu sp\u00e4t sein k\u00f6nnte; auch weil wir &#8211; als Deutsche belastet genug &#8211; Zulieferer eines Verbrechens werden k\u00f6nnten, das voraussehbar ist, weshalb unsere Mitschuld durch keine der \u00fcblichen Ausreden zu tilgen w\u00e4re.<\/p>\n<p>Und zugegeben: ich schweige nicht mehr, weil ich der Heuchelei des Westens \u00fcberdr\u00fcssig bin; zudem ist zu hoffen, es m\u00f6gen sich viele vom Schweigen befreien, den Verursacher der erkennbaren Gefahr zum Verzicht auf Gewalt auffordern und gleichfalls darauf bestehen, da\u00df eine unbehinderte und permanente Kontrolle des israelischen atomaren Potentials und der iranischen Atomanlagen durch eine internationale Instanz von den Regierungen beider L\u00e4nder zugelassen wird.<\/p>\n<p>Nur so ist allen, den Israelis und Pal\u00e4stinensern, mehr noch, allen Menschen, die in dieser vom Wahn okkupierten Region dicht bei dicht verfeindet leben und letztlich auch uns zu helfen.&#8221;<\/p>\n","protected":false},"excerpt":{"rendered":"<p>&#8220;Warum schweige ich, verschweige zu lange, was offensichtlich ist und in Planspielen ge\u00fcbt wurde, an deren Ende als \u00dcberlebende wir allenfalls Fu\u00dfnoten sind.<\/p>\n<p>Es ist das behauptete Recht auf den Erstschlag, der das von einem Maulhelden unterjochte und zum organisierten Jubel gelenkte iranische Volk ausl\u00f6schen k\u00f6nnte, weil in dessen Machtbereich der Bau einer Atombombe vermutet wird. <a href=\"https:\/\/www.lagota.ch\/?p=1327\">Continue reading <span class=\"meta-nav\">&rarr;<\/span><\/a><\/p>\n","protected":false},"author":1,"featured_media":0,"comment_status":"open","ping_status":"open","sticky":false,"template":"","format":"standard","meta":{"footnotes":""},"categories":[10,6],"tags":[281,280,283,282],"class_list":["post-1327","post","type-post","status-publish","format-standard","hentry","category-aus-aller-welt","category-news","tag-atomkrieg","tag-gunter-grass","tag-iran","tag-israel"],"_links":{"self":[{"href":"https:\/\/www.lagota.ch\/index.php?rest_route=\/wp\/v2\/posts\/1327","targetHints":{"allow":["GET"]}}],"collection":[{"href":"https:\/\/www.lagota.ch\/index.php?rest_route=\/wp\/v2\/posts"}],"about":[{"href":"https:\/\/www.lagota.ch\/index.php?rest_route=\/wp\/v2\/types\/post"}],"author":[{"embeddable":true,"href":"https:\/\/www.lagota.ch\/index.php?rest_route=\/wp\/v2\/users\/1"}],"replies":[{"embeddable":true,"href":"https:\/\/www.lagota.ch\/index.php?rest_route=%2Fwp%2Fv2%2Fcomments&post=1327"}],"version-history":[{"count":1,"href":"https:\/\/www.lagota.ch\/index.php?rest_route=\/wp\/v2\/posts\/1327\/revisions"}],"predecessor-version":[{"id":1328,"href":"https:\/\/www.lagota.ch\/index.php?rest_route=\/wp\/v2\/posts\/1327\/revisions\/1328"}],"wp:attachment":[{"href":"https:\/\/www.lagota.ch\/index.php?rest_route=%2Fwp%2Fv2%2Fmedia&parent=1327"}],"wp:term":[{"taxonomy":"category","embeddable":true,"href":"https:\/\/www.lagota.ch\/index.php?rest_route=%2Fwp%2Fv2%2Fcategories&post=1327"},{"taxonomy":"post_tag","embeddable":true,"href":"https:\/\/www.lagota.ch\/index.php?rest_route=%2Fwp%2Fv2%2Ftags&post=1327"}],"curies":[{"name":"wp","href":"https:\/\/api.w.org\/{rel}","templated":true}]}}