{"id":1334,"date":"2012-04-10T20:39:44","date_gmt":"2012-04-10T19:39:44","guid":{"rendered":"http:\/\/www.lagota.ch\/?p=1334"},"modified":"2012-04-10T20:40:12","modified_gmt":"2012-04-10T19:40:12","slug":"die-industriestrasse-eine-der-letzten-oasen-kulturellen-freiraumes-der-stadt-luzern-ist-akut-in-gefahr","status":"publish","type":"post","link":"https:\/\/www.lagota.ch\/?p=1334","title":{"rendered":"Die Industriestrasse, eine der letzten Oasen kulturellen Freiraumes der Stadt Luzern, ist akut in Gefahr"},"content":{"rendered":"<p><a href=\"https:\/\/www.lagota.ch\/wp-content\/uploads\/industriestrasse1.jpg\"><img loading=\"lazy\" decoding=\"async\" class=\"alignright size-full wp-image-1336\" title=\"industriestrasse\" src=\"https:\/\/www.lagota.ch\/wp-content\/uploads\/industriestrasse1.jpg\" alt=\"\" width=\"559\" height=\"372\" srcset=\"https:\/\/www.lagota.ch\/wp-content\/uploads\/industriestrasse1.jpg 559w, https:\/\/www.lagota.ch\/wp-content\/uploads\/industriestrasse1-300x199.jpg 300w\" sizes=\"auto, (max-width: 559px) 100vw, 559px\" \/><\/a>Nach der Durchf\u00fchrung eines Investorenwettbewerbs soll das gesamte Areal, ohne R\u00fccksicht auf bestehende Strukturen, \u00fcberbaut werden. Die gemischte Quartierbev\u00f6lkerung, das vielseitige Gewerbe und die zahlreichen Kunst- und Kulturschaffenden werden dabei ohne bestehende Alternativen aus der Stadt verdr\u00e4ngt.<\/p>\n<p>Auch wir sind ein Teil der Stadt!<\/p>\n<p>In unserer Vielf\u00e4ltig- und Einzigartigkeit stehen wir zusammen. Wir schliessen uns zusammen zur IG- Industriestrasse. Wir: Frauen, M\u00e4nner, Kinder, Familien, Studenten, Handwerker, Kleinunternehmer, Kunst- und Kulturschaffende der Stadt Luzern.<br \/>\nWir, die seit Jahrzehnten in dieser Strasse leben, arbeiten und wohnen und einen wichtigen Beitrag zu einer vielseitigen und durchmischten Stadtkultur Luzerns leisten.<br \/>\nWir setzen uns ein, f\u00fcr den Erhalt der Industriestrasse, f\u00fcr eine lebendige Stadt Luzern, f\u00fcr eine Stadt f\u00fcr alle.<br \/>\nUnterst\u00fctze auch Du uns und unterschreibe noch heute die Initiative.<\/p>\n<p>Quelle: <a href=\"http:\/\/www.industriestrasse.ch\" target=\"_blank\">www.industriestrasse.ch<\/a><\/p>\n","protected":false},"excerpt":{"rendered":"<p>Nach der Durchf\u00fchrung eines Investorenwettbewerbs soll das gesamte Areal, ohne R\u00fccksicht auf bestehende Strukturen, \u00fcberbaut werden. Die gemischte Quartierbev\u00f6lkerung, das vielseitige Gewerbe und die zahlreichen Kunst- und Kulturschaffenden werden dabei ohne bestehende Alternativen aus der Stadt verdr\u00e4ngt.<br \/>\nAuch wir sind ein Teil der Stadt!<\/p>\n<p> <a href=\"https:\/\/www.lagota.ch\/?p=1334\">Continue reading <span class=\"meta-nav\">&rarr;<\/span><\/a><\/p>\n","protected":false},"author":1,"featured_media":0,"comment_status":"open","ping_status":"open","sticky":false,"template":"","format":"standard","meta":{"footnotes":""},"categories":[11,6],"tags":[286,194,285,44,284],"class_list":["post-1334","post","type-post","status-publish","format-standard","hentry","category-luzern","category-news","tag-freiraum","tag-industriestrasse","tag-kleingewerbe","tag-kultur","tag-raumplanung"],"_links":{"self":[{"href":"https:\/\/www.lagota.ch\/index.php?rest_route=\/wp\/v2\/posts\/1334","targetHints":{"allow":["GET"]}}],"collection":[{"href":"https:\/\/www.lagota.ch\/index.php?rest_route=\/wp\/v2\/posts"}],"about":[{"href":"https:\/\/www.lagota.ch\/index.php?rest_route=\/wp\/v2\/types\/post"}],"author":[{"embeddable":true,"href":"https:\/\/www.lagota.ch\/index.php?rest_route=\/wp\/v2\/users\/1"}],"replies":[{"embeddable":true,"href":"https:\/\/www.lagota.ch\/index.php?rest_route=%2Fwp%2Fv2%2Fcomments&post=1334"}],"version-history":[{"count":3,"href":"https:\/\/www.lagota.ch\/index.php?rest_route=\/wp\/v2\/posts\/1334\/revisions"}],"predecessor-version":[{"id":1339,"href":"https:\/\/www.lagota.ch\/index.php?rest_route=\/wp\/v2\/posts\/1334\/revisions\/1339"}],"wp:attachment":[{"href":"https:\/\/www.lagota.ch\/index.php?rest_route=%2Fwp%2Fv2%2Fmedia&parent=1334"}],"wp:term":[{"taxonomy":"category","embeddable":true,"href":"https:\/\/www.lagota.ch\/index.php?rest_route=%2Fwp%2Fv2%2Fcategories&post=1334"},{"taxonomy":"post_tag","embeddable":true,"href":"https:\/\/www.lagota.ch\/index.php?rest_route=%2Fwp%2Fv2%2Ftags&post=1334"}],"curies":[{"name":"wp","href":"https:\/\/api.w.org\/{rel}","templated":true}]}}