{"id":1370,"date":"2012-05-10T13:05:05","date_gmt":"2012-05-10T12:05:05","guid":{"rendered":"http:\/\/www.lagota.ch\/?p=1370"},"modified":"2012-05-10T13:05:05","modified_gmt":"2012-05-10T12:05:05","slug":"keine-rehabilitierung-von-faschisten","status":"publish","type":"post","link":"https:\/\/www.lagota.ch\/?p=1370","title":{"rendered":"Keine Rehabilitierung von Faschisten"},"content":{"rendered":"<p><a href=\"https:\/\/www.lagota.ch\/wp-content\/uploads\/antifa.jpg\"><img loading=\"lazy\" decoding=\"async\" class=\"alignleft size-full wp-image-1282\" title=\"antifa\" src=\"https:\/\/www.lagota.ch\/wp-content\/uploads\/antifa.jpg\" alt=\"\" width=\"300\" height=\"300\" srcset=\"https:\/\/www.lagota.ch\/wp-content\/uploads\/antifa.jpg 300w, https:\/\/www.lagota.ch\/wp-content\/uploads\/antifa-150x150.jpg 150w\" sizes=\"auto, (max-width: 300px) 100vw, 300px\" \/><\/a>Am 11. Mai 2012 wird in Belgrad vor dem Obersten Gericht Serbiens  die Rehabilitierung des \u010cetnik-Anf\u00fchrers Dragoljub Mahailoi\u0107 verhandelt.  Eventuell wird an diesem Tag ebenfalls abschlie\u00dfend dar\u00fcber  entschieden. Damit soll auf juristischem Wege die Geschichte des Zweiten  Weltkrieges im ehemaligen Jugoslawien revidiert werden.  Antifaschistische Gruppen und Initiativen in Belgrad und Berlin werden  dies nicht unkommentiert lassen und sich dem nationalistischen  Geschichtsrevisionismus entgegen stellen.<\/p>\n<div>Dragoljub  Mihailovi\u0107 war w\u00e4hrend des Zweiten Weltkrieges der Anf\u00fchrer der  nationalistischen, k\u00f6nigstreuen \u010cetniks. Um ihre nationalistischen und  chauvinistischen Ziele umzusetzen zu k\u00f6nnen, stellten sie sich auf die  Seite der faschistischen Besatzer und kollaborierten offen mit ihnen.  Sie waren verantwortlich f\u00fcr Massaker an Muslim_innen, Kroat_innen und  Partisan_innen w\u00e4hrend des Zweiten Weltkrieges denen tausende Menschen  zum Opfer fielen.<\/div>\n<div>Mit der Rehabilitierung von  Mahailovi\u0107 soll dem serbischen Nationalismus, der f\u00fcr die Verbrechen der  Kriege der 1990er Jahre als Legitimation diente, offiziell dem  antifaschistischen und jugoslawischen Widerstand der Partisan_innen  entgegengestellt werden. Damit wird sowohl der linke und  antikapitalistischen, als auch der gesamt jugoslawische Charakter der  Partisan_innenbewegung delegitimiert und somit als gesellschaftliche  Alternative zum nationalistisch neoliberalen Kapitalismus aus der  \u00d6ffentlichkeit verbannt. Dabei werden auch die deutschen Verbrechen und  Verantwortungen am Zweiten Weltkrieg marginalisiert und gleichsam  gerechtfertig. Serbien ist hierbei nur ein Beispiel eines europaweiten  Geschichtsrevisionismus bez\u00fcglich des Zweiten Weltkrieges, der T\u00e4ter zu  Opfer und den antifaschistischen Widerstand zu Verbrechern umzuschreiben  versucht. Einen Entwicklung, die wir als internationalistische und  geschichtsbewusste Antifaschist_innen nicht hinnehmen werden, weder in  der BRD, noch in Serbien oder sonstwo auf der Welt.<\/div>\n<div><em><strong>Gegen die Rehabilitierung von Kollaborateuren und Faschisten &#8211; weltweit! <\/strong><\/em><\/div>\n<div><em><strong>F\u00fcr die Ehrung des antifaschistischen jugoslawischen Partisan_innenwiderstand f\u00fcr die Befreiung vom Faschismus!<\/strong><\/em><\/div>\n<div><em><strong><br \/>\n<\/strong><\/em><\/div>\n<div><em><strong>Solidarit\u00e4t mit den Antifas in Belgrad und ex-Jugoslawien!<\/strong><\/em><\/div>\n<div><em><strong>Kein Vergeben &#8211; kein Vergessen! Nie wieder Krieg &#8211; nie wieder Faschismus!<\/strong><\/em><\/div>\n<div><em><strong><br \/>\n<\/strong><\/em><\/div>\n<div><em><strong>Smrt fa\u0161izmu &#8211; sloboda narodu!<\/p>\n<p><strong>Quelle:<\/strong> <\/strong><\/em><a href=\"http:\/\/www.antifa.de\/cms\/content\/view\/1883\/1\/\" target=\"_blank\">http:\/\/www.antifa.de\/cms\/content\/view\/1883\/1\/<\/a><\/div>\n","protected":false},"excerpt":{"rendered":"<p>Am 11. Mai 2012 soll der \u010cetnik-Anf\u00fchrer und Kollaborateur Dragoljub Mahailoi\u0107 in Belgrad rehabilitiert werden. Mit der Rehabilitierung von Mahailovi\u0107 soll der serbischen Nationalismus offiziell dem jugoslawischen antifaschistischen Widerstand der Tito Partisan_innen gleichgestellt werden. Das Solidarit\u00e4tsnetzwerk f\u00fcr die Antifas in Ex-Jugoslawien SolidarnOST und Antifas in Belgrad rufen zum gemeinsamen Protest dagegen auf.<\/p>\n<p>Gegen die Rehabilitierung von Kollaborateuren und Faschisten &#8211; weltweit! F\u00fcr die Ehrung des jugoslawischen Partisan_innenwiderstand f\u00fcr die Befreiung vom Faschismus! Smrt fa\u0161izmu &#8211; sloboda narodu!  <a href=\"https:\/\/www.lagota.ch\/?p=1370\">Continue reading <span class=\"meta-nav\">&rarr;<\/span><\/a><\/p>\n","protected":false},"author":1,"featured_media":0,"comment_status":"open","ping_status":"open","sticky":false,"template":"","format":"standard","meta":{"footnotes":""},"categories":[13,10,6],"tags":[1149,302,303],"class_list":["post-1370","post","type-post","status-publish","format-standard","hentry","category-antifa","category-aus-aller-welt","category-news","tag-antifa","tag-belgrad","tag-rehabilitierung"],"_links":{"self":[{"href":"https:\/\/www.lagota.ch\/index.php?rest_route=\/wp\/v2\/posts\/1370","targetHints":{"allow":["GET"]}}],"collection":[{"href":"https:\/\/www.lagota.ch\/index.php?rest_route=\/wp\/v2\/posts"}],"about":[{"href":"https:\/\/www.lagota.ch\/index.php?rest_route=\/wp\/v2\/types\/post"}],"author":[{"embeddable":true,"href":"https:\/\/www.lagota.ch\/index.php?rest_route=\/wp\/v2\/users\/1"}],"replies":[{"embeddable":true,"href":"https:\/\/www.lagota.ch\/index.php?rest_route=%2Fwp%2Fv2%2Fcomments&post=1370"}],"version-history":[{"count":2,"href":"https:\/\/www.lagota.ch\/index.php?rest_route=\/wp\/v2\/posts\/1370\/revisions"}],"predecessor-version":[{"id":1372,"href":"https:\/\/www.lagota.ch\/index.php?rest_route=\/wp\/v2\/posts\/1370\/revisions\/1372"}],"wp:attachment":[{"href":"https:\/\/www.lagota.ch\/index.php?rest_route=%2Fwp%2Fv2%2Fmedia&parent=1370"}],"wp:term":[{"taxonomy":"category","embeddable":true,"href":"https:\/\/www.lagota.ch\/index.php?rest_route=%2Fwp%2Fv2%2Fcategories&post=1370"},{"taxonomy":"post_tag","embeddable":true,"href":"https:\/\/www.lagota.ch\/index.php?rest_route=%2Fwp%2Fv2%2Ftags&post=1370"}],"curies":[{"name":"wp","href":"https:\/\/api.w.org\/{rel}","templated":true}]}}