{"id":1400,"date":"2012-05-24T21:32:14","date_gmt":"2012-05-24T20:32:14","guid":{"rendered":"https:\/\/www.lagota.ch\/?p=1400"},"modified":"2012-05-24T22:24:59","modified_gmt":"2012-05-24T21:24:59","slug":"soli-konzert-fur-revolutionare-aktivistinnen-in-griechenland-sedel","status":"publish","type":"post","link":"https:\/\/www.lagota.ch\/?p=1400","title":{"rendered":"Soli Konzert f\u00fcr Revolution\u00e4re AktivistInnen in Griechenland @ Sedel"},"content":{"rendered":"<p><a href=\"https:\/\/www.lagota.ch\/wp-content\/uploads\/059b+soli_greece_2012_25.5.12.jpg\"><img loading=\"lazy\" decoding=\"async\" class=\"alignnone size-full\" src=\"https:\/\/www.lagota.ch\/wp-content\/uploads\/059b+soli_greece_2012_25.5.12.jpg\" alt=\"\" title=\"059b+soli_greece_2012_25.5.12.jpg\" width=\"320\" height=\"452\" \/><\/a><\/p>\n<p><b>Freitag, 25. Mai 2012<br \/>\nMusikzentrum Sedel<br \/>\n21h<\/b><\/p>\n<p>Die Situation in Griechenland spitzt sich immer mehr zu. Das neoliberale, von der EU aufgezwungene System befindet sich, trotz aller \u201eRettungsversuche\u201c im Zusammenbruch. So werden beispielsweise Sozialleistungen immer mehr gek\u00fcrzt, Regelungen von Mindestl\u00f6hnen abgeschafft und das Bildungssystem Schritt f\u00fcr Schritt privatisiert.<br \/>\nIm gleichen Zug wird der Repressions-Apparat immer st\u00e4rker und nimmt faschistoide Z\u00fcge an. Es werden willk\u00fcrlich Menschen verhaftet, zusammengeschlagen &#038; mit haltlosen Vorw\u00fcrfen vor Gericht gestellt.<br \/>\nMit diesem Konzert versuchen wir unsere GenossInnen ein wenig in ihrem Kampf zu unterst\u00fctzen, kommt zahlreich &#038; helft mit!!!<br \/>\n-SHADY AND THE VAMP (Garage RocknRoll Punk)  http:\/\/www.myspace.com\/shadyandthevamp<br \/>\n-A RIVER CROSSING (Post-Rock)  http:\/\/soundcloud.com\/arivercrossing<br \/>\n-KAPNORTH (Classic Rock\/Electro\/Progressive) http:\/\/www.myspace.com\/kapnorth<br \/>\n-TS KAIXO (Revolutionary Tunes)<\/p>\n","protected":false},"excerpt":{"rendered":"<p>Freitag, 25. Mai 2012 Musikzentrum Sedel 21h Die Situation in Griechenland spitzt sich immer mehr zu. Das neoliberale, von der EU aufgezwungene System befindet sich, trotz aller \u201eRettungsversuche\u201c im Zusammenbruch. So werden beispielsweise Sozialleistungen immer mehr gek\u00fcrzt, Regelungen von Mindestl\u00f6hnen &hellip; <a href=\"https:\/\/www.lagota.ch\/?p=1400\">Continue reading <span class=\"meta-nav\">&rarr;<\/span><\/a><\/p>\n","protected":false},"author":1,"featured_media":0,"comment_status":"open","ping_status":"open","sticky":false,"template":"","format":"standard","meta":{"footnotes":""},"categories":[49,14,10,11,18,108],"tags":[235,133,318,1156],"class_list":["post-1400","post","type-post","status-publish","format-standard","hentry","category-antirep","category-arbeitskampf","category-aus-aller-welt","category-luzern","category-squat-the-world","category-wirtschaftskrise","tag-benefiz","tag-griechenland","tag-sedel","tag-wirtschaftskrise"],"_links":{"self":[{"href":"https:\/\/www.lagota.ch\/index.php?rest_route=\/wp\/v2\/posts\/1400","targetHints":{"allow":["GET"]}}],"collection":[{"href":"https:\/\/www.lagota.ch\/index.php?rest_route=\/wp\/v2\/posts"}],"about":[{"href":"https:\/\/www.lagota.ch\/index.php?rest_route=\/wp\/v2\/types\/post"}],"author":[{"embeddable":true,"href":"https:\/\/www.lagota.ch\/index.php?rest_route=\/wp\/v2\/users\/1"}],"replies":[{"embeddable":true,"href":"https:\/\/www.lagota.ch\/index.php?rest_route=%2Fwp%2Fv2%2Fcomments&post=1400"}],"version-history":[{"count":3,"href":"https:\/\/www.lagota.ch\/index.php?rest_route=\/wp\/v2\/posts\/1400\/revisions"}],"predecessor-version":[{"id":1404,"href":"https:\/\/www.lagota.ch\/index.php?rest_route=\/wp\/v2\/posts\/1400\/revisions\/1404"}],"wp:attachment":[{"href":"https:\/\/www.lagota.ch\/index.php?rest_route=%2Fwp%2Fv2%2Fmedia&parent=1400"}],"wp:term":[{"taxonomy":"category","embeddable":true,"href":"https:\/\/www.lagota.ch\/index.php?rest_route=%2Fwp%2Fv2%2Fcategories&post=1400"},{"taxonomy":"post_tag","embeddable":true,"href":"https:\/\/www.lagota.ch\/index.php?rest_route=%2Fwp%2Fv2%2Ftags&post=1400"}],"curies":[{"name":"wp","href":"https:\/\/api.w.org\/{rel}","templated":true}]}}