{"id":1414,"date":"2012-06-03T21:29:03","date_gmt":"2012-06-03T20:29:03","guid":{"rendered":"https:\/\/www.lagota.ch\/?p=1414"},"modified":"2012-06-03T21:35:04","modified_gmt":"2012-06-03T20:35:04","slug":"communique-zum-tanz-dich-frei-2-0-vom-2-juni-2012","status":"publish","type":"post","link":"https:\/\/www.lagota.ch\/?p=1414","title":{"rendered":"Communiqu\u00e9 zum Tanz dich Frei 2.0 vom 2.Juni 2012"},"content":{"rendered":"<p><a href=\"https:\/\/www.lagota.ch\/wp-content\/uploads\/tanzdichfrei2.jpg\"><img loading=\"lazy\" decoding=\"async\" class=\"alignnone size-full\" src=\"https:\/\/www.lagota.ch\/wp-content\/uploads\/tanzdichfrei2.jpg\" alt=\"\" title=\"tanzdichfrei2.jpg\" width=\"600\" height=\"399\" \/><\/a><\/p>\n<p>Gestern haben sich ca.18000 Menschen in der Stadt Bern versammelt und sind dem Aufruf des Tanz dich Frei gefolgt. Um 00.00 Uhr waren Bundesplatz wie auch B\u00e4renplatz komplett mit Tanzenden gef\u00fcllt, gleichzeitig hielten sich bei der Heiliggeistkirche weitere Soundmobile mit hunderten Partyg\u00e4nger_innen auf.<br \/>\n12 Wagen starteten auf dem Vorplatz der Reitschule und der Sch\u00fctzenmatte. Die riesige Menschenmenge setzte sich gegen 21:00 Uhr in Bewegung Richtung Bahnhofplatz. Die Strassen wurden komplett von Tanzenden in Beschlag genommen.<br \/>\nAuf dem ganzen Weg bis zum Bundesplatz fanden diversen Livekonzerte statt, zwischendurch verstummte die Musik zugunsten einer politischen Rede. Auf dem Baldachin wurden Transparente mit Bezug auf politische Gefangene und die Tanz dich Frei Bewegung aufgeh\u00e4ngt.<br \/>\nAuf dem Bundesplatz wurde ein l\u00e4ngerer Halt gemacht und die Leute feierten ausgelassen, zu verschiedenen Musikstilen \u2013 Von Goa \u00fcber Techno, Punk, Electro, Dubstep, Rock bis Hip-Hop waren alle Stilrichtungen vertreten. Zu sp\u00e4ter Stunde zogen sich die Wagen auf die Sch\u00fctzenmatte zur\u00fcck, wo Patent Ochsner noch ein spontanes Konzert gaben.<\/p>\n<p>Mit der Veranstaltung wurde auf die Stadtentwicklung aufmerksam gemacht:<br \/>\nDas Kernanliegen der aktuellen Stadtentwicklung ist es der Entstehung einer A-Stadt entgegenzuwirken. Das heisst eine Stadt mit einem \u00fcberm\u00e4ssigen Anteil an Armen, Alten, Arbeitslosen, Autonomen, Ausl\u00e4nder_innen, Asozialen und Anderen zu vermeiden.<br \/>\nNiemand fragt uns, ob diese Politik unseren Vorstellungen entspricht. Denn das tut sie nicht!<br \/>\nUNSER Problem ist, das IHRE Aufwertungspolitik sich einzig und allein an den Bed\u00fcrfnissen eines kleinen, wohlhabenden Bev\u00f6lkerungsteils orientiert, denn nur Menschen mit Geld bringen die erw\u00fcnschten Profite. All jene, die nicht zu dieser Schicht geh\u00f6ren, bleiben einmal mehr auf der Strecke. Obwohl der Nutzen nur einigen Wenigen vorbehalten ist, wirkt sich diese Politik im Alltag von uns allen aus. Die Nutzung des \u00f6ffentlichen Raums wird grunds\u00e4tzlich eingeschr\u00e4nkt, unliebsame Personengruppen aus diesem weggewiesen. In privaten Gesch\u00e4ften und immer mehr auch auf \u00f6ffentlichen Pl\u00e4tzen werden wir von Kameras \u00fcberwacht. Das (Nacht-)leben wird zusehends eingeschr\u00e4nkt. Politische Aktionen werden nicht toleriert und im Keim erstickt um eine m\u00f6glichst hohe Abschreckung zu erreichen. Und dies sind nur einige Beispiele. <\/p>\n<p>Auch wir wollen eine A-Stadt verhindern. Diese besteht f\u00fcr uns aber aus Aufwertungspolitik, Ausgrenzung und Ausbeutung. Wir wollen uns nicht auf der Nase herumtanzen lassen, sondern selber bestimmen, wo und wann wir tanzen!<\/p>\n<p>Wir sind entt\u00e4uscht von den Vereinnahmungsversuchen der politischen Parteien, die sich jetzt mit fremden Federn schm\u00fccken wollen und die Tanz dich Frei Veranstaltung f\u00fcr ihren Wahlkampf missbrauchen!<br \/>\nDie Organisator_innen der Veranstaltungen sind in einem basisdemokratischen, ausserparlamentarischen B\u00fcndnis zusammengeschlossen und geh\u00f6ren zu den sogenannten Linksaktivisten. Es ist absurd wie die CVP zu behaupten, linksalternative Kreise w\u00fcrden das Strassenfest mit antikapitalistischen Anliegen vereinnahmen \u2013 wir organisieren es desshalb! <\/p>\n<p>Wir begr\u00fcssen die Eigeninitiative von anderen, die jetzt erneut zu einem Tdf 2.1 aufrufen, m\u00f6chten jedoch betonen, dass wir mit der Organisation dieses Anlasses nichts zu tun haben, sondern ungl\u00fccklicherweise den selben Namen dazu verwendet wird.<\/p>\n<p>Herzlichen Dank allen Teilnehmer_innen!<\/p>\n","protected":false},"excerpt":{"rendered":"<p>Gestern haben sich ca.18000 Menschen in der Stadt Bern versammelt und sind dem Aufruf des Tanz dich Frei gefolgt. Um 00.00 Uhr waren Bundesplatz wie auch B\u00e4renplatz komplett mit Tanzenden gef\u00fcllt, gleichzeitig hielten sich bei der Heiliggeistkirche weitere Soundmobile mit &hellip; <a href=\"https:\/\/www.lagota.ch\/?p=1414\">Continue reading <span class=\"meta-nav\">&rarr;<\/span><\/a><\/p>\n","protected":false},"author":1,"featured_media":0,"comment_status":"open","ping_status":"open","sticky":false,"template":"","format":"standard","meta":{"footnotes":""},"categories":[49,6,16,18],"tags":[102,300,322],"class_list":["post-1414","post","type-post","status-publish","format-standard","hentry","category-antirep","category-news","category-schweiz","category-squat-the-world","tag-bern","tag-reithalle","tag-tanz-dich-frei"],"_links":{"self":[{"href":"https:\/\/www.lagota.ch\/index.php?rest_route=\/wp\/v2\/posts\/1414","targetHints":{"allow":["GET"]}}],"collection":[{"href":"https:\/\/www.lagota.ch\/index.php?rest_route=\/wp\/v2\/posts"}],"about":[{"href":"https:\/\/www.lagota.ch\/index.php?rest_route=\/wp\/v2\/types\/post"}],"author":[{"embeddable":true,"href":"https:\/\/www.lagota.ch\/index.php?rest_route=\/wp\/v2\/users\/1"}],"replies":[{"embeddable":true,"href":"https:\/\/www.lagota.ch\/index.php?rest_route=%2Fwp%2Fv2%2Fcomments&post=1414"}],"version-history":[{"count":3,"href":"https:\/\/www.lagota.ch\/index.php?rest_route=\/wp\/v2\/posts\/1414\/revisions"}],"predecessor-version":[{"id":1418,"href":"https:\/\/www.lagota.ch\/index.php?rest_route=\/wp\/v2\/posts\/1414\/revisions\/1418"}],"wp:attachment":[{"href":"https:\/\/www.lagota.ch\/index.php?rest_route=%2Fwp%2Fv2%2Fmedia&parent=1414"}],"wp:term":[{"taxonomy":"category","embeddable":true,"href":"https:\/\/www.lagota.ch\/index.php?rest_route=%2Fwp%2Fv2%2Fcategories&post=1414"},{"taxonomy":"post_tag","embeddable":true,"href":"https:\/\/www.lagota.ch\/index.php?rest_route=%2Fwp%2Fv2%2Ftags&post=1414"}],"curies":[{"name":"wp","href":"https:\/\/api.w.org\/{rel}","templated":true}]}}