{"id":1434,"date":"2012-06-21T19:03:05","date_gmt":"2012-06-21T18:03:05","guid":{"rendered":"http:\/\/www.lagota.ch\/?p=1434"},"modified":"2012-06-22T09:14:45","modified_gmt":"2012-06-22T08:14:45","slug":"demo-stopp-der-menschenverachtenden-migrationspolitik-am-23-juni-in-bern","status":"publish","type":"post","link":"https:\/\/www.lagota.ch\/?p=1434","title":{"rendered":"Demo &#8220;STOPP der menschenverachtenden Migrationspolitik&#8221; am 23. Juni in Bern"},"content":{"rendered":"<p><a href=\"https:\/\/www.lagota.ch\/wp-content\/uploads\/demoflyer23.6.png\"><img loading=\"lazy\" decoding=\"async\" class=\"alignleft size-medium wp-image-1428\" title=\"demoflyer23.6\" src=\"https:\/\/www.lagota.ch\/wp-content\/uploads\/demoflyer23.6-212x300.png\" alt=\"\" width=\"212\" height=\"300\" \/><\/a>Die Stimmungsmache gegen Asylsuchende, Fl\u00fcchtlinge, Roma, Sans-Papiers, irregul\u00e4re MigrantInnen und Ausl\u00e4nderInnen im Allgemeinen hat in den letzten Monaten wieder zugenommen. Die sozialen und wirtschaftlichen Probleme in der Schweiz werden bewusst den MigrantInnen zugeschoben. Sie sind unerw\u00fcnscht, als S\u00fcndenb\u00f6cke aber willkommen und werden seit eh und je als Symbol der Bedrohung und Verunsicherung politisch instrumentalisiert. Anstatt die strukturellen und politischen H\u00fcrden beim Zugang zu Bildung, Arbeit und politischen Rechten abzubauen, wird den Ausl\u00e4nderInnen ein Unwille zur Integration zugeschrieben. Die ohnehin schon unzumutbaren und menschenunw\u00fcrdigen Bedingungen f\u00fcr Asylsuchende und MigrantInnen sollen nun mehr und mehr versch\u00e4rft werden, gleich mehrere laufende Gesetzesrevisionen atmen diesen Geist.<\/p>\n<p><strong>Angesichts dieser Tatsachen rufen wir am Samstag, den 23. Juni 2012 zur gesamtschweizerischen Demonstration \u00abSTOPP der menschenverachtenden Migrationspolitik\u00bb in Bern auf. Wir sagen:<\/strong><\/p>\n<p><strong>Nein zur Hetzkampagne gegen Asylsuchende!<\/strong><br \/>\nDie Fl\u00fcchtlinge des arabischen Fr\u00fchlings sind keine AbenteuermigrantInnen, \u00abBettwil\u00bb darf sich nicht wiederholen und Internierungslager f\u00fcr Fl\u00fcchtlinge sind ein Unding! Stopp dieser Hetze!<\/p>\n<p><strong>Nein zur Asylgesetzrevision!<\/strong><\/p>\n<p>Wir lehnen die erneute Versch\u00e4rfung des Asylgesetzes ab, die Kriegsdienstverweigerer vom Asyl grunds\u00e4tzlich ausschliessen, die politische T\u00e4tigkeit von Asylsuchenden in der Schweiz verbieten und das Botschaftsverfahren abschaffen m\u00f6chte!<\/p>\n<p><strong>Nein zu einer versch\u00e4rften Einb\u00fcrgerungspraxis!<\/strong><br \/>\nNur noch \u00abgut integrierte\u00bb Ausl\u00e4nderInnen sollen eingeb\u00fcrgert werden. Eine Einb\u00fcrgerung soll nur noch f\u00fcr Ausl\u00e4nderInnen mit C-Ausweis m\u00f6glich sein. Die erleichterte Einb\u00fcrgerung f\u00fcr Jugendliche, die hier aufgewachsen und zur Schule gegangen sind, aber lediglich eine vorl\u00e4ufige Aufnahme (F-Ausweis) oder eine Jahresaufenthaltsbewilligung (B-Ausweis) haben, w\u00fcrde nach der Revision des B\u00fcrgerrechtsgesetzes somit abgeschafft werden.<br \/>\n<strong><br \/>\nNein zur Zwangsintegration!<\/strong><br \/>\nEin neues Integrationsgesetz schafft eine Norm von \u00abguter Integration\u00bb. Diese ist zwar mehr als schwammig, doch bei der k\u00fcnftigen Erteilung und Verl\u00e4ngerung von Aufenthaltsbewilligungen entscheidend.<br \/>\nNein zur Ausbeutung und systematischen Unterdr\u00fcckung von \u00fcber 100\u2019000 in der Schweiz lebenden Sans-Papiers! Wir verlangen eine kollektive Regularisierung aller Sans-Papiers!<\/p>\n<p>Die Schweiz versucht ihre Grenzen mit der laufenden Asylgesetzrevision dicht zu machen und andererseits per versch\u00e4rftem B\u00fcrgerrecht und Integrationsbestimmungen den in der Schweiz lebenden MigrantInnen ihre Rechte zu verwehren.<\/p>\n<p><strong>Wir aber verteidigen das Recht auf Asyl, Migration und Integration in unserer Gesellschaft!<br \/>\nWir fordern eine menschenw\u00fcrdige Migrationspolitik!<br \/>\nWir fordern gleiche Rechte und Mitbestimmung f\u00fcr alle statt Zwangsintegration!<\/strong><\/p>\n<p><strong> <\/strong><\/p>\n<p><strong>Quelle: <\/strong><a href=\"http:\/\/www.asyl.ch\/aufruf\/\" target=\"_blank\">www.asyl.ch\/aufruf\/<\/a><strong> <\/strong><\/p>\n","protected":false},"excerpt":{"rendered":"<p>Die Stimmungsmache gegen Asylsuchende, Fl\u00fcchtlinge, Roma, Sans-Papiers, irregul\u00e4re MigrantInnen und Ausl\u00e4nderInnen im Allgemeinen hat in den letzten Monaten wieder zugenommen. Die sozialen und wirtschaftlichen Probleme in der Schweiz werden bewusst den MigrantInnen zugeschoben. Sie sind unerw\u00fcnscht, als S\u00fcndenb\u00f6cke aber willkommen und werden seit eh und je als Symbol der Bedrohung und Verunsicherung politisch instrumentalisiert. Anstatt die strukturellen und politischen H\u00fcrden beim Zugang zu Bildung, Arbeit und politischen Rechten abzubauen, wird den Ausl\u00e4nderInnen ein Unwille zur Integration zugeschrieben. Die ohnehin schon unzumutbaren und menschenunw\u00fcrdigen Bedingungen f\u00fcr Asylsuchende und MigrantInnen sollen nun mehr und mehr versch\u00e4rft werden, gleich mehrere laufende Gesetzesrevisionen atmen diesen Geist. <a href=\"https:\/\/www.lagota.ch\/?p=1434\">Continue reading <span class=\"meta-nav\">&rarr;<\/span><\/a><\/p>\n","protected":false},"author":1,"featured_media":0,"comment_status":"open","ping_status":"open","sticky":false,"template":"","format":"standard","meta":{"footnotes":""},"categories":[13,6,16,4,108],"tags":[330,324,331,118],"class_list":["post-1434","post","type-post","status-publish","format-standard","hentry","category-antifa","category-news","category-schweiz","category-veranstaltung","category-wirtschaftskrise","tag-asylgesetzrevision","tag-asylpolitik","tag-fluchtlinge","tag-sans-papiers"],"_links":{"self":[{"href":"https:\/\/www.lagota.ch\/index.php?rest_route=\/wp\/v2\/posts\/1434","targetHints":{"allow":["GET"]}}],"collection":[{"href":"https:\/\/www.lagota.ch\/index.php?rest_route=\/wp\/v2\/posts"}],"about":[{"href":"https:\/\/www.lagota.ch\/index.php?rest_route=\/wp\/v2\/types\/post"}],"author":[{"embeddable":true,"href":"https:\/\/www.lagota.ch\/index.php?rest_route=\/wp\/v2\/users\/1"}],"replies":[{"embeddable":true,"href":"https:\/\/www.lagota.ch\/index.php?rest_route=%2Fwp%2Fv2%2Fcomments&post=1434"}],"version-history":[{"count":3,"href":"https:\/\/www.lagota.ch\/index.php?rest_route=\/wp\/v2\/posts\/1434\/revisions"}],"predecessor-version":[{"id":1439,"href":"https:\/\/www.lagota.ch\/index.php?rest_route=\/wp\/v2\/posts\/1434\/revisions\/1439"}],"wp:attachment":[{"href":"https:\/\/www.lagota.ch\/index.php?rest_route=%2Fwp%2Fv2%2Fmedia&parent=1434"}],"wp:term":[{"taxonomy":"category","embeddable":true,"href":"https:\/\/www.lagota.ch\/index.php?rest_route=%2Fwp%2Fv2%2Fcategories&post=1434"},{"taxonomy":"post_tag","embeddable":true,"href":"https:\/\/www.lagota.ch\/index.php?rest_route=%2Fwp%2Fv2%2Ftags&post=1434"}],"curies":[{"name":"wp","href":"https:\/\/api.w.org\/{rel}","templated":true}]}}