{"id":1452,"date":"2012-07-02T16:48:05","date_gmt":"2012-07-02T15:48:05","guid":{"rendered":"http:\/\/www.lagota.ch\/?p=1452"},"modified":"2012-07-02T16:48:05","modified_gmt":"2012-07-02T15:48:05","slug":"aufstand-der-kumpel","status":"publish","type":"post","link":"https:\/\/www.lagota.ch\/?p=1452","title":{"rendered":"Aufstand der Kumpel"},"content":{"rendered":"<p><a href=\"https:\/\/www.lagota.ch\/wp-content\/uploads\/kumpelaufstand.jpg\"><img loading=\"lazy\" decoding=\"async\" class=\"alignleft size-medium wp-image-1453\" title=\"kumpelaufstand\" src=\"https:\/\/www.lagota.ch\/wp-content\/uploads\/kumpelaufstand-300x199.jpg\" alt=\"\" width=\"300\" height=\"199\" srcset=\"https:\/\/www.lagota.ch\/wp-content\/uploads\/kumpelaufstand-300x199.jpg 300w, https:\/\/www.lagota.ch\/wp-content\/uploads\/kumpelaufstand.jpg 380w\" sizes=\"auto, (max-width: 300px) 100vw, 300px\" \/><\/a>In den nordspanischen Bergbaugebieten endet dieser Tage die vierte  Streikwoche der dortigen Kumpel. Unterst\u00fctzt von zahlreichen anderen  Einwohnern der spanischen Provinzen Asturien, Kastilien und Le\u00f3n sowie  Arag\u00f3n protestieren die Bergleute gegen eine von der Regierung in Madrid  geplante radikale K\u00fcrzung der Staatsbeihilfen f\u00fcr den Industriezweig.  Der Verlust von zwei Dritteln des Geldes aus Madrid werde zur Schlie\u00dfung  zahlreicher Minen, zu Massenentlassungen und letztlich zum \u00bbTod des  Bergbaus in Spanien\u00ab f\u00fchren, kritisieren auch die Gewerkschaften CCOO  und UGT, die den Ausstand aktiv unterst\u00fctzen.<\/p>\n<p>Zimperlich sind die Streikenden nicht, wenn es darum geht, auf ihre  Forderungen aufmerksam zu machen. Stra\u00dfenblockaden, das Behindern des  Zugverkehrs und der Bau von Barrikaden geh\u00f6ren seit Streikbeginn zum  Alltag in vielen Ortschaften. Dabei trotzen die Bergleute auch der  Polizei, die mit Gummigeschossen und Tr\u00e4nengasgranaten gegen die  Protestierenden vorgeht. Die antworten nicht nur mit Steinen, sondern  auch mit Feuerwerksraketen, die aus selbstgebauten Vorrichtungen  abgeschossen werden.<\/p>\n<p>Die Best\u00e4tigung der K\u00fcrzungspl\u00e4ne durch den Senat am vergangenen  Dienstag \u00e4nderte nichts an der Kampfentschlossenheit der Streikenden.  Bereits am Montag, als ein Generalstreik in den betroffenen Regionen  nahezu vollst\u00e4ndig befolgt worden war, hatte ein Streikender gegen\u00fcber  der spanischen Tageszeitung P\u00fablico angek\u00fcndigt: \u00bbAlles, was keine  Ablehnung der Haushaltsk\u00fcrzung ist, sind nur Worte, und wir Bergleute  wollen keine Worte, sondern Taten.\u00ab Ziel der Regierung sei es, so der  sich Alfonso nennende Mann, die \u00bbletzte k\u00e4mpferische Arbeiterbewegung  Spaniens zu zerschlagen\u00ab.<\/p>\n<p>Die Nachrichten aus Nordspanien lassen Erinnerungen wachwerden. Gerade  Asturien ist f\u00fcr die lange Tradition seiner Arbeiterbewegung bekannt.  Legend\u00e4r wurde im Oktober 1934 ein Aufstand der Bergleute gegen das  reaktion\u00e4re Regime von Alejandro Lerroux. Dieser wurde zwar von der  gesamten spanischen Linken, deren Hauptkraft damals die  anarcho-syndikalistische CNT war, unterst\u00fctzt, doch die vom sp\u00e4teren  Putschisten und Diktator Francisco Franco gef\u00fchrten Regierungstruppen  schlugen die Rebellion blutig nieder. 28 Jahre sp\u00e4ter, 1962, war  Asturien trotzdem Ausgangspunkt der ersten gro\u00dfen Streikbewegung gegen  die faschistische Diktatur.<\/p>\n<p>Quelle: <a href=\"http:\/\/www.jungewelt.de\/2012\/06-23\/002.php\" target=\"_blank\">http:\/\/www.jungewelt.de\/2012\/06-23\/002.php<\/a><\/p>\n","protected":false},"excerpt":{"rendered":"<p>In den nordspanischen Bergbaugebieten endet dieser Tage die vierte Streikwoche der dortigen Kumpel. Unterst\u00fctzt von zahlreichen anderen Einwohnern der spanischen Provinzen Asturien, Kastilien und Le\u00f3n sowie Arag\u00f3n protestieren die Bergleute gegen eine von der Regierung in Madrid geplante radikale K\u00fcrzung der Staatsbeihilfen f\u00fcr den Industriezweig. Der Verlust von zwei Dritteln des Geldes aus Madrid werde zur Schlie\u00dfung zahlreicher Minen, zu Massenentlassungen und letztlich zum \u00bbTod des Bergbaus in Spanien\u00ab f\u00fchren, kritisieren auch die Gewerkschaften CCOO und UGT, die den Ausstand aktiv unterst\u00fctzen. <a href=\"https:\/\/www.lagota.ch\/?p=1452\">Continue reading <span class=\"meta-nav\">&rarr;<\/span><\/a><\/p>\n","protected":false},"author":1,"featured_media":0,"comment_status":"open","ping_status":"open","sticky":false,"template":"","format":"standard","meta":{"footnotes":""},"categories":[14,10,6,18,108],"tags":[337,33,339,338,88],"class_list":["post-1452","post","type-post","status-publish","format-standard","hentry","category-arbeitskampf","category-aus-aller-welt","category-news","category-squat-the-world","category-wirtschaftskrise","tag-asturien","tag-aufstand","tag-bergleute","tag-kastilien","tag-streik"],"_links":{"self":[{"href":"https:\/\/www.lagota.ch\/index.php?rest_route=\/wp\/v2\/posts\/1452","targetHints":{"allow":["GET"]}}],"collection":[{"href":"https:\/\/www.lagota.ch\/index.php?rest_route=\/wp\/v2\/posts"}],"about":[{"href":"https:\/\/www.lagota.ch\/index.php?rest_route=\/wp\/v2\/types\/post"}],"author":[{"embeddable":true,"href":"https:\/\/www.lagota.ch\/index.php?rest_route=\/wp\/v2\/users\/1"}],"replies":[{"embeddable":true,"href":"https:\/\/www.lagota.ch\/index.php?rest_route=%2Fwp%2Fv2%2Fcomments&post=1452"}],"version-history":[{"count":2,"href":"https:\/\/www.lagota.ch\/index.php?rest_route=\/wp\/v2\/posts\/1452\/revisions"}],"predecessor-version":[{"id":1455,"href":"https:\/\/www.lagota.ch\/index.php?rest_route=\/wp\/v2\/posts\/1452\/revisions\/1455"}],"wp:attachment":[{"href":"https:\/\/www.lagota.ch\/index.php?rest_route=%2Fwp%2Fv2%2Fmedia&parent=1452"}],"wp:term":[{"taxonomy":"category","embeddable":true,"href":"https:\/\/www.lagota.ch\/index.php?rest_route=%2Fwp%2Fv2%2Fcategories&post=1452"},{"taxonomy":"post_tag","embeddable":true,"href":"https:\/\/www.lagota.ch\/index.php?rest_route=%2Fwp%2Fv2%2Ftags&post=1452"}],"curies":[{"name":"wp","href":"https:\/\/api.w.org\/{rel}","templated":true}]}}