{"id":1460,"date":"2012-07-08T17:16:01","date_gmt":"2012-07-08T16:16:01","guid":{"rendered":"http:\/\/www.lagota.ch\/?p=1460"},"modified":"2012-07-08T17:25:32","modified_gmt":"2012-07-08T16:25:32","slug":"scheren-gegen-spitzhacken","status":"publish","type":"post","link":"https:\/\/www.lagota.ch\/?p=1460","title":{"rendered":"Scheren gegen Spitzhacken"},"content":{"rendered":"<p><strong><a href=\"https:\/\/www.lagota.ch\/wp-content\/uploads\/mineros.jpg\"><img loading=\"lazy\" decoding=\"async\" class=\"alignleft size-medium wp-image-1461\" title=\"mineros\" src=\"https:\/\/www.lagota.ch\/wp-content\/uploads\/mineros-300x168.jpg\" alt=\"\" width=\"300\" height=\"168\" srcset=\"https:\/\/www.lagota.ch\/wp-content\/uploads\/mineros-300x168.jpg 300w, https:\/\/www.lagota.ch\/wp-content\/uploads\/mineros.jpg 768w\" sizes=\"auto, (max-width: 300px) 100vw, 300px\" \/><\/a>Spanische Bergarbeiter streiken gegen die K\u00fcrzung der Subventionen f\u00fcr den Kohleabbau.<\/strong><\/p>\n<p>Mehr als 60 Barrikaden auf Autobahnen, Landstra\u00dfen und Bahngleisen  z\u00e4hlte die Polizei in der nordspanischen Region Asturien am 19.\u2009Juni.  Auch an anderen Tagen waren wichtige Verkehrsverbindungen stundenlang  unterbrochen, oft sind die Blockaden weithin sichtbar, weil die Mineros,  die Bergarbeiter, Reifen anz\u00fcnden.<\/p>\n<p>In den ersten zwei Wochen des Streiks hielten die Mineros vor allem  Kundgebungen und Versammlungen ab. Im Schacht von Santa Cruz del Sil bei  Bierzo schloss sich am 21.\u2009Mai eine Gruppe von acht Bergarbeitern ein.  Sie wollen so lange unter Tage bleiben, bis die K\u00fcrzung der Subventionen  f\u00fcr den Kohlebergbau zur\u00fcckgenommen wird. Sie sind immer noch unten.  Ihre Hoffnung, dass Politiker der regierenden konservativen Volkspartei  (PP) zu ihnen kommen, hat sich bis jetzt nicht erf\u00fcllt. Auch Versuche  von Funktion\u00e4ren der beiden staatsnahen Gewerkschaftsverb\u00e4nde CCOO und  UGT, mit der spanischen Regierung zu verhandeln, scheiterten.<\/p>\n<p><strong>\u00bbUns ist klar, dass sie uns in eine Sackgasse geleitet haben,<\/strong> aus der sie uns nicht herauslassen\u00ab, sagte der CCOO-Funktion\u00e4r Alberto  Gonz\u00e1lez Llamas. Sein Kollege Juan Carlos \u00c1lvarez Maestro von der zur  UGT geh\u00f6renden Gewerkschaft FITAG appellierte an den Ministerpr\u00e4sidenten  Mariano Rajoy und den Industrieminister Jos\u00e9 Manuel Soria, doch noch  einzulenken. Soria erkl\u00e4rte derweil die K\u00fcrzungen, denen Ende Juni auch  die zweite Kammer des Parlaments zugestimmt hat, f\u00fcr unverzichtbar. Um  64\u00a0Prozent, etwa 180\u00a0Millionen Euro, wurden die Subventionen gek\u00fcrzt,  mit gro\u00dfen Unterschieden zwischen den Bereichen: W\u00e4hrend die Mittel f\u00fcr  Infrastrukturma\u00dfnahmen nur um 39,2\u00a0Prozent niedriger ausfallen als  voriges Jahr, betr\u00e4gt die K\u00fcrzung bei Zusch\u00fcssen f\u00fcr die Umschulung der  Arbeiter 99,6\u00a0Prozent und bei Investitionen in die Arbeitssicherheit  100\u00a0Prozent.<\/p>\n<p>Bereits die Regierung des sozialdemokratischen PSOE hatte im Jahr  2010 mit der EU die Beendigung der Subventionen vereinbart, diese  sollten jedoch erst 2018 auslaufen. Der PP pr\u00e4sentierte sich damals als  \u00bbRetter der Kohle\u00ab, umso schockierter ist man nun in den  Bergbauregionen. Dass es zu Ende geht, ist lange klar, denn die  Weltmarktpreise f\u00fcr Kohle sind so niedrig, dass die spanischen  Produzenten nicht mithalten k\u00f6nnen. Die Zahl der im Kohlebergbau  Besch\u00e4ftigten sank seit 1985 von 52\u2009910 auf 7\u2009900.<\/p>\n<p>\u00bbDer abrupte Subventionsabbau\u00ab, so der Wirtschaftsrat der  Regionalregierung von Asturien, Graciano Torre, \u00bbkann das Ende der  Kohlef\u00f6rderung schon 2012 bedeuten.\u00ab Das w\u00fcrde nicht nur zu  Massenentlassungen f\u00fchren. Viele kleinere Orte leben ausschlie\u00dflich vom  Bergbau. Dort haben die Mineros einen starken R\u00fcckhalt, auch f\u00fcr  militante Aktionen. So stellten sich in der Kleinstadt Cire\u00f1a bei den  Stra\u00dfenblockaden \u00e4ltere Leute ganz selbstverst\u00e4ndlich neben die mit  Sturmhauben maskierten Mineros. In L\u00e9on drohten 50\u2009000 Demonstranten in  Anspielung auf das Symbol der K\u00fcrzungen: \u00bbIhr habt die Scheren, wir  haben die Spitzhacken.\u00ab Die paramilit\u00e4rische Guardia Civil hat viele  ihrer Sondereinsatzkommandos in das Konfliktgebiet verlegt. Aber diesmal  haben sie es mit Streikenden zu tun, die bereit sind, alles zu  riskieren.<\/p>\n<p><strong>So schossen Mineros<\/strong> aus umfunktionierten Stahlrohren  Feuerwerksraketen auf Polizisten, deren Gummigeschosse eine geringere  Reichweite haben. Kommt die Polizei n\u00e4her, werden Zwillen benutzt. Die  CCOO haben sich vehement von diesen Aktionen distanziert. Doch ist es  offenkundig ihre eigene Basis, die so k\u00e4mpft. Mittlerweile werden die  Barrikaden von den Mineros nicht mehr verteidigt, es gab zu viele  Festgenommene und Verletzte. CCOO und UGT haben am 22.\u2009Juni einen  \u00bbSchwarzen Marsch\u00ab begonnen, mehrere Gruppen haben sich auf den Weg nach  Madrid gemacht, wo sie am 11.\u2009Juli eintreffen sollen. Es gibt erste  Solidarit\u00e4tsaufrufe, unter anderem einen von der radikalen  \u00bbAntikapitalistische Linken\u00ab. Dieser fordert kurzfristig den Erhalt der  Subventionen, langfristig alternative Arbeit f\u00fcr die Mineros und unter  Bezugnahme auf die Selbstorganisation der Mineros ein Wirtschaftsmodell,  das von \u00bbdenen von unten\u00ab entwickelt wird.<\/p>\n<p>Quelle: http:\/\/jungle-world.com\/artikel\/2012\/27\/45797.html<\/p>\n<p><iframe loading=\"lazy\" width=\"560\" height=\"315\" src=\"http:\/\/www.youtube.com\/embed\/B32NWY7xwjc\" frameborder=\"0\" allowfullscreen><\/iframe><\/p>\n<p><iframe loading=\"lazy\" width=\"560\" height=\"315\" src=\"http:\/\/www.youtube.com\/embed\/cxeaNdncMN0\" frameborder=\"0\" allowfullscreen><\/iframe><\/p>\n","protected":false},"excerpt":{"rendered":"<p>Spanische Bergarbeiter streiken gegen die K\u00fcrzung der Subventionen f\u00fcr den Kohleabbau.<\/p>\n<p>Mehr als 60 Barrikaden auf Autobahnen, Landstra\u00dfen und Bahngleisen z\u00e4hlte die Polizei in der nordspanischen Region Asturien am 19.\u2009Juni. Auch an anderen Tagen waren wichtige Verkehrsverbindungen stundenlang unterbrochen, oft sind die Blockaden weithin sichtbar, weil die Mineros, die Bergarbeiter, Reifen anz\u00fcnden.  <a href=\"https:\/\/www.lagota.ch\/?p=1460\">Continue reading <span class=\"meta-nav\">&rarr;<\/span><\/a><\/p>\n","protected":false},"author":1,"featured_media":0,"comment_status":"open","ping_status":"open","sticky":false,"template":"","format":"standard","meta":{"footnotes":""},"categories":[49,14,10,6,18,108],"tags":[93,342,277,88],"class_list":["post-1460","post","type-post","status-publish","format-standard","hentry","category-antirep","category-arbeitskampf","category-aus-aller-welt","category-news","category-squat-the-world","category-wirtschaftskrise","tag-besetzung","tag-mineros","tag-spanien","tag-streik"],"_links":{"self":[{"href":"https:\/\/www.lagota.ch\/index.php?rest_route=\/wp\/v2\/posts\/1460","targetHints":{"allow":["GET"]}}],"collection":[{"href":"https:\/\/www.lagota.ch\/index.php?rest_route=\/wp\/v2\/posts"}],"about":[{"href":"https:\/\/www.lagota.ch\/index.php?rest_route=\/wp\/v2\/types\/post"}],"author":[{"embeddable":true,"href":"https:\/\/www.lagota.ch\/index.php?rest_route=\/wp\/v2\/users\/1"}],"replies":[{"embeddable":true,"href":"https:\/\/www.lagota.ch\/index.php?rest_route=%2Fwp%2Fv2%2Fcomments&post=1460"}],"version-history":[{"count":5,"href":"https:\/\/www.lagota.ch\/index.php?rest_route=\/wp\/v2\/posts\/1460\/revisions"}],"predecessor-version":[{"id":1466,"href":"https:\/\/www.lagota.ch\/index.php?rest_route=\/wp\/v2\/posts\/1460\/revisions\/1466"}],"wp:attachment":[{"href":"https:\/\/www.lagota.ch\/index.php?rest_route=%2Fwp%2Fv2%2Fmedia&parent=1460"}],"wp:term":[{"taxonomy":"category","embeddable":true,"href":"https:\/\/www.lagota.ch\/index.php?rest_route=%2Fwp%2Fv2%2Fcategories&post=1460"},{"taxonomy":"post_tag","embeddable":true,"href":"https:\/\/www.lagota.ch\/index.php?rest_route=%2Fwp%2Fv2%2Ftags&post=1460"}],"curies":[{"name":"wp","href":"https:\/\/api.w.org\/{rel}","templated":true}]}}