{"id":1481,"date":"2012-07-25T17:17:04","date_gmt":"2012-07-25T16:17:04","guid":{"rendered":"http:\/\/www.lagota.ch\/?p=1481"},"modified":"2012-07-25T17:17:04","modified_gmt":"2012-07-25T16:17:04","slug":"die-%c2%abbrunen%c2%bb-wollen-an-den-steg","status":"publish","type":"post","link":"https:\/\/www.lagota.ch\/?p=1481","title":{"rendered":"Die \u00abBrunen\u00bb* wollen an den Steg"},"content":{"rendered":"<p><strong><a href=\"https:\/\/www.lagota.ch\/wp-content\/uploads\/stopnazis.jpg\"><img loading=\"lazy\" decoding=\"async\" class=\"alignleft size-medium wp-image-1482\" title=\"stopnazis\" src=\"https:\/\/www.lagota.ch\/wp-content\/uploads\/stopnazis-300x300.jpg\" alt=\"\" width=\"300\" height=\"300\" srcset=\"https:\/\/www.lagota.ch\/wp-content\/uploads\/stopnazis-300x300.jpg 300w, https:\/\/www.lagota.ch\/wp-content\/uploads\/stopnazis-150x150.jpg 150w, https:\/\/www.lagota.ch\/wp-content\/uploads\/stopnazis.jpg 500w\" sizes=\"auto, (max-width: 300px) 100vw, 300px\" \/><\/a>Seit Jahren treffen sich Neonazis im August auf dem R\u00fctli. Die Antifa Bern hat schon oft dar\u00fcber berichtet.<br \/>\n<\/strong><br \/>\nDieses Mal scheint es, als h\u00e4tte die serbelnde Pnos endg\u00fcltig ihre Vorherrschaft in der rechtsextremen Szene verloren. Es war absehbar, dass die PNOS, nachdem sich das einzige Parlamentsmitglied freiwillig aus dem Stadtrat zur\u00fcckgezogen hat und sich die H\u00e4lfte der lokalen Sektionen aufl\u00f6ste, nicht mehr die Kraft hat, alleine diesen Aufmarsch zu organisieren.<\/p>\n<p>Nun mobilisiert die PNOS zusammen mit verschiedensten Kleinstgruppen, die ihr in den letzten Jahren noch ohne eigene Anspr\u00fcche gefolgt sind \u2013 und zu denen sie zumindest \u00f6ffentlich und offiziell stets einen gewissen Abstand gehalten hat. Wohl hat die Partei damit den parlamentarischen Weg endg\u00fcltig verlassen. Mit ihrer B\u00fcndnisstrategie wollen die vertretenen Gruppierungen der ganzen Naziszene neuen Schwung geben. Denn: Die Aktivit\u00e4ten der Neonazis sind seit den Aufsehen erregenden Ereignissen um die Jahrtausendwende stark r\u00fcckg\u00e4ngig.<\/p>\n<p>Einzige Ausnahme ist der Kanton Genf, in welchem an diesem Samstag, dem 28. Juli, ein gr\u00f6ssere rechtsextreme Veranstaltung stattfinden soll. Dies nur wenige Wochen, nachdem ein Mitglied der veranstaltenden Organisation einen Musiker, der an der \u00abF\u00eate de la musique\u00bb in Genf auftrat, mit einem Messer attackierte und verletzte.<\/p>\n<p>Ein Grund f\u00fcr den Schwund der rechtsextremen Szene d\u00fcrfte der Kurs der SVP sein. Er deckt sich in vielen realpolitischen Fragen mit demjenigen der Neonazis. In der SVP ist die Chance zudem viel gr\u00f6sser, ein Amt zu erhaschen, und f\u00fcr die Kampagnen steht unendlich viel mehr Geld zur Verf\u00fcgung. Man sollte lediglich seine \u00c4usserungen etwas demokratisch kaschieren, was gar nicht so einfach zu sein scheint.<\/p>\n<p>Spannend wird, wie sich die Hammerskinorganisation Crew38 und die Blood&amp;Honour-Naziskins begegnen werden, gab es doch vor einigen Jahren oftmals auch handgreifliche Auseinandersetzungen zwischen den beiden Gruppierungen.<\/p>\n<p>Daneben d\u00fcrfte es einen Konflikt zwischen den \u00abHeimattreuen Patrioten\u00bb \u2013 so das Motto des Aufmarsches \u2013 und der Heimatbewegung geben, welche eine Redimensionierung der Schweiz zu einer alemanischen Eidgenossenschaft fordert und die Romands und Tessiner an Frankreich beziehungsweise Italien abtreten will.<\/p>\n<p>Antifa Bern<\/p>\n<p>*Die Veranstalter wollen sich, gem\u00e4ss ihrem Plakat, in \u00abBrunen\u00bb am Schiffsteg treffen.<\/p>\n<p>PS: In Genf findet diesen Samstag als Reaktion auf die geplante Neonazi-Veranstaltung ein Antifa-Fest statt:  http:\/\/ch.indymedia.org\/fr\/2012\/07\/86988.shtml<\/p>\n<p>Solidarisieren wir uns mit den Antifas aus Genf!<\/p>\n<p>Quelle: <a href=\"http:\/\/ch.indymedia.org\/de\/2012\/07\/87061.shtml\" target=\"_blank\">http:\/\/ch.indymedia.org\/de\/2012\/07\/87061.shtml<\/a><\/p>\n","protected":false},"excerpt":{"rendered":"<p>Seit Jahren treffen sich Neonazis im August auf dem R\u00fctli. Die Antifa Bern hat schon oft dar\u00fcber berichtet.<\/p>\n<p>Dieses Mal scheint es, als h\u00e4tte die serbelnde Pnos endg\u00fcltig ihre Vorherrschaft in der rechtsextremen Szene verloren. Es war absehbar, dass die PNOS, nachdem sich das einzige Parlamentsmitglied freiwillig aus dem Stadtrat zur\u00fcckgezogen hat und sich die H\u00e4lfte der lokalen Sektionen aufl\u00f6ste, nicht mehr die Kraft hat, alleine diesen Aufmarsch zu organisieren. <a href=\"https:\/\/www.lagota.ch\/?p=1481\">Continue reading <span class=\"meta-nav\">&rarr;<\/span><\/a><\/p>\n","protected":false},"author":1,"featured_media":0,"comment_status":"open","ping_status":"open","sticky":false,"template":"","format":"standard","meta":{"footnotes":""},"categories":[13,11,16],"tags":[1149,357,358,359,173,307,356],"class_list":["post-1481","post","type-post","status-publish","format-standard","hentry","category-antifa","category-luzern","category-schweiz","tag-antifa","tag-bh","tag-crew38","tag-hammerskins","tag-neonazis","tag-pnos","tag-rutli"],"_links":{"self":[{"href":"https:\/\/www.lagota.ch\/index.php?rest_route=\/wp\/v2\/posts\/1481","targetHints":{"allow":["GET"]}}],"collection":[{"href":"https:\/\/www.lagota.ch\/index.php?rest_route=\/wp\/v2\/posts"}],"about":[{"href":"https:\/\/www.lagota.ch\/index.php?rest_route=\/wp\/v2\/types\/post"}],"author":[{"embeddable":true,"href":"https:\/\/www.lagota.ch\/index.php?rest_route=\/wp\/v2\/users\/1"}],"replies":[{"embeddable":true,"href":"https:\/\/www.lagota.ch\/index.php?rest_route=%2Fwp%2Fv2%2Fcomments&post=1481"}],"version-history":[{"count":2,"href":"https:\/\/www.lagota.ch\/index.php?rest_route=\/wp\/v2\/posts\/1481\/revisions"}],"predecessor-version":[{"id":1484,"href":"https:\/\/www.lagota.ch\/index.php?rest_route=\/wp\/v2\/posts\/1481\/revisions\/1484"}],"wp:attachment":[{"href":"https:\/\/www.lagota.ch\/index.php?rest_route=%2Fwp%2Fv2%2Fmedia&parent=1481"}],"wp:term":[{"taxonomy":"category","embeddable":true,"href":"https:\/\/www.lagota.ch\/index.php?rest_route=%2Fwp%2Fv2%2Fcategories&post=1481"},{"taxonomy":"post_tag","embeddable":true,"href":"https:\/\/www.lagota.ch\/index.php?rest_route=%2Fwp%2Fv2%2Ftags&post=1481"}],"curies":[{"name":"wp","href":"https:\/\/api.w.org\/{rel}","templated":true}]}}