{"id":1489,"date":"2012-08-01T20:35:40","date_gmt":"2012-08-01T19:35:40","guid":{"rendered":"http:\/\/www.lagota.ch\/?p=1489"},"modified":"2012-08-01T21:43:29","modified_gmt":"2012-08-01T20:43:29","slug":"schweizer-konsulat-in-marseille-besetzt-solidaritat-mit-levent-capa","status":"publish","type":"post","link":"https:\/\/www.lagota.ch\/?p=1489","title":{"rendered":"Schweizer Konsulat in Marseille besetzt &#8211; Solidarit\u00e4t mit Levent Capa!"},"content":{"rendered":"<p><strong><a href=\"https:\/\/www.lagota.ch\/wp-content\/uploads\/marseille.jpg\"><img loading=\"lazy\" decoding=\"async\" class=\"alignleft size-medium wp-image-1491\" title=\"marseille\" src=\"https:\/\/www.lagota.ch\/wp-content\/uploads\/marseille-300x225.jpg\" alt=\"\" width=\"300\" height=\"225\" srcset=\"https:\/\/www.lagota.ch\/wp-content\/uploads\/marseille-300x225.jpg 300w, https:\/\/www.lagota.ch\/wp-content\/uploads\/marseille-1024x768.jpg 1024w\" sizes=\"auto, (max-width: 300px) 100vw, 300px\" \/><\/a>Eine Gruppe von 20 AktivistInnen hat am Freitag, 27. Juli 2012 das Schweizer Konsulat in Marseille f\u00fcr ca. 30 Minuten besetzt. Der Schweizer Konsul liess daraufhin die BAC (brigade anti criminalit\u00e9) aufbieten. Bis auf Durchsuchungen und einer Personenkontrolle konnten alle AktivistInnen das Geb\u00e4ude unversehrt verlassen.<\/strong><\/p>\n<p>Grund f\u00fcr die Aktion war die Verhaftung und geplante Ausschaffung von Levent Capa, einem t\u00fcrkischen Fl\u00fcchtling in der Schweiz. Levent Capa verbrachte in der T\u00fcrkei 11 Jahre im Gef\u00e4ngnis wegen seines politischen Engagements bei Devrimci-Sol. Aufgrund der anhaltenden staatlichen Repression und der Furcht vor einem erneuten Prozess fl\u00fcchtete Levent Capa im Jahre 2011 nach Europa. Er stellte ein Asylgesuch in der Schweiz und hielt sich danach vorwiegend in Paris auf, wo er sich ebenfalls politisch engagierte. Bei einem Termin auf dem Polizeipr\u00e4sidium in Clingnancourt wurde er informiert, dass er sich auf Ersuchen der schweizerischen Beh\u00f6rden zum Abschluss seines Asylverfahren in die Schweiz zu begeben habe. Auf sein Nachfragen hin, versicherte man ihm auf dem Schweizer Konsulat in Paris, dass er nichts zu bef\u00fcrchten habe, da ihn die Schweiz als politischen Fl\u00fcchtling anerkennen werde. Am 21. Juli 2012 begibt er sich in die Schweiz. Er wird am 23. Juli 2012 in Bern verhaftet und in Ausschaffungshaft genommen, mit der Begr\u00fcndung, dass sein Asylgesuch bereits im November 2011 abgewiesen wurde und die Frist f\u00fcr eine Beschwerde l\u00e4ngst verstrichen sei. Den negativen Entscheid hat er jedoch nie erhalten! Als ihn Schweizer AktivistInnen am Freitagmorgen, 27. Juli 2012 im Gef\u00e4ngnis besuchen wollen, wird ihnen gesagt, dass Levent bereits auf dem Weg zum Flughafen Z\u00fcrich sei. Bis zum Abend des 29. Juli ist nichts \u00fcber seinen Aufenthalt bekannt. Alle Kontakte in der T\u00fcrkei wissen nichts \u00fcber eine erfolgte R\u00fcckkehr. Die Schweizerischen Beh\u00f6rden betonen, dass f\u00fcr sie der Fall nach der \u00dcbergabe an die t\u00fcrkischen Beh\u00f6rden erledigt sei und h\u00fcllen sich ansonsten in Schweigen.<\/p>\n<p>Am Abend des 29. Juli 2012 wird bekannt, dass Levent Capa am Freitag, 27. Juli 2012 in die T\u00fcrkei ausgeschafft wurde, wo er unmittelbar nach der Ankunft f\u00fcr zwei Tage in Haft genommen wurde. Im Moment ist er frei, es erwartet ihn jedoch in den n\u00e4chsten Monaten ein erneuter Prozess, der auf eine mehrj\u00e4hrige Gef\u00e4ngnisstrafe abzielt.<\/p>\n<p>Ein politischer Aktivist und ehemaliger H\u00e4ftling wird in einen f\u00fcr seine Foltermethoden bekannten Staat ausgeschafft, obwohl ihm dort weitere Folter und Gef\u00e4ngnis drohen. Ein weiteres trauriges Kapitel der schweizerischen und europ\u00e4ischen Migrationspolitik!<\/p>\n<p>Solidarit\u00e9 avec Levent Capa! Non aux expulsions! Ni fronti\u00e8res, ni nations!!!<\/p>\n<p>Mehr Infos auf Indymedia Paris: <a href=\"http:\/\/paris.indymedia.org\/\">http:\/\/paris.indymedia.org\/<\/a><\/p>\n","protected":false},"excerpt":{"rendered":"<p>Eine Gruppe von 20 AktivistInnen hat am Freitag, 27. Juli 2012 das Schweizer Konsulat in Marseille f\u00fcr ca. 30 Minuten besetzt. Der Schweizer Konsul liess daraufhin die BAC (brigade anti criminalit\u00e9) aufbieten. Bis auf Durchsuchungen und einer Personenkontrolle konnten alle AktivistInnen das Geb\u00e4ude unversehrt verlassen. <a href=\"https:\/\/www.lagota.ch\/?p=1489\">Continue reading <span class=\"meta-nav\">&rarr;<\/span><\/a><\/p>\n","protected":false},"author":1,"featured_media":0,"comment_status":"open","ping_status":"open","sticky":false,"template":"","format":"standard","meta":{"footnotes":""},"categories":[49,10,6,18],"tags":[325,364,362,363],"class_list":["post-1489","post","type-post","status-publish","format-standard","hentry","category-antirep","category-aus-aller-welt","category-news","category-squat-the-world","tag-ausschaffung","tag-levent-capa","tag-marseille","tag-schweizer-botschaft"],"_links":{"self":[{"href":"https:\/\/www.lagota.ch\/index.php?rest_route=\/wp\/v2\/posts\/1489","targetHints":{"allow":["GET"]}}],"collection":[{"href":"https:\/\/www.lagota.ch\/index.php?rest_route=\/wp\/v2\/posts"}],"about":[{"href":"https:\/\/www.lagota.ch\/index.php?rest_route=\/wp\/v2\/types\/post"}],"author":[{"embeddable":true,"href":"https:\/\/www.lagota.ch\/index.php?rest_route=\/wp\/v2\/users\/1"}],"replies":[{"embeddable":true,"href":"https:\/\/www.lagota.ch\/index.php?rest_route=%2Fwp%2Fv2%2Fcomments&post=1489"}],"version-history":[{"count":3,"href":"https:\/\/www.lagota.ch\/index.php?rest_route=\/wp\/v2\/posts\/1489\/revisions"}],"predecessor-version":[{"id":1493,"href":"https:\/\/www.lagota.ch\/index.php?rest_route=\/wp\/v2\/posts\/1489\/revisions\/1493"}],"wp:attachment":[{"href":"https:\/\/www.lagota.ch\/index.php?rest_route=%2Fwp%2Fv2%2Fmedia&parent=1489"}],"wp:term":[{"taxonomy":"category","embeddable":true,"href":"https:\/\/www.lagota.ch\/index.php?rest_route=%2Fwp%2Fv2%2Fcategories&post=1489"},{"taxonomy":"post_tag","embeddable":true,"href":"https:\/\/www.lagota.ch\/index.php?rest_route=%2Fwp%2Fv2%2Ftags&post=1489"}],"curies":[{"name":"wp","href":"https:\/\/api.w.org\/{rel}","templated":true}]}}