{"id":1508,"date":"2012-08-06T15:18:23","date_gmt":"2012-08-06T14:18:23","guid":{"rendered":"http:\/\/www.lagota.ch\/?p=1508"},"modified":"2012-08-06T15:18:23","modified_gmt":"2012-08-06T14:18:23","slug":"aktuelle-repression","status":"publish","type":"post","link":"https:\/\/www.lagota.ch\/?p=1508","title":{"rendered":"Aktuelle Repression"},"content":{"rendered":"<p><strong><a href=\"https:\/\/www.lagota.ch\/wp-content\/uploads\/politischegefangene.jpg\"><img loading=\"lazy\" decoding=\"async\" class=\"alignright size-medium wp-image-1509\" title=\"politischegefangene\" src=\"https:\/\/www.lagota.ch\/wp-content\/uploads\/politischegefangene-300x219.jpg\" alt=\"\" width=\"300\" height=\"219\" srcset=\"https:\/\/www.lagota.ch\/wp-content\/uploads\/politischegefangene-300x219.jpg 300w, https:\/\/www.lagota.ch\/wp-content\/uploads\/politischegefangene.jpg 640w\" sizes=\"auto, (max-width: 300px) 100vw, 300px\" \/><\/a>Repression betrifft immer mehr Leute. Sei es  nun im allt\u00e4glichen Leben, beim Ausgehen, bei Anti-WEF-Protesten oder am  1. Mai. Wir kennen hierf\u00fcr nur eine Antwort: Solidarit\u00e4t &#8211; Diese ist  unsere Waffe; Unterst\u00fctzt die von Repression bertoffenen, informiert  euch, wie ihr euch gegen die Staatsmacht sch\u00fctzen k\u00f6nnt und  solidarisiert euch!<\/strong><\/p>\n<p><strong> <\/strong><\/p>\n<p><strong>Ein \u00dcberblick zu den aktuellen politischen Gefangenen in der Schweiz, zu Soliarbeit, zur Repression und deren Verhinderung.<\/strong><\/p>\n<p><strong><br \/>\n<\/strong><\/p>\n<p><strong>Repression?<\/strong><\/p>\n<p>Die Herrschenden und die Reichen versuchen die Klammer immer enger zu ziehen, so dass bald alles, was ihnen nicht passt, gegen Strafe verboten werden soll. Der Gummiparagraf \u2018Landfriedensbruch\u2019 wird versucht soweit auszudehnen, dass bereits ein zusammenstehen unliebsamer Personen zu einer Verhaftung f\u00fchren kann. Am 1. Mai wird mit einem martialischen Polizeiaufgebot beinahe verunm\u00f6glicht, seinen Protest gegen das System zu zeigen. Wem es nicht destotrotz gelingt, wird verfolgt. Ungebrochene Gefangene erhalten eine Sonderbehandlung und werden nicht wie \u00fcblich nach 2\/3 ihrer Haftzeit entlassen. Sogenannt \u2018illegale Partys\u2019 werden regelm\u00e4\u00dfig brutal von der Polizei angegriffen und nicht selten aufgel\u00f6st. Es wird alles m\u00f6gliche getan, um die diversen Bewegungen zu spalten oder gar gleich zu verbieten.<\/p>\n<p><strong>Momentane Politische Gefangene &#8211; Ein \u00dcberblick:<\/strong><\/p>\n<p><strong>Marco Camenisch:<\/strong><\/p>\n<p>Dem Anti-Atom Aktivisten und \u00fcberzeugten Anarchisten Marco Camensich wird ein Attentat auf ein Startstromm\u00e4ste und ein Mord an einem Grenzbeamten beschuldigt. Camenisch sitzt seit 1991 zuerst in Italien und seit 2002 in der Schweiz im Knast. Weitere Informationen: Dossier zu Marco Camenisch von Augenauf<\/p>\n<p>Im Fr\u00fchjahr 2012 h\u00e4tte Marco aufgrund der normalerweise \u00fcblichen 2\/3 Regelung, welche besagt, dass man nach 2\/3 der Haftstrafe auf Bew\u00e4hrung freigelassen wird, in die Freiheit entlassen werden sollen. Dies wurde ihm mit der Begr\u00fcndung, dass er ein ungebrochener Anarchist sei jedoch verweigert.<\/p>\n<p>Texte und Infos zu Marco:<br \/>\nMarco zu seiner verweigerten Entlassung<br \/>\nDossier RHI<\/p>\n<p><strong>Silvia, Billie und Costa:<\/strong><\/p>\n<p>Die drei AnarchistInnen Billie, Silvia und Costa wurden vor dem Bundesstrafgericht in Bellinzona bez\u00fcglich eines angeblich geplanten Anschlages auf ein Nanotechnologie-Labor von IBM angeklagt und zu Haftstrafen verurteilt. Mehr Infos: Prozess gegen Silvia, Billy und Costa in Bellinzona<\/p>\n<p>Mittlerweile wurde Silvia freigelassen und nach Italien abgeschoben &#8211; Artikel zu Silvias Freilassung<\/p>\n<p>Die beiden Anderen sitzen noch immer in schweizer Kn\u00e4sten.<\/p>\n<p><strong>Gefangener vom NT-Areal:<\/strong><\/p>\n<p>Am 2. Juni 2012 fand in Basel auf dem nahezu leerstehenden NT-Areal eine Party mit \u00fcber 1000 BesucherInnen statt. Es wurde friedlich mit Live-Musik gefeiert. Die Polizei hielt sich lange Zeit im Hintergrund. Als ein Zivilpolizist unter den BesucherInnen entdeckt wurde, wurde dieser zum Gehen aufgefordert. Er widersetzte sich und es kam zu einer Auseinandersetzung, worauf der Polizist fl\u00fcchtete. Uniformierte Beamte setzten direkt im Anschluss Gummischrot ein und eine Person wurdeverhaftet und in Untersuchungshaft gesteckt. Nach der Party kam es zu diversen \u00dcbergriffen von Seiten der Polizei. Siehe hierzu: Communiqu\u00e9 der Antirep-Gruppe Basel<\/p>\n<p>Der Festgenommene sitzt seitdem in Basel in U-Haft. Der Genosse vom Aufbau Winterhur ist wohlauf und k\u00e4mferisch.<br \/>\nMehr Infos und Supportm\u00f6glichkeiten (Aufbau)<\/p>\n<p><strong>Gefangenen vom 1. Mai 2012:<\/strong><\/p>\n<p>\u00dcber zwei Monate nach dem 1. Mai 2012 in Z\u00fcrich, wurden sechs Personen verhaftet. Die Mehrzahl von ihnen sitzt noch heute in Untersuchungshaft in verschiedenen Kn\u00e4sten im Kanton Z\u00fcrich. Ihnen wird haupts\u00e4chlich Landfriedensbruch vorgeworfen. Bereits am 1. Mai wurde ein Genosse grundlos festgenommen und zwei Wochen in U-Haft gesteckt.<\/p>\n<p>Die Gefangenen werden von Anw\u00e4lten betreut und von aussen mit Geld, Kleidern, Essen und fleissigem Gr\u00fc\u00dfen von ausserhalb unterst\u00fctzt.<\/p>\n<p>Texte und Informationen:<br \/>\nSolidarit\u00e4tserkl\u00e4rung<br \/>\nFreiheit f\u00fcr die Gefangenen vom 1. Mai 2012: RJZ und Aufbau<br \/>\nAm 28. Juli gab es einen Aktionstag bei dem diverse Aktionen f\u00fcr die Gefangenen vom 1. Mai 2012 durchgef\u00fchrt wurden &#8211; Bericht zum Aktionstag<\/p>\n<p><strong>Weitere Repression:<\/strong><\/p>\n<p>Auch wenn keine U-Haft oder Haftstrafen angesetzt werden, so l\u00e4uft der Repressionsapperat auf Hochtouren. Alleine in Bern wurden in letzter Zeit mehrere Partys und Demos gewaltsam aufgel\u00f6st und hunderte Personen wegen Landfriedensbruch angeklagt.<\/p>\n<p>Beispiele:<br \/>\nAnti-Rep Demo &#8211; Die Demo wurde im Juni 2011 in Bern brutal von der Polizei gestoppt und \u00fcber 180 Personen wurden verhaftet.<\/p>\n<p>Antifa Demo in Diepoldsau &#8211; In Diepoldsau wurden Antifas von der Polizei verhaftet, weil sie ein Nazifreffen der Europ\u00e4ischen Aktion (EA) verhindert wollten. Die verhafteten wurden gr\u00f6\u00dftenteils wegen Hausfriedensbruch angeklagt und verurteilt.<\/p>\n<p>Anti WEF-Demo 2012 &#8211; Die Demo wurde im Januar 2012 noch vor dem Erreichen des offiziellen Besammlungsortes von der Polizei gekesselt und s\u00e4mtliche Leute wurden festgenommen. Auch auf dem Platz vor der Heiliggeistkirche, wo die Besammlung stattfinden sollte, wurden Leute eingekesselt.<\/p>\n<p>In Z\u00fcrich wurden am 17. September 2011 bei einer illegalen Party auf dem Central Personen festgenommen und wegen Landfriedensbruch angeklagt. Gro\u00dfe Teile der Verhafteten wurden in U-Haft gesteckt. Mittlerweile wurden viele freigesprochen und entsch\u00e4digt.<\/p>\n<p>Am 18. Januar 2012 wurde in Z\u00fcrich anl\u00e4sslich des World Economic Forums in Davos die Schweizer Nationalbank mit Farbe angegriffen. Zwei Leute wurden von der Polizei festgenommen. Mindestens einer von ihnen wurde beinahe zwei Wochen in U-Haft gehalten. Mehr Infos<\/p>\n<p>Arbeit gegen Repression:<\/p>\n<p>Gegen die Repression hilft nur Solidarit\u00e4t. Solidarisiert euch mit den Befroffenen. Sch\u00fctzt euch vor der Repression. Hier einige Infos:<\/p>\n<p>RJZ Anti-Rep Brosch\u00fcre<br \/>\nRote Hilfe &#8211; Was tun wenns brennt?<br \/>\nAntirep Aarau &#8211; Was will der Staatsschutz?<\/p>\n<p>In diversen St\u00e4dten gibt es Ermittlungsaussch\u00fcsse (EAs) oder Rote Hilfe Gruppen. Informiert euch und werdet aktiv. Eine Liste:<\/p>\n<p>Bern \u2013 EA Bern: ea[at]immerda[dot]ch<br \/>\nZ\u00fcrich, Basel \u2013 Rote Hilfe: rotehilfe[at]aufbau[dot]org<br \/>\nAargau &#8211; AE Aargau: antirepaarau[at]immmerda[dot]ch<\/p>\n<p>Gegen Repression \u2013 f\u00fcr die Revolution!<br \/>\nSolidarit\u00e4t ist unsere Waffe!<\/p>\n","protected":false},"excerpt":{"rendered":"<p>Repression betrifft immer mehr Leute. Sei es nun im allt\u00e4glichen Leben, beim Ausgehen, bei Anti-WEF-Protesten oder am 1. Mai. Wir kennen hierf\u00fcr nur eine Antwort: Solidarit\u00e4t &#8211; Diese ist unsere Waffe; Unterst\u00fctzt die von Repression bertoffenen, informiert euch, wie ihr euch gegen die Staatsmacht sch\u00fctzen k\u00f6nnt und solidarisiert euch!<\/p>\n<p>Ein \u00dcberblick zu den aktuellen politischen Gefangenen in der Schweiz, zu Soliarbeit, zur Repression und deren Verhinderung.  <a href=\"https:\/\/www.lagota.ch\/?p=1508\">Continue reading <span class=\"meta-nav\">&rarr;<\/span><\/a><\/p>\n","protected":false},"author":1,"featured_media":0,"comment_status":"open","ping_status":"open","sticky":false,"template":"","format":"standard","meta":{"footnotes":""},"categories":[49,172,16],"tags":[366,53,28,365,27,52],"class_list":["post-1508","post","type-post","status-publish","format-standard","hentry","category-antirep","category-gefangeneninfos","category-schweiz","tag-billie","tag-costa","tag-knast","tag-marco-camenisch","tag-repression","tag-silvia"],"_links":{"self":[{"href":"https:\/\/www.lagota.ch\/index.php?rest_route=\/wp\/v2\/posts\/1508","targetHints":{"allow":["GET"]}}],"collection":[{"href":"https:\/\/www.lagota.ch\/index.php?rest_route=\/wp\/v2\/posts"}],"about":[{"href":"https:\/\/www.lagota.ch\/index.php?rest_route=\/wp\/v2\/types\/post"}],"author":[{"embeddable":true,"href":"https:\/\/www.lagota.ch\/index.php?rest_route=\/wp\/v2\/users\/1"}],"replies":[{"embeddable":true,"href":"https:\/\/www.lagota.ch\/index.php?rest_route=%2Fwp%2Fv2%2Fcomments&post=1508"}],"version-history":[{"count":2,"href":"https:\/\/www.lagota.ch\/index.php?rest_route=\/wp\/v2\/posts\/1508\/revisions"}],"predecessor-version":[{"id":1511,"href":"https:\/\/www.lagota.ch\/index.php?rest_route=\/wp\/v2\/posts\/1508\/revisions\/1511"}],"wp:attachment":[{"href":"https:\/\/www.lagota.ch\/index.php?rest_route=%2Fwp%2Fv2%2Fmedia&parent=1508"}],"wp:term":[{"taxonomy":"category","embeddable":true,"href":"https:\/\/www.lagota.ch\/index.php?rest_route=%2Fwp%2Fv2%2Fcategories&post=1508"},{"taxonomy":"post_tag","embeddable":true,"href":"https:\/\/www.lagota.ch\/index.php?rest_route=%2Fwp%2Fv2%2Ftags&post=1508"}],"curies":[{"name":"wp","href":"https:\/\/api.w.org\/{rel}","templated":true}]}}