{"id":1533,"date":"2012-09-13T22:35:24","date_gmt":"2012-09-13T21:35:24","guid":{"rendered":"http:\/\/www.lagota.ch\/?p=1533"},"modified":"2012-09-13T22:36:33","modified_gmt":"2012-09-13T21:36:33","slug":"menschenjagd","status":"publish","type":"post","link":"https:\/\/www.lagota.ch\/?p=1533","title":{"rendered":"Menschenjagd"},"content":{"rendered":"<p><a href=\"https:\/\/www.lagota.ch\/wp-content\/uploads\/menschenjagd.jpg\"><img loading=\"lazy\" decoding=\"async\" class=\"alignleft size-full wp-image-1534\" title=\"menschenjagd\" src=\"https:\/\/www.lagota.ch\/wp-content\/uploads\/menschenjagd.jpg\" alt=\"\" width=\"309\" height=\"600\" srcset=\"https:\/\/www.lagota.ch\/wp-content\/uploads\/menschenjagd.jpg 309w, https:\/\/www.lagota.ch\/wp-content\/uploads\/menschenjagd-154x300.jpg 154w\" sizes=\"auto, (max-width: 309px) 100vw, 309px\" \/><\/a>Seit Anfang August l\u00e4uft in Griechenland die Polizeioperation  \u00bbGastfreundlicher Zeus\u00ab. Ihr Inhalt ist das genaue Gegenteil von dem,  was der Name verspricht. Es handelt sich um eine Menschenjagd auf  Fl\u00fcchtlinge. Bis zum 10. September wurden 18993 Menschen zur \u00dcberpr\u00fcfung  ihrer Papiere vorl\u00e4ufig festgenommen. Viele von ihnen, nach Angaben des  zust\u00e4ndigen Ministeriums f\u00fcr \u00f6ffentliche Ordnung 2192 Personen, wurden  wegen fehlender Aufenthaltsgenehmigung in Polizeihaft genommen oder in  einem der neu er\u00f6ffneten Abschiebelager festgehalten. Das einzige  Kriterium f\u00fcr die Beamten, wer einer \u00dcberpr\u00fcfung unterzogen wird, ist  fremdl\u00e4ndisches Aussehen, z.B. \u00bbzu dunkle Hautfarbe\u00ab. Aufnahmen  entsprechender Praktiken der Einsatzkr\u00e4fte sind im Internet  dokumentiert: (<a href=\"http:\/\/tiny.cc\/PolizeiAthen\" target=\"_blank\">tiny.cc\/PolizeiAthen<\/a>).  Diese Bilder schwerbewaffneter Bereitschaftspolizisten, die im Athener  Bahnhof einen Zug aus Nordgriechenland umstellen und nach Ausl\u00e4ndern  durchsuchen, sind alles andere als ein Beweis f\u00fcr die Demokratie in dem  Land, das sich so gerne als Wiege derselben bezeichnen l\u00e4\u00dft.<\/p>\n<div>Die Mehrheit der Griechen hat mit dem Vorgehen der Polizei allerdings  kein Problem, im Gegenteil. Nach einer Erhebung im Auftrag der linken  Wochenzeitung To Pontiki (Die Maus) erkl\u00e4rten 55 Prozent der Befragten,  die Regierung m\u00fcsse h\u00e4rter mit illegal ins Land eingereisten Migranten  umgehen, nur 15 Prozent fordern mehr Toleranz ihnen gegen\u00fcber. Solche  \u00dcberzeugungen sind selbst bei den W\u00e4hlern linker Parteien in der  Minderheit.<\/p>\n<p>Die Vorlage der Polizei und die rassistische Grundstimmung in der  Bev\u00f6lkerung nutzend, werden die Neofaschisten Griechenlands immer  dreister. Bei den letzten Wahlen im Juni war die faschistische Chrysi  Avgi (Goldene Morgend\u00e4mmerung) erstmalig mit fast sieben Prozent und 18  Abgeordneten ins Parlament eingezogen. Die von ihren Mitgliedern und  Anh\u00e4ngern bereits seit Jahren ver\u00fcbten meist n\u00e4chtlichen Angriffe mit  Kn\u00fcppeln und Messern auf Migranten haben in den letzten Monaten stark  zugenommen. Und nun geht die Partei auch offen und am hellichten Tag  gegen die von ihr als Wurzel allen \u00dcbels stigmatisierten \u00bbFremden\u00ab vor.  Gleich dreimal attackierten in der letzten Woche Kader der Partei,  darunter auch Abgeordnete, Migranten. Im n\u00f6rdlich von Athen gelegenen  Rafina \u00bbkontrollierten\u00ab die sich selbst als \u00bbSturmtruppen\u00ab bezeichnenden  Neofaschisten am vergangenen Freitag die Genehmigungen ausl\u00e4ndischer  Kleinh\u00e4ndler auf einem Volksfest und zerschlugen die St\u00e4nde derjenigen,  die sich nicht korrekt ausweisen konnten. Dasselbe geschah am folgenden  Tag auf einem Wochenmarkt in der westgriechischen K\u00fcstenstadt Mesologgi,  worauf sich der griechische Kleinh\u00e4ndlerverband bei den Gewaltt\u00e4tern  bedankte. Der dritte Angriff folgte kurz danach in der auf den  Peloponnes gelegenen Stadt Kalamata. Hier verpr\u00fcgelten die  faschistischen \u00bbSturmtruppen\u00ab fliegende H\u00e4ndler an einer  Stra\u00dfenkreuzung. J\u00fcngsten Umfragen zufolge k\u00f6nnte die Partei bei Wahlen  mittlerweile mit einem zweistimmigen Ergebnis von bis zu zw\u00f6lf Prozent  rechnen.<\/p>\n<p>Auch beim Widerstand gegen die Abschiebelager spielen die Faschisten  eine Rolle. Denn nicht nur linke, antirassistische Organisationen  demonstrieren gegen diese Sammellager, von denen das erste bereits im  Mai in Amigdaleza, nordwestlich von Athen, er\u00f6ffnet wurde. Den Ende  August zusammen mit den Faschisten gegen die Er\u00f6ffnung eines weiteren in  einer ehemaligen Kaserne in der N\u00e4he der Hafenstadt Korinth  demonstrierenden Anwohnern ging es allerdings nicht um Menschenw\u00fcrde und  Rechte der hier eingesperrten Migranten. Der gebetsm\u00fchlenartig fast  allt\u00e4glich von den Massenmedien vorgegebenen Hetze gegen \u00bbkriminelle  Ausl\u00e4nder\u00ab folgend, wehren sie sich vielmehr ausschlie\u00dflich gegen die  Nachbarschaft von Migranten, die auch noch \u00bbzur Entwertung des eigenen  Immobilienbesitzes\u00ab f\u00fchre.<\/p>\n<p>Quelle: <a href=\"http:\/\/www.jungewelt.de\/2012\/09-14\/013.php\" target=\"_blank\">http:\/\/www.jungewelt.de\/2012\/09-14\/013.php<\/a><\/p>\n<\/div>\n","protected":false},"excerpt":{"rendered":"<p>Rassistische Polizeioperation in Griechenland. Zehntausende Migranten vorl\u00e4ufig festgenommen, Tausende inhaftiert \/p<br \/>\nSeit Anfang August l\u00e4uft in Griechenland die Polizeioperation \u00bbGastfreundlicher Zeus\u00ab. Ihr Inhalt ist das genaue Gegenteil von dem, was der Name verspricht. Es handelt sich um eine Menschenjagd auf Fl\u00fcchtlinge. Bis zum 10. September wurden 18993 Menschen zur \u00dcberpr\u00fcfung ihrer Papiere vorl\u00e4ufig festgenommen. Viele von ihnen, nach Angaben des zust\u00e4ndigen Ministeriums f\u00fcr \u00f6ffentliche Ordnung 2192 Personen, wurden wegen fehlender Aufenthaltsgenehmigung in Polizeihaft genommen oder in einem der neu er\u00f6ffneten Abschiebelager festgehalten. Das einzige Kriterium f\u00fcr die Beamten, wer einer \u00dcberpr\u00fcfung unterzogen wird, ist fremdl\u00e4ndisches Aussehen, z.B. \u00bbzu dunkle Hautfarbe\u00ab. Aufnahmen entsprechender Praktiken der Einsatzkr\u00e4fte sind im Internet dokumentiert: (tiny.cc\/PolizeiAthen). Diese Bilder schwerbewaffneter Bereitschaftspolizisten, die im Athener Bahnhof einen Zug aus Nordgriechenland umstellen und nach Ausl\u00e4ndern durchsuchen, sind alles andere als ein Beweis f\u00fcr die Demokratie in dem Land, das sich so gerne als Wiege derselben bezeichnen l\u00e4\u00dft. <a href=\"https:\/\/www.lagota.ch\/?p=1533\">Continue reading <span class=\"meta-nav\">&rarr;<\/span><\/a><\/p>\n","protected":false},"author":1,"featured_media":0,"comment_status":"open","ping_status":"open","sticky":false,"template":"","format":"standard","meta":{"footnotes":""},"categories":[13,10,6,108],"tags":[376,331,133,375],"class_list":["post-1533","post","type-post","status-publish","format-standard","hentry","category-antifa","category-aus-aller-welt","category-news","category-wirtschaftskrise","tag-abschiebelager","tag-fluchtlinge","tag-griechenland","tag-menschenjagd"],"_links":{"self":[{"href":"https:\/\/www.lagota.ch\/index.php?rest_route=\/wp\/v2\/posts\/1533","targetHints":{"allow":["GET"]}}],"collection":[{"href":"https:\/\/www.lagota.ch\/index.php?rest_route=\/wp\/v2\/posts"}],"about":[{"href":"https:\/\/www.lagota.ch\/index.php?rest_route=\/wp\/v2\/types\/post"}],"author":[{"embeddable":true,"href":"https:\/\/www.lagota.ch\/index.php?rest_route=\/wp\/v2\/users\/1"}],"replies":[{"embeddable":true,"href":"https:\/\/www.lagota.ch\/index.php?rest_route=%2Fwp%2Fv2%2Fcomments&post=1533"}],"version-history":[{"count":3,"href":"https:\/\/www.lagota.ch\/index.php?rest_route=\/wp\/v2\/posts\/1533\/revisions"}],"predecessor-version":[{"id":1536,"href":"https:\/\/www.lagota.ch\/index.php?rest_route=\/wp\/v2\/posts\/1533\/revisions\/1536"}],"wp:attachment":[{"href":"https:\/\/www.lagota.ch\/index.php?rest_route=%2Fwp%2Fv2%2Fmedia&parent=1533"}],"wp:term":[{"taxonomy":"category","embeddable":true,"href":"https:\/\/www.lagota.ch\/index.php?rest_route=%2Fwp%2Fv2%2Fcategories&post=1533"},{"taxonomy":"post_tag","embeddable":true,"href":"https:\/\/www.lagota.ch\/index.php?rest_route=%2Fwp%2Fv2%2Ftags&post=1533"}],"curies":[{"name":"wp","href":"https:\/\/api.w.org\/{rel}","templated":true}]}}