{"id":1538,"date":"2012-09-17T14:29:23","date_gmt":"2012-09-17T13:29:23","guid":{"rendered":"http:\/\/www.lagota.ch\/?p=1538"},"modified":"2012-09-17T14:29:23","modified_gmt":"2012-09-17T13:29:23","slug":"an-der-industriestrasse-keimt-wird-wachst-und-erstarkt-neues","status":"publish","type":"post","link":"https:\/\/www.lagota.ch\/?p=1538","title":{"rendered":"An der Industriestrasse keimt, wird, w\u00e4chst und erstarkt Neues"},"content":{"rendered":"<p><strong><a href=\"https:\/\/www.lagota.ch\/wp-content\/uploads\/industriestrasse4.gif\"><img loading=\"lazy\" decoding=\"async\" class=\"alignleft size-medium wp-image-1539\" title=\"industriestrasse4\" src=\"https:\/\/www.lagota.ch\/wp-content\/uploads\/industriestrasse4-300x216.gif\" alt=\"\" width=\"300\" height=\"216\" srcset=\"https:\/\/www.lagota.ch\/wp-content\/uploads\/industriestrasse4-300x216.gif 300w, https:\/\/www.lagota.ch\/wp-content\/uploads\/industriestrasse4-1024x737.gif 1024w, https:\/\/www.lagota.ch\/wp-content\/uploads\/industriestrasse4.gif 1235w\" sizes=\"auto, (max-width: 300px) 100vw, 300px\" \/><\/a>\u00abFOR SALE\u00bb: So lautet einer der Slogans der IG Industriestrasse. Sie will damit aufmerksam machen, dass die Stadt Luzern immer mehr Boden verkaufen will, aktuell und konkret: Land im Gebiet der Industriestrasse. Das ist eine Tendenz, die mich zum Nachdenken anregt.<\/strong><\/p>\n<p>Es darf n\u00e4mlich nicht sein, dass die Stadt aus \u00absteuertechnischen Gr\u00fcnden\u00bb oder aus Standortmarketing-\u00dcberlegungen EinwohnerInnen und Einwohner verjagt und attraktive Standorte \u2013 leichtsinnig! &#8211; verkauft. Seit \u00fcber zehn Jahren sind die Industriestrasse und ihre Zukunft bei der Stadt Luzern ein Thema, und trotzdem pr\u00e4sentieren uns Stadtrat und Stadtparlament nun mit dieser Abstimmungsvorlage eine absurde, eine kurzsichtige L\u00f6sung.<\/p>\n<p>Eine Z\u00fcrcher Firma soll dieses zentrale St\u00fcck Stadt Luzern f\u00fcr den bescheidenen Preis von wenigen Millionen kaufen k\u00f6nnen; 17 Millionen seien viel zu wenig, sagen Kenner der Immobilienbranche. W\u00e4hrend also diese Branche boomt und bl\u00fcht, verkauft die Stadt Land zu einem Spottpreis! Nach einem wirtschaftlich sinnvollen Gesch\u00e4ft t\u00f6nt das nicht.<\/p>\n<p>Es sind Orte wie die Industriestrasse und ihre gegenw\u00e4rtige Nutzung, es sind solche Freir\u00e4ume und Freiheiten, auf die unsere Stadt stolz sein kann. Freir\u00e4ume, in denen Neues keimen, werden und wachsen und erstarken kann. Solche Perlen d\u00fcrfen keinesfalls leichtsinnig einem kurzsichtigen Deal geopfert werden.<\/p>\n<p>Beim Industriestrassenfest am 25. August haben viele Besucherinnen und Besucher, die dieses Biotop der Ideen, diesen Mikrokosmos der gesellschaftlichen Vielfalt erstmals gesehen dar\u00fcber gestaunt, was hier auf so wenig Fl\u00e4che alles entstanden ist und \u2013 eigentlich \u2013 gerne weiterbestehen m\u00f6chte.<br \/>\nAuch die Initiantinnen und Initianten wissen, dass dieses wertvolle Gebiet \u00fcber kurz oder lang anders genutzt werden wird. Genau darum aber will ihr Volksbegehren, dass dieses st\u00e4dtebaulich ebenso empfindliche wie wertvolle Areal nicht einfach \u2013 wie Tafelsilber, allerdings zu Scherzpreisen \u2013 verscherbelt wird.<\/p>\n<p>Sie wollen, dass das Areal im Baurecht abgegeben wird, was auch mir als einzig vern\u00fcnftige L\u00f6sung erscheint, damit es der Stadt l\u00e4ngerfristig erhalten bleibt.<\/p>\n<p>So w\u00e4re es auch m\u00f6glich, dieses Baurecht an gemeinn\u00fctzige Wohnbautr\u00e4ger wie Genossenschaften, abzugeben, die \u2013 erstens \u2013 im Sinne der am 17. Juni angenommenen Wohnbau-Initiative preisg\u00fcnstigen und familienfreundlichen Wohnraum erstellen; und die \u2013 zweitens \u2013 bereit sind, den heutigen \u00abSpirit Industriestrasse\u00bb wenigstens teilweise in ein nachhaltiges Projekt \u00fcberzuf\u00fchren, das sich nicht allein an der Profitmaximierung orientiert.<\/p>\n<p>Seit ich an der Industriestrasse ein eigenes Atelier habe, erlebe ich tagt\u00e4glich, wie sich hier unterschiedlichste Nutzungen und ihre Akteurinnen und Akteure ideell gegenseitig inspirieren und motivieren: Hier n\u00e4mlich warten nicht allein \u00abKreative\u00bb jedwelcher Disziplinen auf ihre Eingebungen, hier sind produktive Kleinstbetriebe zuhause, wirken und werken, um ihren Lebensunterhalt zu verdienen. Genau dieses Miteinander verschiedenster Nutzungen muss unbedingt in einer \u00abk\u00fcnftigen Industriestrasse\u00bb, sprich einer \u00dcberbauung im Baurecht, weiterleben.<\/p>\n<p>Das Engagement der InitiantInnen sagt \u00fcbrigens etwas Interessantes aus: Obschon sie genau wissen, dass sie dort mittelfristig ihre heutigen Ateliers verlieren, k\u00e4mpfen sie mit vollen Kr\u00e4ften f\u00fcr ihre Vision, wie sie sich die Industriestrasse vorbildhaft darstellt.<\/p>\n<p>Isabelle Roth, Luzern<\/p>\n<p>Quelle: <a href=\"http:\/\/www.lu-wahlen.ch\/kolumne-der-redaktion\/news\/2012\/09\/11\/3463-an-der-industriestrasse-keimt-wird-waechst-und-erstarkt-neues\/\">http:\/\/www.lu-wahlen.ch\/kolumne-der-redaktion\/news\/2012\/09\/11\/3463-an-der-industriestrasse-keimt-wird-waechst-und-erstarkt-neues\/<\/a><\/p>\n","protected":false},"excerpt":{"rendered":"<p>\u00abFOR SALE\u00bb: So lautet einer der Slogans der IG Industriestrasse. Sie will damit aufmerksam machen, dass die Stadt Luzern immer mehr Boden verkaufen will, aktuell und konkret: Land im Gebiet der Industriestrasse. Das ist eine Tendenz, die mich zum Nachdenken anregt. <a href=\"https:\/\/www.lagota.ch\/?p=1538\">Continue reading <span class=\"meta-nav\">&rarr;<\/span><\/a><\/p>\n","protected":false},"author":1,"featured_media":0,"comment_status":"open","ping_status":"open","sticky":false,"template":"","format":"standard","meta":{"footnotes":""},"categories":[11,18],"tags":[377,378,194],"class_list":["post-1538","post","type-post","status-publish","format-standard","hentry","category-luzern","category-squat-the-world","tag-abstimmung","tag-for-sale","tag-industriestrasse"],"_links":{"self":[{"href":"https:\/\/www.lagota.ch\/index.php?rest_route=\/wp\/v2\/posts\/1538","targetHints":{"allow":["GET"]}}],"collection":[{"href":"https:\/\/www.lagota.ch\/index.php?rest_route=\/wp\/v2\/posts"}],"about":[{"href":"https:\/\/www.lagota.ch\/index.php?rest_route=\/wp\/v2\/types\/post"}],"author":[{"embeddable":true,"href":"https:\/\/www.lagota.ch\/index.php?rest_route=\/wp\/v2\/users\/1"}],"replies":[{"embeddable":true,"href":"https:\/\/www.lagota.ch\/index.php?rest_route=%2Fwp%2Fv2%2Fcomments&post=1538"}],"version-history":[{"count":1,"href":"https:\/\/www.lagota.ch\/index.php?rest_route=\/wp\/v2\/posts\/1538\/revisions"}],"predecessor-version":[{"id":1540,"href":"https:\/\/www.lagota.ch\/index.php?rest_route=\/wp\/v2\/posts\/1538\/revisions\/1540"}],"wp:attachment":[{"href":"https:\/\/www.lagota.ch\/index.php?rest_route=%2Fwp%2Fv2%2Fmedia&parent=1538"}],"wp:term":[{"taxonomy":"category","embeddable":true,"href":"https:\/\/www.lagota.ch\/index.php?rest_route=%2Fwp%2Fv2%2Fcategories&post=1538"},{"taxonomy":"post_tag","embeddable":true,"href":"https:\/\/www.lagota.ch\/index.php?rest_route=%2Fwp%2Fv2%2Ftags&post=1538"}],"curies":[{"name":"wp","href":"https:\/\/api.w.org\/{rel}","templated":true}]}}