{"id":1563,"date":"2012-10-03T21:12:59","date_gmt":"2012-10-03T20:12:59","guid":{"rendered":"http:\/\/www.lagota.ch\/?p=1563"},"modified":"2012-10-03T21:13:56","modified_gmt":"2012-10-03T20:13:56","slug":"calais-polizei-raumt-squats-der-sanspapiers","status":"publish","type":"post","link":"https:\/\/www.lagota.ch\/?p=1563","title":{"rendered":"(Calais) Polizei r\u00e4umt Squats der Sanspapiers"},"content":{"rendered":"<div><a href=\"https:\/\/www.lagota.ch\/wp-content\/uploads\/calais-une.jpg\"><img loading=\"lazy\" decoding=\"async\" class=\"alignright size-medium wp-image-1565\" title=\"calais-une\" src=\"https:\/\/www.lagota.ch\/wp-content\/uploads\/calais-une-300x130.jpg\" alt=\"\" width=\"300\" height=\"130\" srcset=\"https:\/\/www.lagota.ch\/wp-content\/uploads\/calais-une-300x130.jpg 300w, https:\/\/www.lagota.ch\/wp-content\/uploads\/calais-une.jpg 630w\" sizes=\"auto, (max-width: 300px) 100vw, 300px\" \/><\/a>Seit zwei Tagen ist in Calais die H\u00f6lle los: Die Polizei r\u00e4umt alle  Pl\u00e4tze der Sans-Papiers und l\u00e4\u00dft sie auch nicht mehr zur\u00fcckkommen. Es  regnet ununterbrochen und die Sans-Papiers wissen nicht, wo sie  unterkommen k\u00f6nnen.<\/p>\n<p>Es werden dringend Decken und Zelte in Calais ben\u00f6tigt!<\/p>\n<p>Am  25. September wurden die Menschen, die in der Essensausgabe geschlafen  hatten um 6 Uhr morgens von der Polizei rausgeschmissen, in den Regen.  Ungef\u00e4hr 50 Personen wurden verhaftet. Die Schlafs\u00e4cke und Decken,  welche erst zwei Tage vorher von M\u00e9d\u00e9cins du Monde ausgeteilt worden  waren, wurden weggeschmissen. Die meisten Verhafteten wurden im Laufe  des Tages wieder freigelassen, aber einige sind immer noch im  Abschiebeknast.<\/p>\n<p>Abends nach der Essensausgaben wurden neue  Decken ausgeteilt. Danach wurde gemeinsam entschieden, gegen die R\u00e4umung  am Morgen mit einer Stra\u00dfenblockade zu protestieren. Um die Hundert  Personen standen und sa\u00dfen auf der Stra\u00dfe und blockierten den Verkehr,  der zum Hafen f\u00fchrt. Mit Hilfe von Plastikplanen wurden auf die Schnelle  Zelte auf der Stra\u00dfe aufgestellt. Auf Karton wurden Slogans wie \u201eWo  sind unsere Menschenrechte?\u201c und \u201eWir sind nicht kriminell\u201c geschrieben.  Die Atmosph\u00e4re w\u00e4hrend der Blockade glich einer Party. Es wurde getanzt  und gesungen. Es war viel Polizei anwesend \u2013 Police Nationale, Police  aux Fronti\u00e8res, BAC \u2013 doch sie standen nur da und beobachteten das  Geschehen \u00fcber Stunden hinweg aus der Ferne. Dann begann ein Gewitter  mit sehr starkem Regen, doch auch der konnte die Menschen nicht von der  Stra\u00dfe vertreiben. Erst als es komplett dunkel war, verteilten sich die  Sans-Papiers auf der Suche nach einem Schlafplatz f\u00fcr die Nacht.<\/p>\n<p>Am  Morgen des 26.09. kam die Polizei erneut um 6:30 morgens mit einem  riesigen Aufgebot. Sie r\u00e4umten das gesamte Gel\u00e4nde in und um die  Essensausgabe und nahmen alle Sans-Papiers fest. Die Schlafenden wurden  dadurch aufgeweckt, dass die Zeltplanen \u00fcber ihren K\u00f6pfen aufgeschnitten  wurden. Es war ein sehr kalter Morgen und die Polizist*innen schienen  sich dar\u00fcber zu am\u00fcsieren, so viele zitternde, in Decken gewickelte  Menschen vor sich zu haben.<\/p>\n<p>Am Morgen des 27.09. besuchte die  Polizeit das eritreische Squat (besetzte Haus), in dem 16 Menschen  leben. Ihnen wurde mitgeteilt, dass sie das Haus mitsamt all ihren  Sachen verlassen sollten, weil das Haus bald geschlossen werden soll.  Somit wird auch hier eine R\u00e4umung in den n\u00e4chsten Tagen erwartet.<br \/>\nBei  dem Versuch, einen Schlafplatz auf dem Gel\u00e4nde der Essensausgabe zu  finden, trafen in der letzten Nacht alle auf Polizei, die auf dem  gegen\u00fcberliegenden Parkplatz wartete. Viele Sans-Papiers konnten keinen  Schlafplatz finden und liefen die ganze Nacht im Regen herum.<\/p>\n<p>Im  Moment befinden sich vier Kinder unter 10 Jahren in Calais auf der  Stra\u00dfe. In den letzten Tagen wurden 16 Minderj\u00e4hrige verhaftet. Ein  Minderj\u00e4hriger befindet sich immernoch auf der Polizeistation, weil die  Polizei nicht glauben m\u00f6chte, dass er unter 18 ist. Der Abschiebeknast  in Coquelle ist im Moment sehr voll. Bis zu f\u00fcnf Personen teilen sich  ein Zimmer. Die Inhaftieren klagen weiterhin \u00fcber schlechte Bedingungen,  schlechtes Essen und rassistisches Verhalten der Polizei.<\/p>\n<p>Calais  scheint momentan wie ein schlechter Witz \u2013 konstanter Regen und  allt\u00e4gliche R\u00e4umungen machen die Tage sehr lang und ungem\u00fctlich! Die  Menschen wissen nicht wohin, nirgends ist es sicher, nirgends ist es  trocken. Alle sind m\u00fcde.<\/p>\n<p>Quelle: <a href=\"http:\/\/de.indymedia.org\/2012\/09\/335596.shtml\" target=\"_blank\">http:\/\/de.indymedia.org\/2012\/09\/335596.shtml<\/a><\/p>\n<p>Mehr Infos: <a href=\"http:\/\/calaismigrantsolidarity.blogsport.de\/\">http:\/\/calaismigrantsolidarity.blogsport.de\/<\/a><\/p>\n<\/div>\n","protected":false},"excerpt":{"rendered":"<p>Seit zwei Tagen ist in Calais die H\u00f6lle los: Die Polizei r\u00e4umt alle Pl\u00e4tze der Sans-Papiers und l\u00e4\u00dft sie auch nicht mehr zur\u00fcckkommen. Es regnet ununterbrochen und die Sans-Papiers wissen nicht, wo sie unterkommen k\u00f6nnen. <a href=\"https:\/\/www.lagota.ch\/?p=1563\">Continue reading <span class=\"meta-nav\">&rarr;<\/span><\/a><\/p>\n","protected":false},"author":1,"featured_media":0,"comment_status":"open","ping_status":"open","sticky":false,"template":"","format":"standard","meta":{"footnotes":""},"categories":[10,6,18,108],"tags":[340,24,118,383],"class_list":["post-1563","post","type-post","status-publish","format-standard","hentry","category-aus-aller-welt","category-news","category-squat-the-world","category-wirtschaftskrise","tag-calais","tag-polizei","tag-sans-papiers","tag-zelte"],"_links":{"self":[{"href":"https:\/\/www.lagota.ch\/index.php?rest_route=\/wp\/v2\/posts\/1563","targetHints":{"allow":["GET"]}}],"collection":[{"href":"https:\/\/www.lagota.ch\/index.php?rest_route=\/wp\/v2\/posts"}],"about":[{"href":"https:\/\/www.lagota.ch\/index.php?rest_route=\/wp\/v2\/types\/post"}],"author":[{"embeddable":true,"href":"https:\/\/www.lagota.ch\/index.php?rest_route=\/wp\/v2\/users\/1"}],"replies":[{"embeddable":true,"href":"https:\/\/www.lagota.ch\/index.php?rest_route=%2Fwp%2Fv2%2Fcomments&post=1563"}],"version-history":[{"count":3,"href":"https:\/\/www.lagota.ch\/index.php?rest_route=\/wp\/v2\/posts\/1563\/revisions"}],"predecessor-version":[{"id":1568,"href":"https:\/\/www.lagota.ch\/index.php?rest_route=\/wp\/v2\/posts\/1563\/revisions\/1568"}],"wp:attachment":[{"href":"https:\/\/www.lagota.ch\/index.php?rest_route=%2Fwp%2Fv2%2Fmedia&parent=1563"}],"wp:term":[{"taxonomy":"category","embeddable":true,"href":"https:\/\/www.lagota.ch\/index.php?rest_route=%2Fwp%2Fv2%2Fcategories&post=1563"},{"taxonomy":"post_tag","embeddable":true,"href":"https:\/\/www.lagota.ch\/index.php?rest_route=%2Fwp%2Fv2%2Ftags&post=1563"}],"curies":[{"name":"wp","href":"https:\/\/api.w.org\/{rel}","templated":true}]}}