{"id":1607,"date":"2012-11-16T10:39:09","date_gmt":"2012-11-16T09:39:09","guid":{"rendered":"http:\/\/www.lagota.ch\/?p=1607"},"modified":"2012-11-16T11:31:44","modified_gmt":"2012-11-16T10:31:44","slug":"bleiberecht-fur-alle-uberall","status":"publish","type":"post","link":"https:\/\/www.lagota.ch\/?p=1607","title":{"rendered":"Nicht vergessen: Morgen Demo in Luzern!"},"content":{"rendered":"<p><a href=\"https:\/\/www.lagota.ch\/wp-content\/uploads\/plakivorneklein1.jpg\"><img loading=\"lazy\" decoding=\"async\" class=\"alignleft size-medium wp-image-1608\" title=\"plakivorneklein\" src=\"https:\/\/www.lagota.ch\/wp-content\/uploads\/plakivorneklein1-212x300.jpg\" alt=\"\" width=\"212\" height=\"300\" srcset=\"https:\/\/www.lagota.ch\/wp-content\/uploads\/plakivorneklein1-212x300.jpg 212w, https:\/\/www.lagota.ch\/wp-content\/uploads\/plakivorneklein1-724x1024.jpg 724w, https:\/\/www.lagota.ch\/wp-content\/uploads\/plakivorneklein1.jpg 968w\" sizes=\"auto, (max-width: 212px) 100vw, 212px\" \/><\/a>T\u00e4glich sind weltweit Millionen von Menschen in Bewegung. Menschen verlassen ihr Ursprungsland oder das Land ihres momentanen Aufenthaltsortes um in ein anderes Land zu gelangen. Die Gr\u00fcnde daf\u00fcr sind so vielf\u00e4ltig wie die MigrantInnen selbst. Unz\u00e4hlige Menschen migrieren unfreiwillig, sind also auf der Flucht. Sie fl\u00fcchten vor staatlicher oder privater Verfolgung, sie fl\u00fcchten vor wirtschaftlicher Ausweglosigkeit und vor sozialem Elend oder sie fl\u00fcchten aufgrund der Zerst\u00f6rung ihrer sie umgebenden nat\u00fcrlichen Umwelt. Viele Menschen migrieren jedoch auch freiwillig, einfach weil ihnen danach ist, weil sie ihr Leben oder einen Lebensabschnitt an einem anderen Ort verbringen wollen.<\/p>\n<p>Die Schweiz hat gegen die weltweite Migration jedoch so einiges einzuwenden. Die Migrationspolitik der Schweiz folgt wie diejenige der EU-Staaten seit Jahren den Prinzipien der gezielten Selektion einerseits und der Abschottung und Repression andererseits. Menschen aus anderen Staaten sind nur in ganz wenigen F\u00e4llen erw\u00fcnscht, beispielsweise als hochqualifizierte Spezialkr\u00e4fte, als reiche Investoren oder wohlhabende Steuerzahler. Es handelt sich hierbei um den \u00e4usserst kleinen Teil der \u201eregul\u00e4ren\u201c MigrantInnen, um jene MigrantInnen, von welchen sich die Schweiz einen grossen \u00f6konomischen Nutzen erhofft. Alle anderen MigrantInnen gelten als unerw\u00fcnscht und werden (mit ganz wenigen Ausnahmen) in die Illegalit\u00e4t getrieben und kriminalisiert. Bis zu 300 000 sogenannte \u201eIllegale\u201c oder \u201eSans-Papiers\u201c halten sich zurzeit in der Schweiz auf. Das Paradoxe daran ist, dass genau jene Staaten, welche daf\u00fcr besorgt sind, dass Kapital und Waren weltweit ungehindert alle Grenzen und Z\u00f6lle passieren k\u00f6nnen, der weltweiten Migration mit immer noch repressiveren Massnahmen begegnen. W\u00e4hrend also Geld und Waren aller Art frei \u00fcber den ganzen Erdball zirkulieren sollen, wird dies den Menschen untersagt.<\/p>\n<p>Die massenhafte Migration ist jedoch eine simple Tatsache: Millionen von Menschen migrieren tagt\u00e4glich. Und diese Menschen tun dies auch dann, wenn ihnen die Staaten hierbei Grenzen setzen, sie somit abzuwehren versuchen und sie im Falle einer erfolgreichen Flucht kriminalisieren und gewaltsam auszuschaffen versuchen. Weder die Schweiz, noch die EU, weder das Ausl\u00e4nder- und das Asylgesetz, noch der\u00a0 \u201eEurop\u00e4ische Pakt zu Einwanderung und Asyl\u201c k\u00f6nnen Menschen ihren Willen zur Migration verbieten. Staaten und Gesetze versuchen die Menschen zwar an der Migration zu hindern und in vielen F\u00e4llen gelingt ihnen das auch: unz\u00e4hlige Menschen sterben auf der Flucht, in Ausschaffungshaft oder bei einer Zwangsausschaffung. Doch der Migrationswille von Millionen von Menschen kann durch kein Gesetz dieser Welt gebrochen werden!<\/p>\n<p>Wir fordern \u201eBleiberecht f\u00fcr alle\u201c, im Gegensatz zu Abschottung und Repression. Jeder Mensch soll frei entscheiden k\u00f6nnen, wo er leben will auf diesem Planeten. Wir fordern also nicht nur \u201eBleiberecht f\u00fcr alle\u201c auf dem Territorium des schweizerischen Staates. Wir fordern \u201eBleiberecht f\u00fcr alle \u2013 \u00fcberall!\u201c Erst die Abschaffung aller Grenzen und staatlichen Strukturen erm\u00f6glicht es jedem Menschen, sich an dem Ort seiner Wahl frei entfalten zu k\u00f6nnen. Die Zeit der Nationalstaaten mit ihren menschenverachtenden Grenzen und Gesetzen ist vorbei. Die Zeit der weltweiten Bewegungsfreiheit, der weltweiten Solidarit\u00e4t und der weltweiten Freiheit des Einzelnen ist gekommen!<\/p>\n<p>K\u00e4mpfen wir gemeinsam f\u00fcr eine weltweite Bewegungsfreiheit und f\u00fcr ein weltweites Bleiberecht!<\/p>\n<p>Bleiberecht f\u00fcr alle \u2013 \u00fcberall!<\/p>\n<p><strong>DEMO AM 17. NOVEMBER UM 16H KURPLATZ LUZERN<\/strong><\/p>\n","protected":false},"excerpt":{"rendered":"<p>T\u00e4glich sind weltweit Millionen von Menschen in Bewegung. Menschen verlassen ihr Ursprungsland oder das Land ihres momentanen Aufenthaltsortes um in ein anderes Land zu gelangen. Die Gr\u00fcnde daf\u00fcr sind so vielf\u00e4ltig wie die MigrantInnen selbst. Unz\u00e4hlige Menschen migrieren unfreiwillig, sind also auf der Flucht. Sie fl\u00fcchten vor staatlicher oder privater Verfolgung, sie fl\u00fcchten vor wirtschaftlicher Ausweglosigkeit und vor sozialem Elend oder sie fl\u00fcchten aufgrund der Zerst\u00f6rung ihrer sie umgebenden nat\u00fcrlichen Umwelt. Viele Menschen migrieren jedoch auch freiwillig, einfach weil ihnen danach ist, weil sie ihr Leben oder einen Lebensabschnitt an einem anderen Ort verbringen wollen. <a href=\"https:\/\/www.lagota.ch\/?p=1607\">Continue reading <span class=\"meta-nav\">&rarr;<\/span><\/a><\/p>\n","protected":false},"author":1,"featured_media":0,"comment_status":"open","ping_status":"open","sticky":false,"template":"","format":"standard","meta":{"footnotes":""},"categories":[13,3,11,406,16,4],"tags":[352,66,1148],"class_list":["post-1607","post","type-post","status-publish","format-standard","hentry","category-antifa","category-lagota","category-luzern","category-migration","category-schweiz","category-veranstaltung","tag-bleiberecht","tag-demo","tag-luzern"],"_links":{"self":[{"href":"https:\/\/www.lagota.ch\/index.php?rest_route=\/wp\/v2\/posts\/1607","targetHints":{"allow":["GET"]}}],"collection":[{"href":"https:\/\/www.lagota.ch\/index.php?rest_route=\/wp\/v2\/posts"}],"about":[{"href":"https:\/\/www.lagota.ch\/index.php?rest_route=\/wp\/v2\/types\/post"}],"author":[{"embeddable":true,"href":"https:\/\/www.lagota.ch\/index.php?rest_route=\/wp\/v2\/users\/1"}],"replies":[{"embeddable":true,"href":"https:\/\/www.lagota.ch\/index.php?rest_route=%2Fwp%2Fv2%2Fcomments&post=1607"}],"version-history":[{"count":3,"href":"https:\/\/www.lagota.ch\/index.php?rest_route=\/wp\/v2\/posts\/1607\/revisions"}],"predecessor-version":[{"id":1620,"href":"https:\/\/www.lagota.ch\/index.php?rest_route=\/wp\/v2\/posts\/1607\/revisions\/1620"}],"wp:attachment":[{"href":"https:\/\/www.lagota.ch\/index.php?rest_route=%2Fwp%2Fv2%2Fmedia&parent=1607"}],"wp:term":[{"taxonomy":"category","embeddable":true,"href":"https:\/\/www.lagota.ch\/index.php?rest_route=%2Fwp%2Fv2%2Fcategories&post=1607"},{"taxonomy":"post_tag","embeddable":true,"href":"https:\/\/www.lagota.ch\/index.php?rest_route=%2Fwp%2Fv2%2Ftags&post=1607"}],"curies":[{"name":"wp","href":"https:\/\/api.w.org\/{rel}","templated":true}]}}