{"id":1610,"date":"2012-11-08T12:19:18","date_gmt":"2012-11-08T11:19:18","guid":{"rendered":"http:\/\/www.lagota.ch\/?p=1610"},"modified":"2012-11-08T12:19:18","modified_gmt":"2012-11-08T11:19:18","slug":"beschwerde-eingereicht-%e2%80%93-demonstration-findet-auf-jeden-fall-statt","status":"publish","type":"post","link":"https:\/\/www.lagota.ch\/?p=1610","title":{"rendered":"Beschwerde eingereicht \u2013 Demonstration findet auf jeden Fall statt"},"content":{"rendered":"<p><strong>Medienmitteilung zur Demonstration \u201eBleiberecht f\u00fcr alle\u201c vom <\/strong><strong><br \/>\n<\/strong><strong>17. November 2012 in Luzern:<\/strong><\/p>\n<p><strong> <\/strong><\/p>\n<p><strong>Beschwerde eingereicht \u2013 Demonstration findet auf jeden Fall statt<\/strong><\/p>\n<p>Sehr geehrte Medienschaffende,<\/p>\n<p>Wie in der letzten Medienmitteilung angek\u00fcndigt, haben wir gestern fristgerecht Verwaltungsgerichtsbeschwerde gegen den Bewilligungsentscheid des Stadtrates vom 18 Oktober 2012 eingereicht. Das Verwaltungsgericht wird ersucht, festzustellen, dass die Verweigerung der Bewilligung f\u00fcr die Demonstration vom 17.11.2012 vor Schliessung der Ladenlokale um 16 Uhr die Meinungs- und Versammlungsfreiheit (Art. 16 i.V.m. Art. 22 BV und Art. 11 EMRK) verletzt.<\/p>\n<p>In der Beschwerdeschrift wird ausgef\u00fchrt, dass der Stadtrat im Rahmen der vorgeschriebenen Verh\u00e4ltnism\u00e4ssigkeitspr\u00fcfung bei der Pr\u00fcfung eines Demonstrationsgesuches den grundrechtlich gesch\u00fctzten Interessen eindeutig zu wenig Gewicht beigemessen hat und die wirtschaftlichen Interessen der Gesch\u00e4ftsinhaber viel zu hoch gewichtet hat. Der Stadtrat verkennt dabei, dass die Beh\u00f6rden bei der Beurteilung einer Bewilligung f\u00fcr eine politische Kundgebung nach bundesgerichtlicher Rechtsprechung gehalten sind, die grunds\u00e4tzliche Vorrangstellung der Versammlungsfreiheit aufgrund ihres ideellen Charakters zu beachten. Der angefochtene Bewilligungsentscheid best\u00e4tigt die vom Stadtrat in den letzen Jahren entwickelte Praxis, wonach grunds\u00e4tzlich keine\u00a0 Demonstrationen vor 16 Uhr bewilligt werden. Das Verwaltungsgericht wurde deshalb auch ersucht, sich in allgemeiner Weise zu dieser Praxis zu \u00e4ussern.<\/p>\n<p>Die Demonstration wird am 17.11.2012 jedoch auf jeden Fall stattfinden. Das \u00e4usserst wichtige Anliegen der Demonstration soll auf die Strasse getragen werden, auch wenn der Stadtrat dies durch seine rechtswidrige Bewilligungspraxis zu verhindern versucht. Es kann zwar nicht mit einer abschliessenden gerichtlichen Beurteilung vor der geplanten Demonstration gerechnet werden. Das Verwaltungsgericht wurde jedoch ersucht, die Startzeit im Sinne einer vorsorglichen Massnahme einstweilen auf 14 Uhr festzulegen. Sollte das Gericht diesem Antrag nicht rechtzeitig entsprechen, wird sich das \u201eB\u00fcndnis 6. Oktober\u201c selbstverst\u00e4ndlich rechtskonform verhalten und die Demonstration \u201ez\u00e4hneknirschend\u201c erst um 16 Uhr starten. Dies jedoch mit der Gewissheit, dass nun auf jeden Fall endlich eine unabh\u00e4ngige gerichtliche Instanz \u00fcber die grundrechtsfeindliche Bewilligungspraxis des Stadtrates entscheiden wird.<\/p>\n<p>Mit freundlichen Gr\u00fcssen<\/p>\n<p>B\u00fcndnis 6. Oktober<\/p>\n","protected":false},"excerpt":{"rendered":"<p>Sehr geehrte Medienschaffende,<\/p>\n<p>Wie in der letzten Medienmitteilung angek\u00fcndigt, haben wir gestern fristgerecht Verwaltungsgerichtsbeschwerde gegen den Bewilligungsentscheid des Stadtrates vom 18 Oktober 2012 eingereicht. Das Verwaltungsgericht wird ersucht, festzustellen, dass die Verweigerung der Bewilligung f\u00fcr die Demonstration vom 17.11.2012 vor Schliessung der Ladenlokale um 16 Uhr die Meinungs- und Versammlungsfreiheit (Art. 16 i.V.m. Art. 22 BV und Art. 11 EMRK) verletzt. <a href=\"https:\/\/www.lagota.ch\/?p=1610\">Continue reading <span class=\"meta-nav\">&rarr;<\/span><\/a><\/p>\n","protected":false},"author":1,"featured_media":0,"comment_status":"open","ping_status":"open","sticky":false,"template":"","format":"standard","meta":{"footnotes":""},"categories":[13,3,406,6,16],"tags":[407,408,66,409],"class_list":["post-1610","post","type-post","status-publish","format-standard","hentry","category-antifa","category-lagota","category-migration","category-news","category-schweiz","tag-17-november","tag-bewilligung","tag-demo","tag-verwaltungsbeschwerde"],"_links":{"self":[{"href":"https:\/\/www.lagota.ch\/index.php?rest_route=\/wp\/v2\/posts\/1610","targetHints":{"allow":["GET"]}}],"collection":[{"href":"https:\/\/www.lagota.ch\/index.php?rest_route=\/wp\/v2\/posts"}],"about":[{"href":"https:\/\/www.lagota.ch\/index.php?rest_route=\/wp\/v2\/types\/post"}],"author":[{"embeddable":true,"href":"https:\/\/www.lagota.ch\/index.php?rest_route=\/wp\/v2\/users\/1"}],"replies":[{"embeddable":true,"href":"https:\/\/www.lagota.ch\/index.php?rest_route=%2Fwp%2Fv2%2Fcomments&post=1610"}],"version-history":[{"count":2,"href":"https:\/\/www.lagota.ch\/index.php?rest_route=\/wp\/v2\/posts\/1610\/revisions"}],"predecessor-version":[{"id":1612,"href":"https:\/\/www.lagota.ch\/index.php?rest_route=\/wp\/v2\/posts\/1610\/revisions\/1612"}],"wp:attachment":[{"href":"https:\/\/www.lagota.ch\/index.php?rest_route=%2Fwp%2Fv2%2Fmedia&parent=1610"}],"wp:term":[{"taxonomy":"category","embeddable":true,"href":"https:\/\/www.lagota.ch\/index.php?rest_route=%2Fwp%2Fv2%2Fcategories&post=1610"},{"taxonomy":"post_tag","embeddable":true,"href":"https:\/\/www.lagota.ch\/index.php?rest_route=%2Fwp%2Fv2%2Ftags&post=1610"}],"curies":[{"name":"wp","href":"https:\/\/api.w.org\/{rel}","templated":true}]}}