{"id":1625,"date":"2012-11-30T12:12:29","date_gmt":"2012-11-30T11:12:29","guid":{"rendered":"http:\/\/www.lagota.ch\/?p=1625"},"modified":"2012-11-30T12:14:22","modified_gmt":"2012-11-30T11:14:22","slug":"proteste-gegen-die-sogenannte-sicherheitskonferenz-siko-2013-in-munchen","status":"publish","type":"post","link":"https:\/\/www.lagota.ch\/?p=1625","title":{"rendered":"Proteste gegen die sogenannte Sicherheitskonferenz (SiKo) 2013 in M\u00fcnchen"},"content":{"rendered":"<p><em><a href=\"https:\/\/www.lagota.ch\/wp-content\/uploads\/natokrieg.jpg\"><img loading=\"lazy\" decoding=\"async\" class=\"alignleft size-medium wp-image-1626\" title=\"natokrieg\" src=\"https:\/\/www.lagota.ch\/wp-content\/uploads\/natokrieg-300x217.jpg\" alt=\"\" width=\"300\" height=\"217\" srcset=\"https:\/\/www.lagota.ch\/wp-content\/uploads\/natokrieg-300x217.jpg 300w, https:\/\/www.lagota.ch\/wp-content\/uploads\/natokrieg.jpg 440w\" sizes=\"auto, (max-width: 300px) 100vw, 300px\" \/><\/a>Kein Frieden mit der NATO. Aktiv werden gegen die M\u00fcnchner  \u201eSicherheitskonferenz\u201c. Aufruf zu Protesten gegen die sogenannte  Sicherheitskonferenz (SiKo) 2013 in M\u00fcnchen<\/em>. Im Februar treffen  sich in M\u00fcnchen wieder hochrangige Politiker_innen und Kriegsstrategen,  Vertreter von Wirtschafts- und R\u00fcstungskonzernen \u2013 vorwiegend aus den  NATO- und EU-Staaten \u2013 zu ihrer sogenannten Sicherheitskonferenz. Dort  werden Strategien beraten, mit denen sie ihre wirtschafts- und  machtpolitischen Interessen weltweit durchsetzen wollen. Sie reden von  Frieden und Sicherheit, aber sie sind die Repr\u00e4sentanten eines Systems,  das zwangsl\u00e4ufig Kriege herbeif\u00fchrt.<\/p>\n<p>Deshalb demonstrieren wir gegen R\u00fcstung und Krieg, f\u00fcr Frieden und Abr\u00fcstung.<\/p>\n<p>Sie reden von Sicherheit \u2013 und drohen mit neuen Kriegen. Altbekannte L\u00fcgen, wie schon vor dem Irak- und Afghanistankrieg dienen  als Vorwand f\u00fcr immer lauter werdende Kriegsdrohungen gegen den Iran.  Ihre Sanktionen gegen den Iran dienen nicht einer Verhandlungsl\u00f6sung im  Atomkonflikt, sondern der Kriegsvorbereitung. N\u00f6tig w\u00e4re eine atomwaffenfreie Zone im Nahen und Mittleren Osten.  Stattdessen heizt Deutschland den Konflikt an, liefert atomwaffenf\u00e4hige  U-Boote an Israel und Panzer an Saudi Arabien und Katar.<\/p>\n<p>Sie heucheln Betroffenheit \u00fcber das Blutvergie\u00dfen im B\u00fcrgerkrieg in  Syrien und sind mit ihren Waffenlieferungen f\u00fcr die Rebellen selbst Teil  dieser Kriegsverbrechen.<\/p>\n<p>Es geht dabei nicht um ein Ende  des Blutvergie\u00dfens, sondern um einen Regimewechsel in Syrien &#8211; auch als  Vorbereitung eines Angriffs auf den Iran.  N\u00f6tig w\u00e4re die einseitige Parteinahme zu beenden und alle  Waffenlieferungen und sonstigen Kriegsunterst\u00fctzungen einzustellen. Erst  so entsteht Raum f\u00fcr demokratische L\u00f6sungen des Konflikts.  Sie reden von atomarer Abr\u00fcstung \u2013 und modernisieren gleichzeitig ihre  Atomwaffenarsenale. Im rheinland-pf\u00e4lzischen B\u00fcchel lagern ca.20 US-Atomwaffen. Piloten der  Bundesluftwaffe proben mit Tornado-Kampfflugzeugen den Einsatz dieser  Atombomben. Damit verst\u00f6\u00dft Deutschland gegen den Atomwaffensperrvertrag  und torpediert weitere Schritte zur atomaren Abr\u00fcstung. N\u00f6tig w\u00e4re, dass die Bundesregierung ab sofort den  Atomwaffensperrvertrag respektiert, dass sie weder Bomberpiloten und  Kampfflugzeuge, noch Atomwaffendepots zur Verf\u00fcgung stellt.<\/p>\n<p>Sie reden von Demokratie \u2013 aber r\u00fcsten die Bundeswehr f\u00fcr den Einsatz nach innen und au\u00dfen auf.<\/p>\n<p>Die Bundeswehr nistet sich in Bildungseinrichtungen und Kommunen ein und  militarisiert immer mehr Bereiche des gesellschaftlichen Lebens. Die Bundeswehr wird \u2013 im Widerspruch zum Grundgesetz \u2013 zu einer  international einsetzbaren Interventionsarmee umger\u00fcstet. Im kommenden  Jahr erreichen die Milit\u00e4rausgaben den h\u00f6chsten Stand in der Geschichte  der Bundesrepublik und zur Perfektionierung der Kriegsf\u00fchrung plant die  Bundesregierung die Anschaffung bewaffneter Kampfdrohnen.  N\u00f6tig w\u00e4re eine wirkliche Friedenspolitik ohne Bundeswehr.  Deutschland, den NATO- und EU-Staaten geht es um die Absicherung einer  Weltordnung, in der sich bei Wenigen immenser Reichtum anh\u00e4uft, w\u00e4hrend  Millionen auf der Welt verhungern.  In Deutschland besitzt 1% der Bev\u00f6lkerung fast die H\u00e4lfte des  Geldverm\u00f6gens. Weltweit verf\u00fcgt das reichste Zehntel \u00fcber Dreiviertel  allen Reichtums. Gleichzeitig verhungert alle 5 Sekunden ein Kind oder  stirbt an einer leicht heilbaren Krankheit.  Die Herrschaften, die sich im sich im Bayerischen Hof zur sog.  Sicherheitskonferenz treffen, sind mitverantwortlich f\u00fcr die Zerst\u00f6rung  der nat\u00fcrlichen Lebensgrundlagen.<\/p>\n<p>Sie ruinieren ganze L\u00e4nder und verursachen millionenfaches Fl\u00fcchtlingselend.<\/p>\n<p>Sie sind die Repr\u00e4sentanten dieses m\u00f6rderischen kapitalistischen Systems, das sowohl die Menschen als auch die Natur ruiniert.<\/p>\n<p>Ihre Politik ist auch der N\u00e4hrboden f\u00fcr Nationalismus, Rassismus und  Faschismus.  Mit ihrer medialen Propaganda zielen sie darauf, dass die Menschen  stillhalten &#8211; aus Angst vor Arbeitslosigkeit, Sorge um die Zukunft ihrer  Kinder, Ohnmacht gegen\u00fcber dem Terror der Finanzm\u00e4rkte. Die M\u00fcnchner  \u201eSicherheitskonferenz\u201c ist daf\u00fcr und zur Rechtfertigung ihrer  Kriegspolitik eines der weltweit wichtigsten Propagandaforen.  Wir aber lassen uns nicht einsch\u00fcchtern.  Wir wenden uns gegen dieses System, das sich ausschlie\u00dflich am Profit  orientiert und \u00fcber Leichen geht. Wir treten ein f\u00fcr Menschenw\u00fcrde,  globale Gerechtigkeit und Gewaltfreiheit in den internationalen  Beziehungen \u2013 gegen Ausbeutung und Krieg.<\/p>\n<p>Krieg beginnt hier.<\/p>\n<p>Deutschland liegt bei den R\u00fcstungsexporten auf Platz drei  der Weltrangliste und direkt vor unserer Haust\u00fcr befinden sich einige  der gr\u00f6\u00dften Waffenschmieden. Sie machen Millionen-Profite mit der  Beihilfe am weltweiten Massenmord.<\/p>\n<p>Deshalb gehen wir auf die Stra\u00dfe<\/p>\n<p>Gegen Kriegsgesch\u00e4fte und milit\u00e4rische Machtpolitik<\/p>\n<p>F\u00fcr Frieden, Abr\u00fcstung und soziale Gerechtigkeit \u2013 F\u00fcr eine Welt ohne Atomwaffen<\/p>\n<p>Gegen Militarisierung der Gesellschaft, gegen Nationalismus und Rassismus<\/p>\n<p>F\u00fcr internationale Solidarit\u00e4t und Gewaltfreiheit in den internationalen Beziehungen<\/p>\n<p>Gegen alle Auslandseins\u00e4tze der Bundeswehr<\/p>\n<p>Bundeswehr raus aus Bildungseinrichtungen, Jobcentern, Kommunen und Messen<\/p>\n<p>F\u00fcr die Aufl\u00f6sung der Interventionstruppen und letztlich der Bundeswehr<\/p>\n<p>F\u00fcr den Austritt Deutschlands aus der NATO und allen EU-Milit\u00e4rstrukturen<\/p>\n<p>F\u00fcr die Aufl\u00f6sung der NATO     Gegen alle Waffenexporte.<\/p>\n<p>F\u00fcr den Einsatz der R\u00fcstungs- und Kriegsmilliarden zur Bek\u00e4mpfung von Hunger und Armut in der Welt<\/p>\n<p>Ohne massiven Druck von unten werden die Regierenden ihre  R\u00fcstungs- und Kriegspolitik nicht \u00e4ndern. \u00dcberlebensnotwendig ist  daher, dass alle, die einen Wandel herbei f\u00fchren wollen, sich  organisieren und gemeinsam handeln.<\/p>\n<p>Deshalb:  Kommt nach M\u00fcnchen!<\/p>\n<p><strong>Beteiligt Euch an der Gro\u00dfdemonstration gegen die NATO-Kriegskonferenz, <\/strong><\/p>\n<p><strong>am Samstag, 2. Februar 2013 AKTIONSB\u00dcNDNIS GEGEN DIE NATO-SICHERHEITSKONFERENZ <\/strong><\/p>\n<p>Quelle: <a href=\"https:\/\/linksunten.indymedia.org\/de\/node\/72644\" target=\"_blank\">https:\/\/linksunten.indymedia.org\/de\/node\/72644<\/a><\/p>\n","protected":false},"excerpt":{"rendered":"<p>Kein Frieden mit der NATO. Aktiv werden gegen die M\u00fcnchner \u201eSicherheitskonferenz\u201c. Aufruf zu Protesten gegen die sogenannte Sicherheitskonferenz (SiKo) 2013 in M\u00fcnchen. Im Februar treffen sich in M\u00fcnchen wieder hochrangige Politiker_innen und Kriegsstrategen, Vertreter von Wirtschafts- und R\u00fcstungskonzernen \u2013 vorwiegend aus den NATO- und EU-Staaten \u2013 zu ihrer sogenannten Sicherheitskonferenz. Dort werden Strategien beraten, mit denen sie ihre wirtschafts- und machtpolitischen Interessen weltweit durchsetzen wollen. Sie reden von Frieden und Sicherheit, aber sie sind die Repr\u00e4sentanten eines Systems, das zwangsl\u00e4ufig Kriege herbeif\u00fchrt. <a href=\"https:\/\/www.lagota.ch\/?p=1625\">Continue reading <span class=\"meta-nav\">&rarr;<\/span><\/a><\/p>\n","protected":false},"author":1,"featured_media":0,"comment_status":"open","ping_status":"open","sticky":false,"template":"","format":"standard","meta":{"footnotes":""},"categories":[13,49,10,406,18,4,108],"tags":[415,160,218,414],"class_list":["post-1625","post","type-post","status-publish","format-standard","hentry","category-antifa","category-antirep","category-aus-aller-welt","category-migration","category-squat-the-world","category-veranstaltung","category-wirtschaftskrise","tag-frieden","tag-krieg","tag-munchen","tag-sicherheitskonferenz"],"_links":{"self":[{"href":"https:\/\/www.lagota.ch\/index.php?rest_route=\/wp\/v2\/posts\/1625","targetHints":{"allow":["GET"]}}],"collection":[{"href":"https:\/\/www.lagota.ch\/index.php?rest_route=\/wp\/v2\/posts"}],"about":[{"href":"https:\/\/www.lagota.ch\/index.php?rest_route=\/wp\/v2\/types\/post"}],"author":[{"embeddable":true,"href":"https:\/\/www.lagota.ch\/index.php?rest_route=\/wp\/v2\/users\/1"}],"replies":[{"embeddable":true,"href":"https:\/\/www.lagota.ch\/index.php?rest_route=%2Fwp%2Fv2%2Fcomments&post=1625"}],"version-history":[{"count":3,"href":"https:\/\/www.lagota.ch\/index.php?rest_route=\/wp\/v2\/posts\/1625\/revisions"}],"predecessor-version":[{"id":1628,"href":"https:\/\/www.lagota.ch\/index.php?rest_route=\/wp\/v2\/posts\/1625\/revisions\/1628"}],"wp:attachment":[{"href":"https:\/\/www.lagota.ch\/index.php?rest_route=%2Fwp%2Fv2%2Fmedia&parent=1625"}],"wp:term":[{"taxonomy":"category","embeddable":true,"href":"https:\/\/www.lagota.ch\/index.php?rest_route=%2Fwp%2Fv2%2Fcategories&post=1625"},{"taxonomy":"post_tag","embeddable":true,"href":"https:\/\/www.lagota.ch\/index.php?rest_route=%2Fwp%2Fv2%2Ftags&post=1625"}],"curies":[{"name":"wp","href":"https:\/\/api.w.org\/{rel}","templated":true}]}}