{"id":1643,"date":"2012-12-15T18:11:00","date_gmt":"2012-12-15T17:11:00","guid":{"rendered":"http:\/\/www.lagota.ch\/?p=1643"},"modified":"2012-12-15T18:11:00","modified_gmt":"2012-12-15T17:11:00","slug":"zirkus-mit-tieren-boykottieren","status":"publish","type":"post","link":"https:\/\/www.lagota.ch\/?p=1643","title":{"rendered":"Zirkus mit Tieren&#8230;Boykottieren!"},"content":{"rendered":"<p><strong><a href=\"https:\/\/www.lagota.ch\/wp-content\/uploads\/zirkusohnetiere.jpg\"><img loading=\"lazy\" decoding=\"async\" class=\"alignleft size-medium wp-image-1644\" title=\"zirkusohnetiere\" src=\"https:\/\/www.lagota.ch\/wp-content\/uploads\/zirkusohnetiere-300x225.jpg\" alt=\"\" width=\"300\" height=\"225\" srcset=\"https:\/\/www.lagota.ch\/wp-content\/uploads\/zirkusohnetiere-300x225.jpg 300w, https:\/\/www.lagota.ch\/wp-content\/uploads\/zirkusohnetiere.jpg 800w\" sizes=\"auto, (max-width: 300px) 100vw, 300px\" \/><\/a>Medienmitteilung zur Demonstration gegen das Zirkus Royal in Emmen<\/strong><\/p>\n<p>Am heutigen Samstag Nachmittag haben in Emmen rund 100 Personen gegen Tierhaltung in Zirkussen, anl\u00e4sslich des Besuchs des Circus Royal, demonstriert.<\/p>\n<p>Der Demonstrationszug setzte sich p\u00fcnktlich um 15 Uhr in Bewegung.<\/p>\n<p>Lautstark zogen die TeilnehmerInnen vom Bahnhof Emmenbr\u00fccke\u00a0 durch die Gerliswilerstr. und R\u00fceggisingerstr. zur Moosh\u00fcslistrasse. Vor dem Circus Royal wurde eine 15 min\u00fctige Zwischenkundgebung abgehalten.<\/p>\n<p>Anschliessend f\u00fchrt die Route \u00fcber die Stauffacherstr. und Hochdorferstr. Zur\u00fcck zum Bahnhof.<\/p>\n<p>Unterwegs wurden mehrere Reden gehalten.<\/p>\n<p>Zur Demo aufgerufen hat die Organisation Lagota, welche sich selber als Teil der ausserparlamentarischen Linken versteht.<\/p>\n<p>Nebst den h\u00e4ufigen Transporten, den unpassenden klimatischen Verh\u00e4ltnissen und dem Stress in der Manege, kritisierten die OranisatorInnen auch, dass die Tiere in ihren K\u00e4figen viel zu wenig Platz h\u00e4tten und die Tiere ihrer W\u00fcrde beraubt werden.<\/p>\n<p>Die Demonstration verlief friedlich, es kam zu Verkehrsbehinderungen.<\/p>\n","protected":false},"excerpt":{"rendered":"<p>Am heutigen Samstag Nachmittag haben in Emmen rund 100 Personen gegen Tierhaltung in Zirkussen, anl\u00e4sslich des Besuchs des Circus Royal, demonstriert. <a href=\"https:\/\/www.lagota.ch\/?p=1643\">Continue reading <span class=\"meta-nav\">&rarr;<\/span><\/a><\/p>\n","protected":false},"author":1,"featured_media":0,"comment_status":"open","ping_status":"open","sticky":false,"template":"","format":"standard","meta":{"footnotes":""},"categories":[3,11,410,4],"tags":[66,427,424,426,425],"class_list":["post-1643","post","type-post","status-publish","format-standard","hentry","category-lagota","category-luzern","category-tierrecht","category-veranstaltung","tag-demo","tag-emmen","tag-royal","tag-tiere","tag-zirkus"],"_links":{"self":[{"href":"https:\/\/www.lagota.ch\/index.php?rest_route=\/wp\/v2\/posts\/1643","targetHints":{"allow":["GET"]}}],"collection":[{"href":"https:\/\/www.lagota.ch\/index.php?rest_route=\/wp\/v2\/posts"}],"about":[{"href":"https:\/\/www.lagota.ch\/index.php?rest_route=\/wp\/v2\/types\/post"}],"author":[{"embeddable":true,"href":"https:\/\/www.lagota.ch\/index.php?rest_route=\/wp\/v2\/users\/1"}],"replies":[{"embeddable":true,"href":"https:\/\/www.lagota.ch\/index.php?rest_route=%2Fwp%2Fv2%2Fcomments&post=1643"}],"version-history":[{"count":1,"href":"https:\/\/www.lagota.ch\/index.php?rest_route=\/wp\/v2\/posts\/1643\/revisions"}],"predecessor-version":[{"id":1645,"href":"https:\/\/www.lagota.ch\/index.php?rest_route=\/wp\/v2\/posts\/1643\/revisions\/1645"}],"wp:attachment":[{"href":"https:\/\/www.lagota.ch\/index.php?rest_route=%2Fwp%2Fv2%2Fmedia&parent=1643"}],"wp:term":[{"taxonomy":"category","embeddable":true,"href":"https:\/\/www.lagota.ch\/index.php?rest_route=%2Fwp%2Fv2%2Fcategories&post=1643"},{"taxonomy":"post_tag","embeddable":true,"href":"https:\/\/www.lagota.ch\/index.php?rest_route=%2Fwp%2Fv2%2Ftags&post=1643"}],"curies":[{"name":"wp","href":"https:\/\/api.w.org\/{rel}","templated":true}]}}