{"id":1659,"date":"2013-01-07T11:26:26","date_gmt":"2013-01-07T10:26:26","guid":{"rendered":"http:\/\/www.lagota.ch\/?p=1659"},"modified":"2013-01-07T11:26:26","modified_gmt":"2013-01-07T10:26:26","slug":"dokufilmabend-il-violino-di-cervarolo-im-sentitreff-am-12-1-13","status":"publish","type":"post","link":"https:\/\/www.lagota.ch\/?p=1659","title":{"rendered":"Dokufilmabend &#8220;Il violino di Cervarolo&#8221; im Sentitreff am 12.1.13"},"content":{"rendered":"<p>Dokfilm-Premiere mit den Filmemachern:<\/p>\n<p>W\u00e4hrend des Zweiten Weltkriegs \u00fcberl\u00e4sst der Geiger Virgilio Rovali aus Cervarolo (Reggio Emilia), bevor er an die Front muss, seine wertvolle Geige der Mutter. Am 20. M\u00e4rz 1944 werden 24 Zivilisten aus dem Dorf, darunter die Rovalis, Opfer eines Massakers durch deutsche und italienische Truppen. \u00abDie Geige von Cervarolo\u00bb erinnert an das Massaker mit Interviews der Angeh\u00f6rigen der Opfer. Der Film begleitet den 2009 er\u00f6ffneten Prozess gegen die Verantwortlichen, der auch dank der Hartn\u00e4ckigkeit von Italo Rovali, dem Sohn Virgilios, zustande kam. Seine Erinnerungen leben im Laufe des Prozesses wieder auf, einschliesslich der unglaublichen Geschichte der Geige seines Vaters.<\/p>\n<p>Vor dem Film wird ein kurzer \u00dcberblick zum historischen Kontext und den aktuellen Prozessen (2011 &amp; 2012) gegeben, danach steht Zeit f\u00fcr eine Diskussion mit den Filmemachern zur Verf\u00fcgung. F\u00fcr \u00dcbersetzung ist gesorgt.<\/p>\n<p><strong>Dokufilmabend &#8220;Il violino di Cervarolo&#8221; im Sentitreff am n\u00e4chsten Samstag, den 12. Januar 2013, um 19.30 Uhr.<\/strong><\/p>\n","protected":false},"excerpt":{"rendered":"<p>W\u00e4hrend des Zweiten Weltkriegs \u00fcberl\u00e4sst der Geiger Virgilio Rovali aus Cervarolo (Reggio Emilia), bevor er an die Front muss, seine wertvolle Geige der Mutter. Am 20. M\u00e4rz 1944 werden 24 Zivilisten aus dem Dorf, darunter die Rovalis, Opfer eines Massakers durch deutsche und italienische Truppen. \u00abDie Geige von Cervarolo\u00bb erinnert an das Massaker mit Interviews der Angeh\u00f6rigen der Opfer. <a href=\"https:\/\/www.lagota.ch\/?p=1659\">Continue reading <span class=\"meta-nav\">&rarr;<\/span><\/a><\/p>\n","protected":false},"author":1,"featured_media":0,"comment_status":"open","ping_status":"open","sticky":false,"template":"","format":"standard","meta":{"footnotes":""},"categories":[13,10,6,4],"tags":[439,438,437],"class_list":["post-1659","post","type-post","status-publish","format-standard","hentry","category-antifa","category-aus-aller-welt","category-news","category-veranstaltung","tag-cervarolo","tag-geige","tag-sentitreff"],"_links":{"self":[{"href":"https:\/\/www.lagota.ch\/index.php?rest_route=\/wp\/v2\/posts\/1659","targetHints":{"allow":["GET"]}}],"collection":[{"href":"https:\/\/www.lagota.ch\/index.php?rest_route=\/wp\/v2\/posts"}],"about":[{"href":"https:\/\/www.lagota.ch\/index.php?rest_route=\/wp\/v2\/types\/post"}],"author":[{"embeddable":true,"href":"https:\/\/www.lagota.ch\/index.php?rest_route=\/wp\/v2\/users\/1"}],"replies":[{"embeddable":true,"href":"https:\/\/www.lagota.ch\/index.php?rest_route=%2Fwp%2Fv2%2Fcomments&post=1659"}],"version-history":[{"count":1,"href":"https:\/\/www.lagota.ch\/index.php?rest_route=\/wp\/v2\/posts\/1659\/revisions"}],"predecessor-version":[{"id":1660,"href":"https:\/\/www.lagota.ch\/index.php?rest_route=\/wp\/v2\/posts\/1659\/revisions\/1660"}],"wp:attachment":[{"href":"https:\/\/www.lagota.ch\/index.php?rest_route=%2Fwp%2Fv2%2Fmedia&parent=1659"}],"wp:term":[{"taxonomy":"category","embeddable":true,"href":"https:\/\/www.lagota.ch\/index.php?rest_route=%2Fwp%2Fv2%2Fcategories&post=1659"},{"taxonomy":"post_tag","embeddable":true,"href":"https:\/\/www.lagota.ch\/index.php?rest_route=%2Fwp%2Fv2%2Ftags&post=1659"}],"curies":[{"name":"wp","href":"https:\/\/api.w.org\/{rel}","templated":true}]}}