{"id":1693,"date":"2013-01-28T18:25:19","date_gmt":"2013-01-28T17:25:19","guid":{"rendered":"http:\/\/www.lagota.ch\/?p=1693"},"modified":"2013-01-28T18:25:19","modified_gmt":"2013-01-28T17:25:19","slug":"antiwefrally-in-bern","status":"publish","type":"post","link":"https:\/\/www.lagota.ch\/?p=1693","title":{"rendered":"AntiWEFRally in Bern"},"content":{"rendered":"<p><a href=\"https:\/\/www.lagota.ch\/wp-content\/uploads\/davos.jpg\"><img loading=\"lazy\" decoding=\"async\" class=\"alignleft size-medium wp-image-1694\" title=\"davos\" src=\"https:\/\/www.lagota.ch\/wp-content\/uploads\/davos-300x225.jpg\" alt=\"\" width=\"300\" height=\"225\" srcset=\"https:\/\/www.lagota.ch\/wp-content\/uploads\/davos-300x225.jpg 300w, https:\/\/www.lagota.ch\/wp-content\/uploads\/davos.jpg 640w\" sizes=\"auto, (max-width: 300px) 100vw, 300px\" \/><\/a>Begonnen haben die Aktionen im Bahnhof  Bern, in der sogenannten &#8220;Rail City\u201c. Wir h\u00e4ngten ein 40m2 grosses  Transparent mit der Aufschrift: &#8220;Still not loving Capitalism&#8221;. Zudem  wurden Flyer verteilt und mit Parolen beschriftete Konfetti  herumgeworfen. Im 30 Minuten Takt gingen die Aktionen weiter: Als  n\u00e4chstes wurden in der Marktgasse zwei Stadtbrunnen symbolisch  privatisiert und es wurde versucht, das Trinkwasser zu einem Marktpreis  von 1.- pro Becher an die Schaulustigen zu verkaufen. Damit wurde auf  die zunehmende Wasserprivatisierung von Firmen, wie beispielsweise  Nestl\u00e9 und CocaCola, aufmerksam gemacht. Die n\u00e4chste Aktion fand im  Migros in der Marktgasse statt, wo wir uns wie alle andern an der Kasse  anstellten und f\u00fcr einmal bewegungslos verharrten. Als vierte und letzte  Aktion besammelten wir uns auf dem Kornhausplatz, um mit einer kurzen,  aber lautstarken Demo unseren Protest gegen die herrschenden  Verh\u00e4ltnisse auf die Strasse zu tragen. Unter dem Motto &#8220;Solidarit\u00e4t  statt Konkurrenz &#8211; Wipe out WEF&#8221; zog die Demo in die Marktgasse, wo sie  sich selbstbestimmt aufl\u00f6ste. Sp\u00e4ter sammelte sich auf der Grossen  Schanze eine spontane Nachdemo und zog lautstark durch den Bahnhof.<br \/>\nMit  den Flashmobs und mit all den Aktionen, die in der ganzen Aktionswoche  durchgef\u00fchrt wurden, zeigen wir, dass der Widerstand gegen das  Gipfeltreffen viele verschiedene Ausdrucksformen haben kann. Nach der  grossen Repression, die die Anti-WEF Bewegung in den letzten Jahren zu  sp\u00fcren bekam, sind all die Aktionen ein Zeichen daf\u00fcr, dass es trotz der  scheinbar \u00fcberw\u00e4ltigenden Staatsmacht m\u00f6glich ist Protest direkt an die  \u00d6ffentlichkeit zu tragen. Die Polizei versuchte diverse Male Aktionen  zu verhindern und verhaftete dabei mehrere Personen. Trotzdem gelang es  ihr nicht, die Situation zu kontrollieren und wir konnten alle Aktionen  wie geplant durchf\u00fchren.<\/p>\n<p>Das WEF in Davos ist morgen zu Ende, unser Widerstand gegen den Kapitalismus jedoch nicht!<\/p>\n<p>Wipe out WEF &#8211; F\u00fcr eine herrschaftsfreie Welt!<\/p>\n<p>Solidarische Gr\u00fcsse an die Demo in Davos<\/p>\n<p>Quelle:<a href=\"http:\/\/www.aufbau.org\/index.php\/schlagzeilen-topmenu-64\/1462-antiwefrally-in-bern\" target=\"_blank\"> http:\/\/www.aufbau.org\/index.php\/schlagzeilen-topmenu-64\/1462-antiwefrally-in-bern<\/a><\/p>\n","protected":false},"excerpt":{"rendered":"<p>Am Samstag, den 26. Januar, haben wir diverse Flashmobs und Aktionen gegen das WEF in der Berner Innenstadt durchgef\u00fchrt. <a href=\"https:\/\/www.lagota.ch\/?p=1693\">Continue reading <span class=\"meta-nav\">&rarr;<\/span><\/a><\/p>\n","protected":false},"author":1,"featured_media":0,"comment_status":"open","ping_status":"open","sticky":false,"template":"","format":"standard","meta":{"footnotes":""},"categories":[14,6,16,19,108],"tags":[462,102,463],"class_list":["post-1693","post","type-post","status-publish","format-standard","hentry","category-arbeitskampf","category-news","category-schweiz","category-wef","category-wirtschaftskrise","tag-antiwef","tag-bern","tag-flashmob"],"_links":{"self":[{"href":"https:\/\/www.lagota.ch\/index.php?rest_route=\/wp\/v2\/posts\/1693","targetHints":{"allow":["GET"]}}],"collection":[{"href":"https:\/\/www.lagota.ch\/index.php?rest_route=\/wp\/v2\/posts"}],"about":[{"href":"https:\/\/www.lagota.ch\/index.php?rest_route=\/wp\/v2\/types\/post"}],"author":[{"embeddable":true,"href":"https:\/\/www.lagota.ch\/index.php?rest_route=\/wp\/v2\/users\/1"}],"replies":[{"embeddable":true,"href":"https:\/\/www.lagota.ch\/index.php?rest_route=%2Fwp%2Fv2%2Fcomments&post=1693"}],"version-history":[{"count":2,"href":"https:\/\/www.lagota.ch\/index.php?rest_route=\/wp\/v2\/posts\/1693\/revisions"}],"predecessor-version":[{"id":1696,"href":"https:\/\/www.lagota.ch\/index.php?rest_route=\/wp\/v2\/posts\/1693\/revisions\/1696"}],"wp:attachment":[{"href":"https:\/\/www.lagota.ch\/index.php?rest_route=%2Fwp%2Fv2%2Fmedia&parent=1693"}],"wp:term":[{"taxonomy":"category","embeddable":true,"href":"https:\/\/www.lagota.ch\/index.php?rest_route=%2Fwp%2Fv2%2Fcategories&post=1693"},{"taxonomy":"post_tag","embeddable":true,"href":"https:\/\/www.lagota.ch\/index.php?rest_route=%2Fwp%2Fv2%2Ftags&post=1693"}],"curies":[{"name":"wp","href":"https:\/\/api.w.org\/{rel}","templated":true}]}}