{"id":1708,"date":"2013-02-06T12:14:29","date_gmt":"2013-02-06T11:14:29","guid":{"rendered":"http:\/\/www.lagota.ch\/?p=1708"},"modified":"2013-02-06T12:14:29","modified_gmt":"2013-02-06T11:14:29","slug":"anarchietage-in-winterthur-2013","status":"publish","type":"post","link":"https:\/\/www.lagota.ch\/?p=1708","title":{"rendered":"Anarchietage in Winterthur 2013"},"content":{"rendered":"<p><a href=\"https:\/\/www.lagota.ch\/wp-content\/uploads\/anarchietage.jpg\"><img loading=\"lazy\" decoding=\"async\" class=\"alignleft size-medium wp-image-1709\" title=\"anarchietage\" src=\"https:\/\/www.lagota.ch\/wp-content\/uploads\/anarchietage-300x223.jpg\" alt=\"\" width=\"300\" height=\"223\" srcset=\"https:\/\/www.lagota.ch\/wp-content\/uploads\/anarchietage-300x223.jpg 300w, https:\/\/www.lagota.ch\/wp-content\/uploads\/anarchietage.jpg 962w\" sizes=\"auto, (max-width: 300px) 100vw, 300px\" \/><\/a>Grenzen sind f\u00fcr das Funktionieren der kapitalistischen Gesellschaft  notwendig. In ihrer manifesten politisch-geographischen Form l\u00e4sst sich  durch Grenzen nicht nur der G\u00fcterverkehr regulieren und wenn n\u00f6tig  eind\u00e4mmen, sondern auch die Bewegungsfreiheit der Menschen. W\u00e4hrend aber  das neoliberale Streben nach einem &#8220;globalen Markt&#8221; diese Grenzen f\u00fcr  G\u00fcter immer durchl\u00e4ssiger macht, werden sie f\u00fcr viele Menschen, die eben  im Zuge dieser Politik zur Migration gezwungen werden, zu einem fast  un\u00fcberwindbaren Hindernis. Begriffe wie die &#8220;Festung Europa&#8221; oder die  &#8220;Border Wall&#8221; zwischen Mexiko und den USA stehen nicht nur sinnbildlich  f\u00fcr eine extrem restriktive Migrationspolitik der reichen L\u00e4nder des  Nordens, sondern verweisen auch auf den milit\u00e4rischen Charakter dieser  hochger\u00fcsteten Barrieren, die Fl\u00fcchtenden immer wieder den Tod bringen.<\/p>\n<p>Grenzen werden aber nicht nur gegen aussen, sondern auch im Innern  gezogen. Diskriminierung und Exklusion trifft nicht nur Menschen mit  &#8220;Migrationshintergrund&#8221;, aber auch und vor allem solche. Xenophobie und  Rassismus sind in der Bev\u00f6lkerung weit verbreitet und erschweren ein f\u00fcr  den Kampf gegen das kapitalistische System notwendiges Zusammengehen  der Ausgebeuteten, egal ob &#8220;Schweizer_innen&#8221; oder &#8220;Ausl\u00e4nder_innen&#8221;,  erheblich.<\/p>\n<p>F\u00fcr Anarchist_inn_en sind Fragen nach Grenzen, nach der Bedingungen und  Auswirkungen von Migration sowie nach Fremdenfeindlichkeit und Rassismus  daher oftmals von grosser Bedeutung. An diesen achten Anarchietagen in  Winterthur wollen wir diese Themen aufgreifen und theoretische Reflexion  sowie wirksame Praxis ins Zentrum stellen.<\/p>\n<p><em>\u00d6ffnungszeiten der Alten Kaserne: Freitag ab 18:00h | Samstag und Sonntag ab 11:00h<\/em><\/p>\n<p>Freitag \/ 8. Februar 2013<\/p>\n<p>19h | Alte Kaserne<br \/>\n<em>Vegane VoK\u00fc<\/em><\/p>\n<p>20:30h | Alte Kaserne<br \/>\n<em>Antimuslimischer Rassismus im Neoliberalismus<br \/>\nSebastian Friedrich, Referat und Diskussion<\/em><\/p>\n<p>Samstag \/ 9. Februar 2013<\/p>\n<p>12h | Alte Kaserne<br \/>\n<em>NEXT STOP LAMPEDUSA und die FABRIK DER ILLEGALEN EINWANDERUNG<br \/>\n(Eine Video-Reportage \u00fcber die Flucht tausender TunesierInnen in das &#8220;Paradies&#8221; Europa)<br \/>\nViktor Bo\u0161njak (Kollektiv Teleimmagini), Referat, Film (it\/en) und Diskussion<\/em><\/p>\n<p>15h | Alte Kaserne<br \/>\n<em>Kontinuit\u00e4t der Pakte zur Bek\u00e4mpfung der Immigration zwischen &#8220;Festung Europa&#8221; und nordafrikanischen Staaten<br \/>\nBernhard Schmid, Referat und Diskussion<br \/>\nab 18h | Alte Kaserne<br \/>\nVegane VoK\u00fc<\/em><\/p>\n<p>20h | GGS31<br \/>\n<em>Anarchietage-Solikonzert<br \/>\nPunk | Rock | HipHop | Electro<\/em><\/p>\n<p>Sonntag \/ 10. Februar 2013<\/p>\n<p>12h | Alte Kaserne<br \/>\n<em>Die Ausweisung von Anarchisten aus der Schweiz Ende des 19. Jahrhunderts<br \/>\nAdi Feller, Referat und Diskussion<\/em><\/p>\n<p>15h | Alte Kaserne<br \/>\n<em>20 Jahre Asyl- &amp; Sans-Papiers-Bewegung<br \/>\nAktivistInnen der autonomen Gruppe \u00abRefugees Welcome\u00bb, Referat und Diskussion<\/p>\n<p>Quelle: <a href=\"http:\/\/www.anarchietage.ch\" target=\"_blank\">www.anarchietage.ch<\/a><\/em><\/p>\n","protected":false},"excerpt":{"rendered":"<p>Grenzen sind f\u00fcr das Funktionieren der kapitalistischen Gesellschaft notwendig. In ihrer manifesten politisch-geographischen Form l\u00e4sst sich durch Grenzen nicht nur der G\u00fcterverkehr regulieren und wenn n\u00f6tig eind\u00e4mmen, sondern auch die Bewegungsfreiheit der Menschen. W\u00e4hrend aber das neoliberale Streben nach einem &#8220;globalen Markt&#8221; diese Grenzen f\u00fcr G\u00fcter immer durchl\u00e4ssiger macht, werden sie f\u00fcr viele Menschen, die eben im Zuge dieser Politik zur Migration gezwungen werden, zu einem fast un\u00fcberwindbaren Hindernis. Begriffe wie die &#8220;Festung Europa&#8221; oder die &#8220;Border Wall&#8221; zwischen Mexiko und den USA stehen nicht nur sinnbildlich f\u00fcr eine extrem restriktive Migrationspolitik der reichen L\u00e4nder des Nordens, sondern verweisen auch auf den milit\u00e4rischen Charakter dieser hochger\u00fcsteten Barrieren, die Fl\u00fcchtenden immer wieder den Tod bringen. <a href=\"https:\/\/www.lagota.ch\/?p=1708\">Continue reading <span class=\"meta-nav\">&rarr;<\/span><\/a><\/p>\n","protected":false},"author":1,"featured_media":0,"comment_status":"open","ping_status":"open","sticky":false,"template":"","format":"standard","meta":{"footnotes":""},"categories":[14,16,4,108],"tags":[470,103,471],"class_list":["post-1708","post","type-post","status-publish","format-standard","hentry","category-arbeitskampf","category-schweiz","category-veranstaltung","category-wirtschaftskrise","tag-anarchietage","tag-rassismus","tag-winterthur"],"_links":{"self":[{"href":"https:\/\/www.lagota.ch\/index.php?rest_route=\/wp\/v2\/posts\/1708","targetHints":{"allow":["GET"]}}],"collection":[{"href":"https:\/\/www.lagota.ch\/index.php?rest_route=\/wp\/v2\/posts"}],"about":[{"href":"https:\/\/www.lagota.ch\/index.php?rest_route=\/wp\/v2\/types\/post"}],"author":[{"embeddable":true,"href":"https:\/\/www.lagota.ch\/index.php?rest_route=\/wp\/v2\/users\/1"}],"replies":[{"embeddable":true,"href":"https:\/\/www.lagota.ch\/index.php?rest_route=%2Fwp%2Fv2%2Fcomments&post=1708"}],"version-history":[{"count":2,"href":"https:\/\/www.lagota.ch\/index.php?rest_route=\/wp\/v2\/posts\/1708\/revisions"}],"predecessor-version":[{"id":1711,"href":"https:\/\/www.lagota.ch\/index.php?rest_route=\/wp\/v2\/posts\/1708\/revisions\/1711"}],"wp:attachment":[{"href":"https:\/\/www.lagota.ch\/index.php?rest_route=%2Fwp%2Fv2%2Fmedia&parent=1708"}],"wp:term":[{"taxonomy":"category","embeddable":true,"href":"https:\/\/www.lagota.ch\/index.php?rest_route=%2Fwp%2Fv2%2Fcategories&post=1708"},{"taxonomy":"post_tag","embeddable":true,"href":"https:\/\/www.lagota.ch\/index.php?rest_route=%2Fwp%2Fv2%2Ftags&post=1708"}],"curies":[{"name":"wp","href":"https:\/\/api.w.org\/{rel}","templated":true}]}}