{"id":1716,"date":"2013-02-12T12:13:12","date_gmt":"2013-02-12T11:13:12","guid":{"rendered":"http:\/\/www.lagota.ch\/?p=1716"},"modified":"2013-02-12T12:13:12","modified_gmt":"2013-02-12T11:13:12","slug":"aufruf-zum-antifaschistischen-abendspaziergang-am-16-2-13-in-bern","status":"publish","type":"post","link":"https:\/\/www.lagota.ch\/?p=1716","title":{"rendered":"Aufruf zum Antifaschistischen Abendspaziergang am 16.2.13 in Bern"},"content":{"rendered":"<p><strong>Heraus zum Antifaschistischen Abendspaziergang  am Samstag 16. Februar 2013 um 19.00 Uhr, Besammlung bei der  Heiliggeistkirche in Bern.<\/p>\n<p>F\u00fcr den 16. Februar 2013 haben  Neonazis zum Fackelmarsch durch Bern aufgerufen. Stattfinden soll er  w\u00e4hrend der Berner Fasnacht um 19.00 Uhr, der genaue Ort ist unbekannt.<\/strong><\/p>\n<p>Fackelm\u00e4rsche haben in rechtsextremen Strukturen eine lange Tradition. Noch am Abend des 30. Januar 1933 organisierten die Nationalsozialisten einen Fackelmarsch durch Berlin, um die Macht\u00fcbergabe an Adolf Hitler \u00f6ffentlich zu zelebrieren. Nur wenige Monate sp\u00e4ter wiederholte das \u201eMinisterium f\u00fcr Volksaufkl\u00e4rung und Propaganda\u201c diesen Anlass \u2013 das 3. Reich war erst wenige Monate alt, als die Nazif\u00fchrung ihre Geschichte bereits zu glorifizieren begann.<\/p>\n<p>Auch heute bedienen sich Neonazis der Form des Fackelmarsches, um sich und ihre menschenverachtende Ideologie zu zelebrieren oder um Eckdaten ihrer verf\u00e4lschten Darstellung geschichtlicher Ereignisse zu gedenken. Beim aktuellen Aufruf ist davon auszugehen, dass das Datum nicht zuf\u00e4llig gew\u00e4hlt ist: Zwischen dem 13. und dem 15. Februar 1945 wurde die Stadt Dresden bombardiert und nahezu vollst\u00e4ndig zerst\u00f6rt. Seit Jahren dient dieser Anlass rechtsextremen Gruppierungen dazu, das eigene Geschichtsverst\u00e4ndnis an die \u00d6ffentlichkeit zu tragen. So finden j\u00e4hrlich um dieses Datum herum Gedenkveranstaltungen zum sogenannten \u201eBomben-Holocaust\u201c und der Deutschen Zivilbev\u00f6lkerung als Opfer des Zweiten Weltkrieges statt. Da es durch die massive Gegenmobilisierung f\u00fcr die Neonazis in den letzten Jahren zunehmend schwieriger wurde die Gedenkveranstaltung in Dresden selber durchf\u00fchren zu k\u00f6nnen, l\u00e4sst sich eine Dezentralisierung der Gedenkaktivit\u00e4ten feststellen \u2013 dieses Jahr auch in Bern. Zu dieser Veranstaltung wurde von einschl\u00e4gig bekannten Neonazis mit Verbindungen nach Deutschland aufgerufen. Eine dieser Personen \u2013 Jonas Schneeberger \u2013 wurde 2011 aus der Rechtsaussenpartei \u201eSchweizer Demokraten\u201c ausgeschlossen, da w\u00e4hrend seiner Kandidatur f\u00fcr dieselbe Partei Fotos auftauchten, die ihn in der KZ-Gedenkst\u00e4tte Buchenwald zeigen, den Arm zum Hitlergruss gestreckt. Ausserdem wurde vor kurzem publik gemacht, dass er Gr\u00fcndungsmitglied der \u201eWeisse W\u00f6lfe Terror Crew\u201c ist ( https:\/\/linksunten.indymedia.org\/de\/node\/77633) \u2013 bereits der Name dieser Gruppierung d\u00fcrfte wohl gen\u00fcgen Aufschluss \u00fcber deren Ausrichtung geben.<\/p>\n<p>Wir wollen den Neonazis, ihrer rassistischen Gesinnung und Verherrlichung ihrer verf\u00e4lschten Geschichtsdarstellung keinen Platz \u00fcberlassen und ihnen lautstrakt entgegentreten. Deshalb: heraus zum Antifaschistischen Abendspaziergang am 16. Februar 2013 in Bern. Besammlung 19.00 Uhr bei der Heiliggeistkirche. Vergesst die Verkleidung nicht!<\/p>\n<p>!Bern bleibt nazifrei!<\/p>\n<p>Quelle: <a href=\"http:\/\/ch.indymedia.org\/de\/2013\/02\/88782.shtml\">http:\/\/ch.indymedia.org\/de\/2013\/02\/88782.shtml<\/a><\/p>\n","protected":false},"excerpt":{"rendered":"<p>Heraus zum Antifaschistischen Abendspaziergang am Samstag 16. Februar 2013 um 19.00 Uhr, Besammlung bei der Heiliggeistkirche in Bern. F\u00fcr den 16. Februar 2013 haben Neonazis zum Fackelmarsch durch Bern aufgerufen. Stattfinden soll er w\u00e4hrend der Berner Fasnacht um 19.00 Uhr, der genaue Ort ist unbekannt. <a href=\"https:\/\/www.lagota.ch\/?p=1716\">Continue reading <span class=\"meta-nav\">&rarr;<\/span><\/a><\/p>\n","protected":false},"author":1,"featured_media":0,"comment_status":"open","ping_status":"open","sticky":false,"template":"","format":"standard","meta":{"footnotes":""},"categories":[13,6,16],"tags":[102,475,173],"class_list":["post-1716","post","type-post","status-publish","format-standard","hentry","category-antifa","category-news","category-schweiz","tag-bern","tag-fackelmarsch","tag-neonazis"],"_links":{"self":[{"href":"https:\/\/www.lagota.ch\/index.php?rest_route=\/wp\/v2\/posts\/1716","targetHints":{"allow":["GET"]}}],"collection":[{"href":"https:\/\/www.lagota.ch\/index.php?rest_route=\/wp\/v2\/posts"}],"about":[{"href":"https:\/\/www.lagota.ch\/index.php?rest_route=\/wp\/v2\/types\/post"}],"author":[{"embeddable":true,"href":"https:\/\/www.lagota.ch\/index.php?rest_route=\/wp\/v2\/users\/1"}],"replies":[{"embeddable":true,"href":"https:\/\/www.lagota.ch\/index.php?rest_route=%2Fwp%2Fv2%2Fcomments&post=1716"}],"version-history":[{"count":1,"href":"https:\/\/www.lagota.ch\/index.php?rest_route=\/wp\/v2\/posts\/1716\/revisions"}],"predecessor-version":[{"id":1717,"href":"https:\/\/www.lagota.ch\/index.php?rest_route=\/wp\/v2\/posts\/1716\/revisions\/1717"}],"wp:attachment":[{"href":"https:\/\/www.lagota.ch\/index.php?rest_route=%2Fwp%2Fv2%2Fmedia&parent=1716"}],"wp:term":[{"taxonomy":"category","embeddable":true,"href":"https:\/\/www.lagota.ch\/index.php?rest_route=%2Fwp%2Fv2%2Fcategories&post=1716"},{"taxonomy":"post_tag","embeddable":true,"href":"https:\/\/www.lagota.ch\/index.php?rest_route=%2Fwp%2Fv2%2Ftags&post=1716"}],"curies":[{"name":"wp","href":"https:\/\/api.w.org\/{rel}","templated":true}]}}