{"id":1728,"date":"2013-03-03T22:10:23","date_gmt":"2013-03-03T21:10:23","guid":{"rendered":"http:\/\/www.lagota.ch\/?p=1728"},"modified":"2013-03-03T22:10:23","modified_gmt":"2013-03-03T21:10:23","slug":"uberrollen-wir-die-aufwertungspolitik","status":"publish","type":"post","link":"https:\/\/www.lagota.ch\/?p=1728","title":{"rendered":"\u00dcberrollen wir die Aufwertungspolitik"},"content":{"rendered":"<p>Wir rollen am Samstagabend, 2. M\u00e4rz 2013 durch die Z\u00fcrcher Strassen \u2013 3500 Menschen mit ca. 20 selbstgebauten fahrbaren Unters\u00e4tzen. Mit mobilen Bars, rollenden B\u00fchnen, motorisierten DJ-Pulten, einem putzw\u00fctigen City Cat und reichlich Dezibel ziehen wir Richtung Innenstadt, um zu demonstrieren was wir brauchen und wof\u00fcr wir einstehen.<\/p>\n<p><a href=\"https:\/\/www.lagota.ch\/wp-content\/uploads\/Binz-vorne-e1.jpg\"><img loading=\"lazy\" decoding=\"async\" class=\"alignleft size-medium wp-image-1729\" title=\"Binz-vorne-e1\" src=\"https:\/\/www.lagota.ch\/wp-content\/uploads\/Binz-vorne-e1-300x200.jpg\" alt=\"\" width=\"300\" height=\"200\" srcset=\"https:\/\/www.lagota.ch\/wp-content\/uploads\/Binz-vorne-e1-300x200.jpg 300w, https:\/\/www.lagota.ch\/wp-content\/uploads\/Binz-vorne-e1.jpg 545w\" sizes=\"auto, (max-width: 300px) 100vw, 300px\" \/><\/a>Es gibt einen Grund, warum H\u00e4user besetzt werden. Es gibt einen Grund, weswegen unbewilligt kulturelle Veranstaltungen durchgef\u00fchrt werden. Und genauso gibt es einen Grund, warum sich heute so viele Menschen versammelt haben und gemeinsam durch die Strassen ziehen. Wir alle sind ein Teil dieser Stadt und dies ist ein Protest. Wir drehen das Volumen auf, damit man uns nicht \u00fcberh\u00f6ren kann.<\/p>\n<p>Wir fordern physischen Raum und Akzeptanz f\u00fcr unser Engagement, unsere Kreativit\u00e4t und unsere Anliegen.<\/p>\n<p>Projekte wie die Europa-Allee, Z\u00fcrich-West und die knallharte Repression wie zum Beispiel im Langstrassenquartier sind Paradebeispiele f\u00fcr die Aufwertungspolitik der Stadt Z\u00fcrich. Doch was die Stadt als Aufwertung verkauft, bedeutet f\u00fcr den Grossteil der Stadtbev\u00f6lkerung Verdr\u00e4ngung.<\/p>\n<p>Diese Entwicklung f\u00fchrt zur gezielten Zerst\u00f6rung des Kleingewerbes, von bezahlbarem Wohnraum und von selbstverwalteten Kultur-, Bildungs- und Wohnzentren wie der Binz, des Autonomen Beauty Salons (ABS) und der Autonomen Schule Z\u00fcrich (ASZ). Den charakterlosen Glanz dieser ges\u00e4uberten Stadt lassen wir nicht zu.<\/p>\n<p>Die brutalen Polizeieins\u00e4tze und Bewilligungspraktiken hindern uns nicht daran, das Stadtleben weiterhin mit kulturellen Veranstaltungen zu beleben. Und noch viel weniger hindern sie uns daran, das politische Bewusstsein im Hinblick auf die negativen Ver\u00e4nderungen dieser Stadt durch unsere Aktionen zu st\u00e4rken. Denn ohne Andersdenkende, Unangepasste, Fremde und Kritikerinnen wird die Stadt zu einer gest\u00f6rten Pseudo-Einheit.<\/p>\n<p>Die angek\u00fcndigte R\u00e4umung des wichtigen und grossen alternativen Zentrums, der autonomen Zone Binz, gibt uns umso mehr Anlass, ein Zeichen zu setzten und uns die Freir\u00e4ume zur\u00fcck zu nehmen.<\/p>\n<p>F\u00fcr ein selbstbestimmtes Leben, frei von Profitdenken und Intoleranz!<\/p>\n<p>Wir bleiben alle!<\/p>\n<p>Quelle: Revolution\u00e4re Jugend Z\u00fcrich<\/p>\n","protected":false},"excerpt":{"rendered":"<p>Wir rollen am Samstagabend, 2. M\u00e4rz 2013 durch die Z\u00fcrcher Strassen \u2013<br \/>\n3500 Menschen mit ca. 20 selbstgebauten fahrbaren Unters\u00e4tzen. Mit mobilen Bars, rollenden B\u00fchnen, motorisierten DJ-Pulten, einem putzw\u00fctigen City Cat und reichlich Dezibel ziehen wir Richtung Innenstadt, um zu demonstrieren was wir brauchen und wof\u00fcr wir einstehen. <a href=\"https:\/\/www.lagota.ch\/?p=1728\">Continue reading <span class=\"meta-nav\">&rarr;<\/span><\/a><\/p>\n","protected":false},"author":1,"featured_media":0,"comment_status":"open","ping_status":"open","sticky":false,"template":"","format":"standard","meta":{"footnotes":""},"categories":[6,18],"tags":[485,445,487,486,92,121],"class_list":["post-1728","post","type-post","status-publish","format-standard","hentry","category-news","category-squat-the-world","tag-autonome","tag-binz","tag-dj","tag-freiraume","tag-squat","tag-zurich"],"_links":{"self":[{"href":"https:\/\/www.lagota.ch\/index.php?rest_route=\/wp\/v2\/posts\/1728","targetHints":{"allow":["GET"]}}],"collection":[{"href":"https:\/\/www.lagota.ch\/index.php?rest_route=\/wp\/v2\/posts"}],"about":[{"href":"https:\/\/www.lagota.ch\/index.php?rest_route=\/wp\/v2\/types\/post"}],"author":[{"embeddable":true,"href":"https:\/\/www.lagota.ch\/index.php?rest_route=\/wp\/v2\/users\/1"}],"replies":[{"embeddable":true,"href":"https:\/\/www.lagota.ch\/index.php?rest_route=%2Fwp%2Fv2%2Fcomments&post=1728"}],"version-history":[{"count":2,"href":"https:\/\/www.lagota.ch\/index.php?rest_route=\/wp\/v2\/posts\/1728\/revisions"}],"predecessor-version":[{"id":1731,"href":"https:\/\/www.lagota.ch\/index.php?rest_route=\/wp\/v2\/posts\/1728\/revisions\/1731"}],"wp:attachment":[{"href":"https:\/\/www.lagota.ch\/index.php?rest_route=%2Fwp%2Fv2%2Fmedia&parent=1728"}],"wp:term":[{"taxonomy":"category","embeddable":true,"href":"https:\/\/www.lagota.ch\/index.php?rest_route=%2Fwp%2Fv2%2Fcategories&post=1728"},{"taxonomy":"post_tag","embeddable":true,"href":"https:\/\/www.lagota.ch\/index.php?rest_route=%2Fwp%2Fv2%2Ftags&post=1728"}],"curies":[{"name":"wp","href":"https:\/\/api.w.org\/{rel}","templated":true}]}}