{"id":1732,"date":"2013-03-06T11:42:08","date_gmt":"2013-03-06T10:42:08","guid":{"rendered":"http:\/\/www.lagota.ch\/?p=1732"},"modified":"2013-03-06T11:42:08","modified_gmt":"2013-03-06T10:42:08","slug":"venezuelas-prasident-hugo-chavez-ist-tot","status":"publish","type":"post","link":"https:\/\/www.lagota.ch\/?p=1732","title":{"rendered":"Venezuelas Pr\u00e4sident Hugo Ch\u00e1vez ist tot"},"content":{"rendered":"<h4>Vizepr\u00e4sident Maduro gibt den Tod von Hugo Ch\u00e1vez  bekannt. Regierungs- und Milit\u00e4rspitze kommt zusammen. Venezuela weist  zwei US-amerikanische Diplomaten aus<\/h4>\n<div>\n<div>\n<\/div>\n<\/div>\n<div id=\"sidebox\">\n<div><a title=\"Hugo Rafael Ch\u00e1vez Fr\u00edas (28. Juli 1954 \u2013 5. M\u00e4rz 2013) (Klicken zum Vergr\u00f6\u00dfern)\" rel=\"lightbox[80074][Hugo Rafael Ch\u00e1vez Fr\u00edas (28. Juli 1954 \u2013 5. M\u00e4rz 2013)]\" href=\"http:\/\/amerika21.de\/files\/a21\/imagecache\/bild_voll\/img\/2013\/presidente-chavez.jpg\"><img loading=\"lazy\" decoding=\"async\" src=\"http:\/\/amerika21.de\/files\/a21\/imagecache\/artikel_vollansicht\/img\/2013\/presidente-chavez.jpg\" alt=\"Hugo Rafael Ch\u00e1vez Fr\u00edas (28. Juli 1954 \u2013 5. M\u00e4rz 2013)\" width=\"250\" height=\"250\" \/><\/a><\/p>\n<div>\n<div>\n<p>Hugo Rafael Ch\u00e1vez Fr\u00edas (28. Juli 1954 \u2013 5. M\u00e4rz 2013)<\/p>\n<\/div>\n<\/div>\n<\/div>\n<div><a title=\"Hugo Ch\u00e1vez \u00fcbernimmt am 4. Februar 1992 die Verantwortung daf\u00fcr, dass die Ziele der Milit\u00e4rrebellion nicht erreicht wurden \u2013 &quot;Por ahora&quot; (vorerst) (Klicken zum Vergr\u00f6\u00dfern)\" rel=\"lightbox[80074][Hugo Ch\u00e1vez \u00fcbernimmt am 4. Februar 1992 die Verantwortung daf\u00fcr, dass die Ziele der Milit\u00e4rrebellion nicht erreicht wurden \u2013 &quot;Por ahora&quot; (vorerst)&lt;p&gt;Quelle: Venancio Alc\u00e1zares, El Universal&lt;\/p&gt;]\" href=\"http:\/\/amerika21.de\/files\/a21\/imagecache\/bild_voll\/img\/2013\/chavez4f.jpeg\"><img loading=\"lazy\" decoding=\"async\" src=\"http:\/\/amerika21.de\/files\/a21\/imagecache\/artikel_vollansicht\/img\/2013\/chavez4f.jpeg\" alt=\"Hugo Ch\u00e1vez \u00fcbernimmt am 4. Februar 1992 die Verantwortung daf\u00fcr, dass die Ziele der Milit\u00e4rrebellion nicht erreicht wurden \" width=\"250\" height=\"169\" \/><\/a><\/p>\n<div>\n<div>\n<\/div>\n<\/div>\n<\/div>\n<\/div>\n<p><strong>Caracas.<\/strong> Am Dienstag um 16:47 Uhr (Ortzeit)  erlag der venezolanische Pr\u00e4sident und Mitbegr\u00fcnder der bolivarischen  Bewegung Hugo Ch\u00e1vez seinem Krebsleiden. Dies gab Vizepr\u00e4sident Nicol\u00e1s  Maduro nach einem Treffen mit den f\u00fchrenden Politikern der  sozialistischen Partei PSUV in Caracas bekannt. Unmittelbar vor der  Todesnachricht hatte Vizepr\u00e4sident Nicol\u00e1s Maduro erkl\u00e4rt: &#8220;Unsere  Revolution ist vorbereitet und st\u00e4rker als jemals zuvor.&#8221;<\/p>\n<p>&#8220;Heute verstarb Kommandant und Pr\u00e4sident Hugo Chavez, nachdem er seit  fast zwei Jahren hart mit seiner Krankheit k\u00e4mpfte, in Liebe zum Volk,  mit dem Segen der Menschen und der absoluten Loyalit\u00e4t seiner  Genossinnen und Genossen, in Liebe zu all seinen Familienangeh\u00f6rigen&#8221;,  hei\u00dft es in der Erkl\u00e4rung von Nicol\u00e1s Maduro.<\/p>\n<p>Er rief die Unterst\u00fctzer der sozialistischen Bewegung auf, sich vor  dem Milit\u00e4rhospital Dr. Carlos Arvelo in Caracas und auf den  \u00f6ffentlichen Pl\u00e4tzen des Landes zu versammeln. &#8220;Wir singen das Lied von <a href=\"http:\/\/de.wikipedia.org\/wiki\/Al%C3%AD_Primera\">Al\u00ed Primera<\/a>:  Diejenigen, die f\u00fcr das Leben starben, darf man nicht als tot  bezeichnen&#8221;, sagte Maduro in einer landesweit \u00fcbertragenen Ansprache um  17 Uhr (Ortszeit).<\/p>\n<p>Unmittelbar nach der Nachricht vom Tod des venezolanischen  Pr\u00e4sidenten gingen aus ganz Lateinamerika Beileidsbekundungen ein. Die  argentinische Pr\u00e4sidentin Cristina Fern\u00e1ndez de Kirchner brach eine  Abendveranstaltung ab und ordnete eine dreit\u00e4gige Staatstrauer in  Argentinien an. Der gerade im Amt best\u00e4tigte Pr\u00e4sident Ecuadors, Rafael  Correa, erkl\u00e4rte: &#8220;Ecuador solidarisiert sich angesichts dieses  unermesslichen Verlustes f\u00fcr Venezuela und ganz Lateinamerika.&#8221;<\/p>\n<p>Der kolumbianische Pr\u00e4sident Juan Manuel Santos bezeichnete den Tod  von Hugo Ch\u00e1vez als gro\u00dfen Verlust f\u00fcr Venezuela und die gesamte Region.  &#8220;Die beste Wertsch\u00e4tzung, die wir seinem Andenken entgegen bringen  k\u00f6nnen, ist, dass wir eine Regelung \u00fcber das Ende des Konfliktes in  Kolumbien erreichen. Er sagte, dies sei das, was Bol\u00edvar wollte.&#8221;Auch  der venezolanische Oppositionsf\u00fchrer und Gouverneur des Bundesstaates  Miranda, Henrique Capriles Radonski, dr\u00fcckte den Unterst\u00fctzern und  Familienangeh\u00f6rigen des Pr\u00e4sidenten sein Beileid aus.<\/p>\n<p>Aus den USA meldete sich Pr\u00e4sident Barack Obama mit den Worten:  &#8220;Heute beginnt ein neues historisches Kapitel f\u00fcr Venezuela. Die  Vereinigten Staaten best\u00e4tigen ihre Unterst\u00fctzung f\u00fcr Politikans\u00e4tze,  die demokratische Prinzipien, den Rechtsstaat und Respekt f\u00fcr die  Menschenrechte bef\u00f6rdern.&#8221;<\/p>\n<h4>Zugespitzte Situation in den vergangen Tagen<\/h4>\n<p>Der Vizepr\u00e4sident hatte am Dienstag zun\u00e4chst bekannt gegeben, dass  sich der Gesundheitszustand von Pr\u00e4sident Hugo Ch\u00e1vez erneut  verschlechtert hatte. Aus diesem Anlass rief er die Spitzen von  Regierung und Milit\u00e4r zusammen. An der Zusammenkunft im  Pr\u00e4sidentenpalast Miraflores nahmen nach Angaben der staatlichen  Nachrichtenagentur AVN die Mitglieder des Regierungskabinetts, die 20  Gouverneure der regierenden Vereinten Sozialistischen Partei Venezuelas  (PSUV) und f\u00fchrende Milit\u00e4rs teil.<\/p>\n<p>Die Teilnahme der Armeef\u00fchrung wurde bereits als Zeichen f\u00fcr die  besondere Bedeutung der Versammlung im Ayacucho-Salon des  Pr\u00e4sidentenpalastes gesehen. Seit der Nacht von Sonntag auf Montag  hatten sich die ernsten Nachrichten aus Caracas geh\u00e4uft. Auch der  Minister f\u00fcr Kommunikation und Information, Ernesto Villegas,  informierte \u00fcber eine eine erhebliche Verschlechterung des  Gesundheitszustandes von Pr\u00e4sident Hugo Ch\u00e1vez.<\/p>\n<p>Ch\u00e1vez leide erneut an einer Einschr\u00e4nkung der Atemwegfunktionen,  hatte Villegas am Montag in einer Stellungnahme bekanntgegeben. Grund  daf\u00fcr sei eine &#8220;erneute schwere Infektion&#8221;. Der Pr\u00e4sident habe sich  aufgrund seiner Krebserkrankung in chemotherapeutischer Behandlung  befunden, wozu weitere akute Behandlungen wegen seiner allgemeinen  gesundheitlichen Situation k\u00e4men. Laut Villegas war der Zustand des  Pr\u00e4sidenten &#8220;weiterhin sehr kritisch&#8221;.<\/p>\n<p>Ebenfalls am heutigen Dienstag verwies Venezuela zwei Diplomaten der  USA des Landes. Au\u00dfenminister El\u00edas Jaua begr\u00fcndete die Ausweisung  damit, dass die beiden &#8220;Aktivit\u00e4ten im Widerspruch zu ihren  Verantwortlichkeiten&#8221; unternommen h\u00e4tten. Aus verschiedenen Teilen der  Streitkr\u00e4fte w\u00fcrden Berichte vorliegen, dass die beiden  Botschaftsangeh\u00f6rigen David del M\u00f3naco und Devlin Costal pers\u00f6nlich und  telefonisch Milit\u00e4rs angesprochen h\u00e4tten.<\/p>\n<h4>Revolution\u00e4r und Pr\u00e4sident<\/h4>\n<p>Hugo Ch\u00e1vez, Sohn eines Dorfschullehrers aus dem Dorf Sabaneta im  l\u00e4ndlichen Bundesstaat Barinas, regierte Venezuela seit dem Jahr 1999.  Nach seiner ersten Wahl im Dezember 1998 berief er eine  verfassunggebende Versammlung ein, deren Vorschlag 1999 in einem  Referendum als <a href=\"http:\/\/de.wikipedia.org\/wiki\/Bolivarische_Verfassung\">neues Grundgesetz<\/a> angenommen wurde. Nach einer seit 1984 anhaltenden Wirtschaftskrise  galt der verfassunggebende Prozess als eine Neugr\u00fcndung des Landes.<\/p>\n<p>Seit seinem offiziellen Amtsantritt best\u00e4tigte die venezolanische  Bev\u00f6lkerung den 1954 geborenen Politiker drei Mal bei  Pr\u00e4sidentschaftswahlen sowie in einem Abwahlreferendum \u2013 jeweils mit  sehr hohen Zustimmungswerten.<\/p>\n<p>Seine politische Laufbahn begann Hugo Ch\u00e1vez im Jahr 1978 als  Mitglied der illegalen Revolution\u00e4ren Partei Venezuelas (PRV) des  Guerilla-Kommandanten Douglas Bravo. Ab 1982 organisierte er f\u00fcr die PRV  eine Struktur von oppositionellen Offizieren, die im Jahr 1992 zwei  Aufst\u00e4nde gegen den sozialdemokratischen Pr\u00e4sidenten Carlos Andr\u00e9s P\u00e9rez  durchf\u00fchrten.<\/p>\n<p>Anlass f\u00fcr die Umsturzversuche war die blutige Niederschlagung eines Volksaufstandes (<a href=\"http:\/\/de.wikipedia.org\/wiki\/Caracazo\">Caracazo<\/a>),  welche zwischen 300 und 3.000 Menschenleben kostete. Die spontane  Revolte richtete sich gegen ein K\u00fcrzungsprogramm, dass Carlos Andr\u00e9s  P\u00e9rez kurz nach seiner Wahl verabschiedete. Der Sozialdemokrat war nach  zehn Jahren Wirtschaftskrise im Dezember 1988 zum zweiten Mal zum  Pr\u00e4sidenten gew\u00e4hlt worden, weil er versprochen hatte die unsozialen  K\u00fcrzungsma\u00dfnahmen zu beenden.<\/p>\n<p>Hugo Ch\u00e1vez erlangte landesweite Ber\u00fchmtheit, weil er nach dem  Scheitern der ersten Milit\u00e4rrevolte am 4. Februar 1992 im Fernsehen live  die Verantwortung f\u00fcr die Unternehmung \u00fcbernahm. Mit den Worten &#8220;Wir  sind gescheitert, vorerst&#8221; richtete er sich an die am Aufstand  beteiligten Offiziere und bat sie, weitere Blutvergie\u00dfen zu verhindern.  Das Schlagwort &#8220;por ahora&#8221; (vorerst) entwickelte sich sp\u00e4ter zum  Kennzeichen einer breiten Bewegung der Bev\u00f6lkerung.<\/p>\n<p>Nach den zivil-milit\u00e4rischen Umsturzversuchen gr\u00fcndete Hugo Ch\u00e1vez ab  1995 das Wahlprojekt &#8220;Bewegung F\u00fcnfte Republik&#8221; (MVR), f\u00fcr das er  schlie\u00dflich 1998 die Pr\u00e4sidentschaftswahlen gewann und damit die  40-j\u00e4hrige Herrschaft von Sozial- und Christdemokraten in dem \u00f6lreichen  Land beendete. Zu diesem Zeitpunkt lebten mehr als 60 Prozent der  Venezolaner unter der Armutsgrenze, die Inflation betrug 110 Prozent.<\/p>\n<p>Quelle: <a href=\"http:\/\/amerika21.de\/2013\/03\/80074\/chavez-tot\" target=\"_blank\">http:\/\/amerika21.de\/2013\/03\/80074\/chavez-tot<\/a><\/p>\n","protected":false},"excerpt":{"rendered":"<p>Vizepr\u00e4sident Maduro gibt den Tod von Hugo Ch\u00e1vez bekannt. Regierungs- und Milit\u00e4rspitze kommt zusammen. Venezuela weist zwei US-amerikanische Diplomaten aus <a href=\"https:\/\/www.lagota.ch\/?p=1732\">Continue reading <span class=\"meta-nav\">&rarr;<\/span><\/a><\/p>\n","protected":false},"author":1,"featured_media":0,"comment_status":"open","ping_status":"open","sticky":false,"template":"","format":"standard","meta":{"footnotes":""},"categories":[14,10,6,108],"tags":[488,490,237,489],"class_list":["post-1732","post","type-post","status-publish","format-standard","hentry","category-arbeitskampf","category-aus-aller-welt","category-news","category-wirtschaftskrise","tag-chavez","tag-krebs","tag-sozialismus","tag-venezuela"],"_links":{"self":[{"href":"https:\/\/www.lagota.ch\/index.php?rest_route=\/wp\/v2\/posts\/1732","targetHints":{"allow":["GET"]}}],"collection":[{"href":"https:\/\/www.lagota.ch\/index.php?rest_route=\/wp\/v2\/posts"}],"about":[{"href":"https:\/\/www.lagota.ch\/index.php?rest_route=\/wp\/v2\/types\/post"}],"author":[{"embeddable":true,"href":"https:\/\/www.lagota.ch\/index.php?rest_route=\/wp\/v2\/users\/1"}],"replies":[{"embeddable":true,"href":"https:\/\/www.lagota.ch\/index.php?rest_route=%2Fwp%2Fv2%2Fcomments&post=1732"}],"version-history":[{"count":2,"href":"https:\/\/www.lagota.ch\/index.php?rest_route=\/wp\/v2\/posts\/1732\/revisions"}],"predecessor-version":[{"id":1734,"href":"https:\/\/www.lagota.ch\/index.php?rest_route=\/wp\/v2\/posts\/1732\/revisions\/1734"}],"wp:attachment":[{"href":"https:\/\/www.lagota.ch\/index.php?rest_route=%2Fwp%2Fv2%2Fmedia&parent=1732"}],"wp:term":[{"taxonomy":"category","embeddable":true,"href":"https:\/\/www.lagota.ch\/index.php?rest_route=%2Fwp%2Fv2%2Fcategories&post=1732"},{"taxonomy":"post_tag","embeddable":true,"href":"https:\/\/www.lagota.ch\/index.php?rest_route=%2Fwp%2Fv2%2Ftags&post=1732"}],"curies":[{"name":"wp","href":"https:\/\/api.w.org\/{rel}","templated":true}]}}