{"id":1744,"date":"2013-03-15T11:55:54","date_gmt":"2013-03-15T10:55:54","guid":{"rendered":"http:\/\/www.lagota.ch\/?p=1744"},"modified":"2013-03-15T11:55:54","modified_gmt":"2013-03-15T10:55:54","slug":"der-papst-%e2%80%93-ein-freund-der-diktatoren","status":"publish","type":"post","link":"https:\/\/www.lagota.ch\/?p=1744","title":{"rendered":"Der Papst \u2013 ein Freund der Diktatoren?"},"content":{"rendered":"<p><strong>W\u00e4hrend der Herrschaft der Milit\u00e4rs soll Jorge Mario Bergoglio progressive Jesuiten denunziert haben. Anzeige blieb ohne Folgen<\/strong><\/p>\n<p><a href=\"https:\/\/www.lagota.ch\/wp-content\/uploads\/franziskus1.jpg\"><img loading=\"lazy\" decoding=\"async\" class=\"alignleft size-full wp-image-1745\" title=\"franziskus1\" src=\"https:\/\/www.lagota.ch\/wp-content\/uploads\/franziskus1.jpg\" alt=\"\" width=\"250\" height=\"297\" \/><\/a>Rom\/Buenos Aires. Zum ersten Mal ist ein Lateinamerikaner an die Spitze der katholischen Kirche gelangt. Jorge Mario Bergoglio, der 76-j\u00e4hrige Erzbischof von Buenos Aires, wurde am Mittwochabend zum Nachfolger von Joseph Ratzinger gew\u00e4hlt. Bergoglio setzte sich im f\u00fcnften Wahlgang durch.<\/p>\n<p>Lateinamerika ist nach einer brutalen Missionierung zu Kolonialzeiten ein weitgehend katholischer Kontinent. Rund 560 Millionen Menschen, knapp die H\u00e4lfte der gut 1,1 Milliarden Katholiken, leben s\u00fcdlich der USA.<\/p>\n<p>Zwar ist der Anteil von Katholiken an der Gesamtbev\u00f6lkerung nirgends so hoch. Doch gerade in Mittelamerika haben in den vergangenen Jahren evangelikale Sekten massiv an Einfluss gewonnen. In Staaten wie Guatemala konnten sie schon die H\u00e4lfte der Bev\u00f6lkerung f\u00fcr sich gewinnen. In S\u00fcdamerika wurde in Staaten wie Bolivien mit der Aufwertung indigener Kulturen und Traditionen die Macht der katholischen Kirche indirekt in Frage gestellt. In mehreren progressiv regierten Staaten der Region kam es in den vergangenen Jahren zudem zu heftigen Konflikten mit dem katholischen Klerus, der traditionell der postkolonialen Oligarchie nahesteht. Die Wahl Bergoglios d\u00fcrfte auch dem Versuch geschuldet sein, verlorenen Einfluss in Lateinamerika gutzumachen.<\/p>\n<p>Bergoglio ist der erste Jesuit an der Spitze des Vatikans. Der 76-j\u00e4hrige hat die meiste Zeit seines Lebens in Lateinamerika verbracht. Nachrichtenagenturen bezeichneten ihn am Mittwoch als &#8220;Modernisierer&#8221; der ehemals konservativen argentinischen Kirche.<br \/>\nSpenden f\u00fcr amerika21.de<\/p>\n<p>Unterst\u00fctzen Sie unabh\u00e4ngige Berichterstattung: Werden Sie Mitglied des F\u00f6rderkreises von amerika21.de oder spenden Sie, damit wir unsere Arbeit fortsetzen k\u00f6nnen. \u00bb mehr<\/p>\n<p>In dem s\u00fcdamerikanischen Land d\u00fcrften aber nicht alle Menschen erfreut \u00fcber die Wahl des Erzbischofs von Buenos Aires sein. In den vergangenen Jahren wurde Bergoglio mehrfach vorgeworfen, Kontakte zur Milit\u00e4rdiktatur (1976-1983) gepflegt zu haben. W\u00e4hrend der blutigen Herrschaft der Gener\u00e4le waren bis zu 30.000 tats\u00e4chliche oder vermeintliche Regimegegner ermordet worden. Wenige Tage vor der letzten Papstwahl 2005 war gegen Bergoglio sogar Anzeige erstattet worden, bislang aber ohne Ergebnis.<\/p>\n<p>Der Menschenrechtsanwalt Marcelo Parrilli hatte dem Kardinal vorgeworfen, im Jahr 1976 in die Entf\u00fchrung zweier Jesuitenpriester verwickelt gewesen zu sein. Die beiden Glaubensbr\u00fcder waren f\u00fcnf Monate nach ihrer Geiselnahme bet\u00e4ubt und halb nackt aufgefunden worden. Wie die argentinische Tageszeitung Pagina12 schreibt, war Bergoglio zu jener Zeit Leiter des Jesuitenordens in Argentinien. Er habe handfeste Konflikte mit Ordensmitgliedern gehabt, die sich der Demokratiebewegung gegen die Milit\u00e4rdiktatur angeschlossen hatten. Die beiden Entf\u00fchrungsopfer Franz Jalics und Orlando Yorio waren von ihm kurz vor der Entf\u00fchrung aus dem Orden ausgeschlossen worden. Gegen\u00fcber dem Ordensgeneral in Rom sagten sie sp\u00e4ter aus, sie seien von Bergoglio denunziert worden.<\/p>\n<p>Quelle: <a href=\"http:\/\/amerika21.de\/2013\/03\/81397\/papst-diktatur\" target=\"_blank\">http:\/\/amerika21.de\/2013\/03\/81397\/papst-diktatur<\/a><\/p>\n","protected":false},"excerpt":{"rendered":"<p>W\u00e4hrend der Herrschaft der Milit\u00e4rs soll Jorge Mario Bergoglio progressive Jesuiten denunziert haben. Anzeige blieb ohne Folgen <a href=\"https:\/\/www.lagota.ch\/?p=1744\">Continue reading <span class=\"meta-nav\">&rarr;<\/span><\/a><\/p>\n","protected":false},"author":1,"featured_media":0,"comment_status":"open","ping_status":"open","sticky":false,"template":"","format":"standard","meta":{"footnotes":""},"categories":[10,6],"tags":[503,501,499,500,502],"class_list":["post-1744","post","type-post","status-publish","format-standard","hentry","category-aus-aller-welt","category-news","tag-bergoglio","tag-erzbischof","tag-lateinamerika","tag-papst","tag-ratzinger"],"_links":{"self":[{"href":"https:\/\/www.lagota.ch\/index.php?rest_route=\/wp\/v2\/posts\/1744","targetHints":{"allow":["GET"]}}],"collection":[{"href":"https:\/\/www.lagota.ch\/index.php?rest_route=\/wp\/v2\/posts"}],"about":[{"href":"https:\/\/www.lagota.ch\/index.php?rest_route=\/wp\/v2\/types\/post"}],"author":[{"embeddable":true,"href":"https:\/\/www.lagota.ch\/index.php?rest_route=\/wp\/v2\/users\/1"}],"replies":[{"embeddable":true,"href":"https:\/\/www.lagota.ch\/index.php?rest_route=%2Fwp%2Fv2%2Fcomments&post=1744"}],"version-history":[{"count":1,"href":"https:\/\/www.lagota.ch\/index.php?rest_route=\/wp\/v2\/posts\/1744\/revisions"}],"predecessor-version":[{"id":1746,"href":"https:\/\/www.lagota.ch\/index.php?rest_route=\/wp\/v2\/posts\/1744\/revisions\/1746"}],"wp:attachment":[{"href":"https:\/\/www.lagota.ch\/index.php?rest_route=%2Fwp%2Fv2%2Fmedia&parent=1744"}],"wp:term":[{"taxonomy":"category","embeddable":true,"href":"https:\/\/www.lagota.ch\/index.php?rest_route=%2Fwp%2Fv2%2Fcategories&post=1744"},{"taxonomy":"post_tag","embeddable":true,"href":"https:\/\/www.lagota.ch\/index.php?rest_route=%2Fwp%2Fv2%2Ftags&post=1744"}],"curies":[{"name":"wp","href":"https:\/\/api.w.org\/{rel}","templated":true}]}}