{"id":1772,"date":"2013-05-06T10:38:57","date_gmt":"2013-05-06T09:38:57","guid":{"rendered":"http:\/\/www.lagota.ch\/?p=1772"},"modified":"2013-05-06T10:38:57","modified_gmt":"2013-05-06T09:38:57","slug":"ein-paar-eindrucke-vom-strassenfest","status":"publish","type":"post","link":"https:\/\/www.lagota.ch\/?p=1772","title":{"rendered":"Ein Paar Eindr\u00fccke vom Strassenfest"},"content":{"rendered":"<p>Leider ist das Strassenfest schon wieder vorbei, sniff&#8230;. Daf\u00fcr freuen wir uns jetzt schon auf n\u00e4chstes Jahr.<\/p>\n<p>Danke an die unz\u00e4hligen HelferInnen, OrganisatorInnen, RednerInnen, Bands, DJs, Poeten, Rappers, Barkeepers, K\u00f6che,&#8230;<\/p>\n<p>Hier ein Paar Fotos:<\/p>\n<p><a href=\"https:\/\/www.lagota.ch\/wp-content\/uploads\/demobild2.jpg\"><img loading=\"lazy\" decoding=\"async\" class=\"alignleft size-large wp-image-1774\" title=\"demobild2\" src=\"https:\/\/www.lagota.ch\/wp-content\/uploads\/demobild2-1024x768.jpg\" alt=\"\" width=\"513\" height=\"382\" \/><\/a><\/p>\n<p><a href=\"https:\/\/www.lagota.ch\/wp-content\/uploads\/demobild1.jpg\"><img loading=\"lazy\" decoding=\"async\" class=\"alignleft size-large wp-image-1775\" title=\"demobild\" src=\"https:\/\/www.lagota.ch\/wp-content\/uploads\/demobild1-1024x768.jpg\" alt=\"\" width=\"511\" height=\"382\" srcset=\"https:\/\/www.lagota.ch\/wp-content\/uploads\/demobild1-1024x768.jpg 1024w, https:\/\/www.lagota.ch\/wp-content\/uploads\/demobild1-300x225.jpg 300w, https:\/\/www.lagota.ch\/wp-content\/uploads\/demobild1.jpg 1536w\" sizes=\"auto, (max-width: 511px) 100vw, 511px\" \/><\/a><\/p>\n<p><a href=\"https:\/\/www.lagota.ch\/wp-content\/uploads\/wuzztazz6hertensteinstrasse.jpg\"><img loading=\"lazy\" decoding=\"async\" class=\"alignleft size-full wp-image-1776\" title=\"wuzztazz6hertensteinstrasse\" src=\"https:\/\/www.lagota.ch\/wp-content\/uploads\/wuzztazz6hertensteinstrasse.jpg\" alt=\"\" width=\"539\" height=\"717\" \/><\/a><\/p>\n","protected":false},"excerpt":{"rendered":"<p>Leider ist das Strassenfest schon wieder vorbei, sniff&#8230;. Daf\u00fcr freuen wir uns jetzt schon auf n\u00e4chstes Jahr.<\/p>\n<p>Danke an die unz\u00e4hligen HelferInnen, OrganisatorInnen, RednerInnen, Bands, DJs, Poeten, Rappers, Barkeepers, K\u00f6che,&#8230;<\/p>\n<p>Hier ein Paar Fotos: <a href=\"https:\/\/www.lagota.ch\/?p=1772\">Continue reading <span class=\"meta-nav\">&rarr;<\/span><\/a><\/p>\n","protected":false},"author":1,"featured_media":0,"comment_status":"open","ping_status":"open","sticky":false,"template":"","format":"standard","meta":{"footnotes":""},"categories":[3,6,16,18],"tags":[512],"class_list":["post-1772","post","type-post","status-publish","format-standard","hentry","category-lagota","category-news","category-schweiz","category-squat-the-world","tag-strassenfest-luzern"],"_links":{"self":[{"href":"https:\/\/www.lagota.ch\/index.php?rest_route=\/wp\/v2\/posts\/1772","targetHints":{"allow":["GET"]}}],"collection":[{"href":"https:\/\/www.lagota.ch\/index.php?rest_route=\/wp\/v2\/posts"}],"about":[{"href":"https:\/\/www.lagota.ch\/index.php?rest_route=\/wp\/v2\/types\/post"}],"author":[{"embeddable":true,"href":"https:\/\/www.lagota.ch\/index.php?rest_route=\/wp\/v2\/users\/1"}],"replies":[{"embeddable":true,"href":"https:\/\/www.lagota.ch\/index.php?rest_route=%2Fwp%2Fv2%2Fcomments&post=1772"}],"version-history":[{"count":2,"href":"https:\/\/www.lagota.ch\/index.php?rest_route=\/wp\/v2\/posts\/1772\/revisions"}],"predecessor-version":[{"id":1778,"href":"https:\/\/www.lagota.ch\/index.php?rest_route=\/wp\/v2\/posts\/1772\/revisions\/1778"}],"wp:attachment":[{"href":"https:\/\/www.lagota.ch\/index.php?rest_route=%2Fwp%2Fv2%2Fmedia&parent=1772"}],"wp:term":[{"taxonomy":"category","embeddable":true,"href":"https:\/\/www.lagota.ch\/index.php?rest_route=%2Fwp%2Fv2%2Fcategories&post=1772"},{"taxonomy":"post_tag","embeddable":true,"href":"https:\/\/www.lagota.ch\/index.php?rest_route=%2Fwp%2Fv2%2Ftags&post=1772"}],"curies":[{"name":"wp","href":"https:\/\/api.w.org\/{rel}","templated":true}]}}