{"id":1783,"date":"2013-05-10T19:36:37","date_gmt":"2013-05-10T18:36:37","guid":{"rendered":"http:\/\/www.lagota.ch\/?p=1783"},"modified":"2013-05-10T19:36:37","modified_gmt":"2013-05-10T18:36:37","slug":"diverse-meldungen-aus-www-hans-stutz-ch","status":"publish","type":"post","link":"https:\/\/www.lagota.ch\/?p=1783","title":{"rendered":"Diverse Meldungen aus www.hans-stutz.ch"},"content":{"rendered":"<p>Unbekannter Ort, 26. April 2013<br \/>\nDie Partei National Orientierter Schweizer PNOS l\u00e4dt zu ihrer j\u00e4hrlichen Generalversammlung. Der Tagungsort ist unbekannt, auch \u00fcber die Anzahl Teilnehmer l\u00e4sst der Sitzungsbericht nichts verlauten. Er erw\u00e4hnt allerdings, dass ein bekannter deutscher Rechtsextremer aufgetreten ist: Olaf Rose, 54j\u00e4hrig und Historiker. Rose engagiert sich seit vielen Jahren f\u00fcr die Nationaldemokratische Partei Deutschland NPD. Er habe, so berichtet die PNOS, die &#8220;Arbeit der NPD&#8221; beschrieben und von den &#8220;desolaten Verh\u00e4ltnissen in der BRD&#8221; erz\u00e4hlt. In Wirklichkeit, befindet sich die NPD auf dem Weg in die Bedeutungslosigkeit. Nicht weil sie von einem Parteiverbot bedroht ist, sondern weil sie durch interne Auseinandersetzungen gel\u00e4hmt ist und Mitglieder verliert, vor allem auch Militante aus rechtsextremen Subkulturen. PNOS-Gast Rose, der sich immer wieder f\u00fcr eine Rehabilitation des Hitler-Stellvertreters Rudof Hess engagiert, sitzt f\u00fcr die NPD im Parlament der s\u00e4chsischen Kleinstadt Pirna. Im vergangenen Jahr kandidierte er f\u00fcr das Amt des Bundespr\u00e4sidenten. Er erhielt in der Bundesversammlung von 1228 abgegebenen g\u00fcltigen Stimmen gerade einmal jene drei der NPD-Abgeordneten.<\/p>\n<p>Lausanne, 21. April 2013<\/p>\n<p>Ein Schweizer \u00e4thiopischer Herkunft und sein nigerianischer Kollege wollen den Club &#8220;Buzz&#8221; besuchen, ein T\u00fcrsteher verweigert ihnen den Zutritt, zuerst unter dem Vorwand, das Lokal sei voll, obwohl die T\u00fcrstehern anderen BesucherInnen Einlass gew\u00e4hren, und sp\u00e4ter mit der Begr\u00fcndung, Afrikaner seien nicht erw\u00fcnscht, da sie Dealer seien und das Nachtleben st\u00f6ren w\u00fcrden. Gegen\u00fcber der Gratiszeitung&#8221;20minutes&#8221; behauptet ein Club-Sprecher sp\u00e4ter, es sei die erste derartige Klage in zehn Jahren und es k\u00f6nne sich nur um ungl\u00fcckliche Umst\u00e4nde handeln. Der &#8220;20minutes&#8221;-Redaktor senegalesischer Herkunft besucht daraufhin rund zwei Wochen sp\u00e4ter &#8211; zusammen mit einem Kollege, ebenfalls senegalesischer Herkunft &#8211; den Club &#8220;Buzz&#8221;. Auch ihnen wird der Einlass verwehrt, da eine Einladung notwendig sei, andere Personen hingegen k\u00f6nnen ohne Kontrolle eintreten. Als der Journalist eine Erkl\u00e4rung verlangt, dr\u00e4ngt ihn der T\u00fcrsteher gewaltsam zur\u00fcck und tritt ihm auch gegen das Schienbein. Als der Journalist den Ort fotografiert, erh\u00e4lt er vom T\u00fcrsteher noch einen Schlag ins Genick und muss sich die Verw\u00fcnschung anh\u00f6ren: &#8220;Dir werde ich es zeigen!&#8221; (Je vais te d\u00e9monter!)<br \/>\nDie Recherche von &#8220;20minuten&#8221; verdient Lob und Anerkennung. Der Journalist begn\u00fcgt sich nicht mit der (im \u00fcbrigen voraussehbaren) Erkl\u00e4rung des Club-Betreibers, sondern spielt die von der Auskunftsperson erw\u00e4hnte Diskriminierung nochmals durch, diesmal mit einem entlarvenden Resultat.<\/p>\n","protected":false},"excerpt":{"rendered":"<p>Unbekannter Ort, 26. April 2013<br \/>\nDie Partei National Orientierter Schweizer PNOS l\u00e4dt zu ihrer j\u00e4hrlichen Generalversammlung. Der Tagungsort ist unbekannt, auch \u00fcber die Anzahl Teilnehmer l\u00e4sst der Sitzungsbericht nichts verlauten. Er erw\u00e4hnt allerdings, dass ein bekannter deutscher Rechtsextremer aufgetreten ist: Olaf Rose, 54j\u00e4hrig und Historiker. Rose engagiert sich seit vielen Jahren f\u00fcr die Nationaldemokratische Partei Deutschland NPD. Er habe, so berichtet die PNOS, die &#8220;Arbeit der NPD&#8221; beschrieben und von den &#8220;desolaten Verh\u00e4ltnissen in der BRD&#8221; erz\u00e4hlt. In Wirklichkeit, befindet sich die NPD auf dem Weg in die Bedeutungslosigkeit. Nicht weil sie von einem Parteiverbot bedroht ist, sondern weil sie durch interne Auseinandersetzungen gel\u00e4hmt ist und Mitglieder verliert, vor allem auch Militante aus rechtsextremen Subkulturen. <a href=\"https:\/\/www.lagota.ch\/?p=1783\">Continue reading <span class=\"meta-nav\">&rarr;<\/span><\/a><\/p>\n","protected":false},"author":1,"featured_media":0,"comment_status":"open","ping_status":"open","sticky":false,"template":"","format":"standard","meta":{"footnotes":""},"categories":[13,16],"tags":[518,515,516,517,307,178],"class_list":["post-1783","post","type-post","status-publish","format-standard","hentry","category-antifa","category-schweiz","tag-buzz","tag-lausanne","tag-npd","tag-olaf-rose","tag-pnos","tag-rechtsextreme"],"_links":{"self":[{"href":"https:\/\/www.lagota.ch\/index.php?rest_route=\/wp\/v2\/posts\/1783","targetHints":{"allow":["GET"]}}],"collection":[{"href":"https:\/\/www.lagota.ch\/index.php?rest_route=\/wp\/v2\/posts"}],"about":[{"href":"https:\/\/www.lagota.ch\/index.php?rest_route=\/wp\/v2\/types\/post"}],"author":[{"embeddable":true,"href":"https:\/\/www.lagota.ch\/index.php?rest_route=\/wp\/v2\/users\/1"}],"replies":[{"embeddable":true,"href":"https:\/\/www.lagota.ch\/index.php?rest_route=%2Fwp%2Fv2%2Fcomments&post=1783"}],"version-history":[{"count":1,"href":"https:\/\/www.lagota.ch\/index.php?rest_route=\/wp\/v2\/posts\/1783\/revisions"}],"predecessor-version":[{"id":1784,"href":"https:\/\/www.lagota.ch\/index.php?rest_route=\/wp\/v2\/posts\/1783\/revisions\/1784"}],"wp:attachment":[{"href":"https:\/\/www.lagota.ch\/index.php?rest_route=%2Fwp%2Fv2%2Fmedia&parent=1783"}],"wp:term":[{"taxonomy":"category","embeddable":true,"href":"https:\/\/www.lagota.ch\/index.php?rest_route=%2Fwp%2Fv2%2Fcategories&post=1783"},{"taxonomy":"post_tag","embeddable":true,"href":"https:\/\/www.lagota.ch\/index.php?rest_route=%2Fwp%2Fv2%2Ftags&post=1783"}],"curies":[{"name":"wp","href":"https:\/\/api.w.org\/{rel}","templated":true}]}}