{"id":1804,"date":"2013-05-31T17:56:55","date_gmt":"2013-05-31T16:56:55","guid":{"rendered":"http:\/\/www.lagota.ch\/?p=1804"},"modified":"2013-05-31T17:56:55","modified_gmt":"2013-05-31T16:56:55","slug":"fur-polizeikosten-bei-demos-mussen-nicht-veranstalter-zahlen","status":"publish","type":"post","link":"https:\/\/www.lagota.ch\/?p=1804","title":{"rendered":"F\u00fcr Polizeikosten bei Demos m\u00fcssen nicht Veranstalter zahlen"},"content":{"rendered":"<p><strong>Die Luzerner Regierung darf die Kosten von Polizeieins\u00e4tzen bei politischen Demonstrationen nicht auf die Veranstalter abw\u00e4lzen. Das Luzerner Verwaltungsgericht gibt Kritikern Recht und hebt die entsprechende Verordnung auf. Sie schr\u00e4nke das Grundrecht auf eine freie Meinungs\u00e4usserung ein. Die Luzerner Regierung darf die Kosten von Polizeieins\u00e4tzen bei politischen Demonstrationen nicht auf die Veranstalter abw\u00e4lzen. Das Luzerner Verwaltungsgericht gibt Kritikern Recht und hebt die entsprechende Verordnung auf. Sie schr\u00e4nke das Grundrecht auf eine freie Meinungs\u00e4usserung ein. <\/strong><\/p>\n<p>Gegen die Polizeiverordnung hatten sich Demokratische Juristen, SP,  Gr\u00fcne und Gewerkschaften vor dem Verwaltungsgericht gewehrt. Wenn die  Veranstalter von Demonstrationen mit sehr hohen Kosten f\u00fcr einen  Polizeieinsatz rechnen m\u00fcssten, werde die verfassungsm\u00e4ssig garantierte  Versammlungs- und Meinungs\u00e4usserungsfreiheit eingeschr\u00e4nkt, so ihre  Kritik.<\/p>\n<p>Das Luzerner Verwaltungsgericht gibt ihnen in seinem Urteil Recht:  Solche Verwaltungsgeb\u00fchren bei politischen Veranstaltungen, die den  Grundrechtsschutz geniessen, seien \u00abim Ansatz heikel\u00bb und k\u00f6nnten \u00abdie  Grundrechtsaus\u00fcbung geradezu vereiteln\u00bb. Das Gericht kritisiert  insbesondere, dass die Verordnung nicht genau festlegt, wie hoch die  Geb\u00fchren ausfallen k\u00f6nnen und wer genau die Geb\u00fchren bezahlen m\u00fcsste.  Damit werde der Abschreckungseffekt verst\u00e4rkt.<\/p>\n<p>Peter Wicki, Pr\u00e4sident der Demokratischen Juristen Luzern, freut sich  \u00fcber den Entscheid. Die zust\u00e4ndige Justizdirektorin Yvonne Sch\u00e4rli  dagegen erkl\u00e4rt, sie sei nicht v\u00f6llig \u00fcberrascht. Die Regierung werde  jetzt kl\u00e4ren, ob es m\u00f6glich sei, das Anliegen in ein  verfassungskonformes Gesetz zu giessen oder ob man auf die Idee ganz  verzichte.<\/p>\n<p>Quelle: <a href=\"http:\/\/www.srf.ch\/news\/regional\/zentralschweiz\/fuer-polizeikosten-bei-demos-muessen-nicht-veranstalter-zahlen\">http:\/\/www.srf.ch\/news\/regional\/zentralschweiz\/fuer-polizeikosten-bei-demos-muessen-nicht-veranstalter-zahlen<\/a><\/p>\n","protected":false},"excerpt":{"rendered":"<p>Die Luzerner Regierung darf die Kosten von Polizeieins\u00e4tzen bei politischen Demonstrationen nicht auf die Veranstalter abw\u00e4lzen. Das Luzerner Verwaltungsgericht gibt Kritikern Recht und hebt die entsprechende Verordnung auf. Sie schr\u00e4nke das Grundrecht auf eine freie Meinungs\u00e4usserung ein. Die Luzerner Regierung darf die Kosten von Polizeieins\u00e4tzen bei politischen Demonstrationen nicht auf die Veranstalter abw\u00e4lzen. Das Luzerner Verwaltungsgericht gibt Kritikern Recht und hebt die entsprechende Verordnung auf. Sie schr\u00e4nke das Grundrecht auf eine freie Meinungs\u00e4usserung ein.  <a href=\"https:\/\/www.lagota.ch\/?p=1804\">Continue reading <span class=\"meta-nav\">&rarr;<\/span><\/a><\/p>\n","protected":false},"author":1,"featured_media":0,"comment_status":"open","ping_status":"open","sticky":false,"template":"","format":"standard","meta":{"footnotes":""},"categories":[3,11,6,16],"tags":[276,528,529,531,527,530],"class_list":["post-1804","post","type-post","status-publish","format-standard","hentry","category-lagota","category-luzern","category-news","category-schweiz","tag-demonstrationen","tag-grundrecht","tag-meinungsausserung","tag-polizeieinsatze","tag-veranstalter","tag-verwaltungsgericht"],"_links":{"self":[{"href":"https:\/\/www.lagota.ch\/index.php?rest_route=\/wp\/v2\/posts\/1804","targetHints":{"allow":["GET"]}}],"collection":[{"href":"https:\/\/www.lagota.ch\/index.php?rest_route=\/wp\/v2\/posts"}],"about":[{"href":"https:\/\/www.lagota.ch\/index.php?rest_route=\/wp\/v2\/types\/post"}],"author":[{"embeddable":true,"href":"https:\/\/www.lagota.ch\/index.php?rest_route=\/wp\/v2\/users\/1"}],"replies":[{"embeddable":true,"href":"https:\/\/www.lagota.ch\/index.php?rest_route=%2Fwp%2Fv2%2Fcomments&post=1804"}],"version-history":[{"count":2,"href":"https:\/\/www.lagota.ch\/index.php?rest_route=\/wp\/v2\/posts\/1804\/revisions"}],"predecessor-version":[{"id":1806,"href":"https:\/\/www.lagota.ch\/index.php?rest_route=\/wp\/v2\/posts\/1804\/revisions\/1806"}],"wp:attachment":[{"href":"https:\/\/www.lagota.ch\/index.php?rest_route=%2Fwp%2Fv2%2Fmedia&parent=1804"}],"wp:term":[{"taxonomy":"category","embeddable":true,"href":"https:\/\/www.lagota.ch\/index.php?rest_route=%2Fwp%2Fv2%2Fcategories&post=1804"},{"taxonomy":"post_tag","embeddable":true,"href":"https:\/\/www.lagota.ch\/index.php?rest_route=%2Fwp%2Fv2%2Ftags&post=1804"}],"curies":[{"name":"wp","href":"https:\/\/api.w.org\/{rel}","templated":true}]}}