{"id":1815,"date":"2013-06-10T12:54:59","date_gmt":"2013-06-10T11:54:59","guid":{"rendered":"http:\/\/www.lagota.ch\/?p=1815"},"modified":"2013-06-10T12:54:59","modified_gmt":"2013-06-10T11:54:59","slug":"wie-in-istanbul-so-auch-hier-gummischrot-und-wasserwerfer-gegen-friedliche-demo-in-zurich","status":"publish","type":"post","link":"https:\/\/www.lagota.ch\/?p=1815","title":{"rendered":"Wie in Istanbul, so auch hier: Gummischrot und Wasserwerfer gegen friedliche Demo in Z\u00fcrich"},"content":{"rendered":"<p><strong>Mit Gummischrot und Wasserwerfer hat die Stadtpolizei Z\u00fcrich am  Sonntagabend eine spontane Protestdemo gegen die vom Schweizer Stimmvolk  beschlossene Asylgesetzversch\u00e4rfung verhindert. Dabei ging von den  Demonstrierenden keinerlei Aggression aus. Die ASZ protestiert scharf  gegen diese Verletzung demokratischer Grundrechte.<\/p>\n<p><\/strong><\/p>\n<p>Circa 200 Personen versammelten sich am Sonntagabend friedlich auf  dem Helvetiaplatz in Z\u00fcrich. Sie protestierten gegen die vom Schweizer  Stimmvolk mit erschreckender Deutlichkeit angenommene  Asylgesetzversch\u00e4rfung. Einmal mehr m\u00fcssen die Asylsuchenden als  S\u00fcndenb\u00f6cke f\u00fcr alle m\u00f6glichen sozialen Probleme herhalten. Schon bald  sahen sich die Protestierenden von einem massiven Polizeiaufgebot  umzingelt.<\/p>\n<p><strong>Gewalt gegen Personen und Sachen &#8211; durch die Polizei<\/strong><\/p>\n<p>Als sich der Demonstrationszug in Bewegung setzte, reagierte die  Polizei sofort mit dem Einsatz von Gummischrot und Wasserwerfer.  Mindestens zwei Personen wurden verhaftet. Die Protestierenden sammelten  sich daraufhin wieder auf dem Helvetiaplatz und skandierten Slogans  gegen die Polizei und die rassistische Migrationspolitik der Schweiz.  Einige Polizisten schlugen w\u00e4hrenddessen auf das den Protestierenden  entwendete Soundsystem ein und zerst\u00f6rten es. Dabei kam es w\u00e4hrend des  gesamten Protests von Seiten der Protestierenden zu keinerlei Gewalt.<\/p>\n<p><strong>Taksim ist \u00fcberall<\/strong><\/p>\n<p>Der Slogan \u201eTaksim ist \u00fcberall\u201c, der weltweit an  Solidarit\u00e4tskundgebung mit den Protesten in der T\u00fcrkei skandiert wird,  hat sich heute in Z\u00fcrich auf eine etwas andere Art best\u00e4tigt: Nicht nur  in der T\u00fcrkei, auch in der Schweiz geht die Polizei mit  unverh\u00e4ltnism\u00e4ssiger Gewalt gegen friedliche Demonstrationen vor.<\/p>\n<p><strong>Beschneidung der Grundrechte<\/strong><\/p>\n<p>Der Polizeieinsatz von heute war fehl am Platz und total unbegr\u00fcndet.  Zum wiederholten Mal in den letzten Monaten geht die Polizei auf  \u00e4usserst repressive Weise gegen eine friedliche Demonstration vor und  beschneidet so das Recht auf freie \u00f6ffentliche Meinungs\u00e4usserung massiv.<\/p>\n<p>Quelle: <a href=\"http:\/\/www.bildung-fuer-alle.ch\/artikel\/wie-istanbul-so-auch-hier-gummischrot-und-wasserwerfer-gegen-friedliche-demo-z%C3%BCrich\">http:\/\/www.bildung-fuer-alle.ch\/artikel\/wie-istanbul-so-auch-hier-gummischrot-und-wasserwerfer-gegen-friedliche-demo-z%C3%BCrich<\/a><\/p>\n","protected":false},"excerpt":{"rendered":"<p>Mit Gummischrot und Wasserwerfer hat die Stadtpolizei Z\u00fcrich am Sonntagabend eine spontane Protestdemo gegen die vom Schweizer Stimmvolk beschlossene Asylgesetzversch\u00e4rfung verhindert. Dabei ging von den Demonstrierenden keinerlei Aggression aus. Die ASZ protestiert scharf gegen diese Verletzung demokratischer Grundrechte. <a href=\"https:\/\/www.lagota.ch\/?p=1815\">Continue reading <span class=\"meta-nav\">&rarr;<\/span><\/a><\/p>\n","protected":false},"author":1,"featured_media":0,"comment_status":"open","ping_status":"open","sticky":false,"template":"","format":"standard","meta":{"footnotes":""},"categories":[13,49,8,6,16,18],"tags":[429,534,103,121],"class_list":["post-1815","post","type-post","status-publish","format-standard","hentry","category-antifa","category-antirep","category-ausschaffungsinitiative","category-news","category-schweiz","category-squat-the-world","tag-asylgesetzverscharfung","tag-grundrechte","tag-rassismus","tag-zurich"],"_links":{"self":[{"href":"https:\/\/www.lagota.ch\/index.php?rest_route=\/wp\/v2\/posts\/1815","targetHints":{"allow":["GET"]}}],"collection":[{"href":"https:\/\/www.lagota.ch\/index.php?rest_route=\/wp\/v2\/posts"}],"about":[{"href":"https:\/\/www.lagota.ch\/index.php?rest_route=\/wp\/v2\/types\/post"}],"author":[{"embeddable":true,"href":"https:\/\/www.lagota.ch\/index.php?rest_route=\/wp\/v2\/users\/1"}],"replies":[{"embeddable":true,"href":"https:\/\/www.lagota.ch\/index.php?rest_route=%2Fwp%2Fv2%2Fcomments&post=1815"}],"version-history":[{"count":2,"href":"https:\/\/www.lagota.ch\/index.php?rest_route=\/wp\/v2\/posts\/1815\/revisions"}],"predecessor-version":[{"id":1817,"href":"https:\/\/www.lagota.ch\/index.php?rest_route=\/wp\/v2\/posts\/1815\/revisions\/1817"}],"wp:attachment":[{"href":"https:\/\/www.lagota.ch\/index.php?rest_route=%2Fwp%2Fv2%2Fmedia&parent=1815"}],"wp:term":[{"taxonomy":"category","embeddable":true,"href":"https:\/\/www.lagota.ch\/index.php?rest_route=%2Fwp%2Fv2%2Fcategories&post=1815"},{"taxonomy":"post_tag","embeddable":true,"href":"https:\/\/www.lagota.ch\/index.php?rest_route=%2Fwp%2Fv2%2Ftags&post=1815"}],"curies":[{"name":"wp","href":"https:\/\/api.w.org\/{rel}","templated":true}]}}