{"id":1839,"date":"2013-07-06T12:29:07","date_gmt":"2013-07-06T11:29:07","guid":{"rendered":"http:\/\/www.lagota.ch\/?p=1839"},"modified":"2013-07-06T12:29:07","modified_gmt":"2013-07-06T11:29:07","slug":"freiheit-fur-georges-ibrahim-abdallah-und-alle-politischen-gefangenen-weltweit","status":"publish","type":"post","link":"https:\/\/www.lagota.ch\/?p=1839","title":{"rendered":"Freiheit f\u00fcr Georges Ibrahim Abdallah und alle politischen Gefangenen weltweit!"},"content":{"rendered":"<p><strong><a href=\"https:\/\/www.lagota.ch\/wp-content\/uploads\/international.gif\"><img loading=\"lazy\" decoding=\"async\" class=\"alignleft size-medium wp-image-1840\" title=\"international\" src=\"https:\/\/www.lagota.ch\/wp-content\/uploads\/international-300x213.gif\" alt=\"\" width=\"300\" height=\"213\" srcset=\"https:\/\/www.lagota.ch\/wp-content\/uploads\/international-300x213.gif 300w, https:\/\/www.lagota.ch\/wp-content\/uploads\/international.gif 1000w\" sizes=\"auto, (max-width: 300px) 100vw, 300px\" \/><\/a>Georges Ibrahim Abdallah<\/strong> ist ein libanesischer  kommunistischer Aktivist. Er wurde 1984 in Lyon festgenommen. Erst 1987  wurde er zu einer lebenslangen Freiheitsstrafe verurteilt. Seit 14  Jahren ist nun seine offizielle Haftzeit zu Ende, seitdem k\u00e4mpft er  unerbittlich f\u00fcr seine Entlassung, bisher hat er neun Antr\u00e4ge hierzu  gestellt. Zuletzt wurde ihm durch einen Richterspruch Hoffnung gemacht,  der seine Freilassung bewirken sollte. Dieser wurde jedoch durch  verschiedene Instanzen Frankreichs angefochten, auch auf Grund des  international wachsenden Drucks durch Amerika und Israel. Sie \u00e4u\u00dferten  \u201cernsthafte Bedenken, dass er auf das Schlachtfeld zur\u00fcckkehren k\u00f6nnte.\u201d<\/p>\n<p><strong>Georges Ibrahim Abdallah k\u00e4mpfte an der Seite des pal\u00e4stinensischen Volkes<\/strong>!<\/p>\n<p>Angeklagt wurde er urspr\u00fcnglich wegen Besitz von gef\u00e4lschten Papieren  und Waffen. Warum er sich nach 29 Jahren immer noch in Haft befindet,  wird damit begr\u00fcndet, dass er Gr\u00fcnder der Fractions Arm\u00e9es  R\u00e9volutionaires Libanaises (FARL) sei und an der Planung von militanten  Aktionen beteiligt gewesen sein soll \u2013 aber vor allem, dass \u201esein Wille  und seine Ideologie immer noch nicht gebrochen\u201c seien!<\/p>\n<p>Georges ist dabei nur ein Beispiel f\u00fcr zahlreiche revolution\u00e4re  Gefangene, , die zum Teil Jahrzehnte hinter Gittern verbringen, weil sie  in ihren revolution\u00e4ren Identit\u00e4ten ungebrochen sind und sich weiterhin  als Revolution\u00e4re verhalten. Die Inhaftierung reiht sich dabei ein in  die systematische Unterdr\u00fcckung linker Befreiungsbewegungen weltweit.<\/p>\n<p>Die Ungebrochenheit dieser Gefangenen und der Ausdruck ihres Kampfes,  dass Widerstand nicht nur notwendig, sondern auch machbar ist, darf  nicht aus den Kn\u00e4sten entlassen werden, wo sie wieder Teil der Bewegung  werden k\u00f6nnten.<\/p>\n<p><strong>Solidarisieren wir uns mit Georges Ibrahim Abdallah und den  ungebrochenen, revolution\u00e4ren Langzeitgefangenen und erk\u00e4mpfen wir  gemeinsam mit ihnen ihre Freiheit!<\/strong><\/p>\n<p><strong>Freiheit f\u00fcr alle politischen Gefangenen!<\/p>\n<p>Quelle: <\/strong>http:\/\/www.aufbau.org\/index.php\/rote-hilfe-mainmenu-21\/gefangene-mainmenu-22\/1521-aufruf-zu-internationalen-aktionstagen-fuer-georges-ibrahim-abdallah-am-5-6-juli-2013<\/p>\n","protected":false},"excerpt":{"rendered":"<p>Georges Ibrahim Abdallah ist ein libanesischer kommunistischer Aktivist. Er wurde 1984 in Lyon festgenommen. Erst 1987 wurde er zu einer lebenslangen Freiheitsstrafe verurteilt. Seit 14 Jahren ist nun seine offizielle Haftzeit zu Ende, seitdem k\u00e4mpft er unerbittlich f\u00fcr seine Entlassung, bisher hat er neun Antr\u00e4ge hierzu gestellt. Zuletzt wurde ihm durch einen Richterspruch Hoffnung gemacht, der seine Freilassung bewirken sollte. Dieser wurde jedoch durch verschiedene Instanzen Frankreichs angefochten, auch auf Grund des international wachsenden Drucks durch Amerika und Israel. Sie \u00e4u\u00dferten \u201cernsthafte Bedenken, dass er auf das Schlachtfeld zur\u00fcckkehren k\u00f6nnte.\u201d  <a href=\"https:\/\/www.lagota.ch\/?p=1839\">Continue reading <span class=\"meta-nav\">&rarr;<\/span><\/a><\/p>\n","protected":false},"author":1,"featured_media":0,"comment_status":"open","ping_status":"open","sticky":false,"template":"","format":"standard","meta":{"footnotes":""},"categories":[49,10,172,6],"tags":[],"class_list":["post-1839","post","type-post","status-publish","format-standard","hentry","category-antirep","category-aus-aller-welt","category-gefangeneninfos","category-news"],"_links":{"self":[{"href":"https:\/\/www.lagota.ch\/index.php?rest_route=\/wp\/v2\/posts\/1839","targetHints":{"allow":["GET"]}}],"collection":[{"href":"https:\/\/www.lagota.ch\/index.php?rest_route=\/wp\/v2\/posts"}],"about":[{"href":"https:\/\/www.lagota.ch\/index.php?rest_route=\/wp\/v2\/types\/post"}],"author":[{"embeddable":true,"href":"https:\/\/www.lagota.ch\/index.php?rest_route=\/wp\/v2\/users\/1"}],"replies":[{"embeddable":true,"href":"https:\/\/www.lagota.ch\/index.php?rest_route=%2Fwp%2Fv2%2Fcomments&post=1839"}],"version-history":[{"count":2,"href":"https:\/\/www.lagota.ch\/index.php?rest_route=\/wp\/v2\/posts\/1839\/revisions"}],"predecessor-version":[{"id":1842,"href":"https:\/\/www.lagota.ch\/index.php?rest_route=\/wp\/v2\/posts\/1839\/revisions\/1842"}],"wp:attachment":[{"href":"https:\/\/www.lagota.ch\/index.php?rest_route=%2Fwp%2Fv2%2Fmedia&parent=1839"}],"wp:term":[{"taxonomy":"category","embeddable":true,"href":"https:\/\/www.lagota.ch\/index.php?rest_route=%2Fwp%2Fv2%2Fcategories&post=1839"},{"taxonomy":"post_tag","embeddable":true,"href":"https:\/\/www.lagota.ch\/index.php?rest_route=%2Fwp%2Fv2%2Ftags&post=1839"}],"curies":[{"name":"wp","href":"https:\/\/api.w.org\/{rel}","templated":true}]}}