{"id":1847,"date":"2013-07-23T09:49:09","date_gmt":"2013-07-23T08:49:09","guid":{"rendered":"http:\/\/www.lagota.ch\/?p=1847"},"modified":"2013-07-23T09:49:09","modified_gmt":"2013-07-23T08:49:09","slug":"dezentraler-aktionstag-in-aarau","status":"publish","type":"post","link":"https:\/\/www.lagota.ch\/?p=1847","title":{"rendered":"Dezentraler Aktionstag in Aarau"},"content":{"rendered":"<p>Am Samstag, 8. Juni 2013 fand in Aarau zum dritten Mal das N\u00e4chtliche  Tanzvergn\u00fcgen, eine \u00abReclaim the Streets\u00bb f\u00fcr autonome Freir\u00e4ume und  gegen die herrschenden Verh\u00e4ltnisse, statt. An diesem Abend nahmen sich  etwa 2000 Menschen den Raum, den sie dringend ben\u00f6tigen,ohne eine  Bewilligung daf\u00fcr einzuholen.<\/p>\n<p><a href=\"https:\/\/www.lagota.ch\/wp-content\/uploads\/reclaimthecity.jpg\"><img loading=\"lazy\" decoding=\"async\" class=\"alignleft size-medium wp-image-1848\" title=\"reclaimthecity\" src=\"https:\/\/www.lagota.ch\/wp-content\/uploads\/reclaimthecity-300x300.jpg\" alt=\"\" width=\"300\" height=\"300\" srcset=\"https:\/\/www.lagota.ch\/wp-content\/uploads\/reclaimthecity-300x300.jpg 300w, https:\/\/www.lagota.ch\/wp-content\/uploads\/reclaimthecity-150x150.jpg 150w, https:\/\/www.lagota.ch\/wp-content\/uploads\/reclaimthecity-1024x1024.jpg 1024w\" sizes=\"auto, (max-width: 300px) 100vw, 300px\" \/><\/a>Dank der krawallorientierten  Berichterstattung sogenannter Journalist_innen und wegen einer falschen  Einsch\u00e4tzung der Kantonspolizei waren am besagten Samstag 450  Polizist_innen, darunter auch welche aus den Kantonen Basel-Landschaft  und Bern sowie ein Wasserwerfer im Dienst. Dies verursachte laut den  Beh\u00f6rden Sicherheitskosten von Fr. 500\u2019000.-.<\/p>\n<p>Emp\u00f6rte  Steuerzahler_innen, Politiker_innen von Rechts bis Links und nicht  zuletzt auch oben genannte Medienschaffende forderten umgehend die  Abw\u00e4lzung der Sicherheitskosten auf die Organisator_innen.<\/p>\n<p>Das  darauf folgende juristische Gepl\u00e4nkel interessiert uns nicht. Es ist uns  egal, ob es gem\u00e4ss dem Aargauer Polizeigesetz erlaubt ist,  Sicherheitskosten f\u00fcr politische Anl\u00e4sse auf Organisator_innen zu  \u00fcbertragen oder ob sich dies aufgrund der Meinungsfreiheit nicht mit der  Bundesverfassung vertr\u00e4gt. Wir sehen ganz grunds\u00e4tzlich nicht ein,  weshalb wir uns an die Regeln einer Gesellschaft, die auf Ausbeutung,  Konkurrenz, Unterdr\u00fcckung, Machterhalt und Ausgrenzung funktioniert,  halten sollten.<\/p>\n<p>Deswegen wird es auch in Zukunft nicht klappen,  Aarau mit Drohungen und Strafen sauber, still und angepasst zu machen.  Wir werden uns nicht verkriechen um darauf zu warten, dass vielleicht  irgendwann irgendwelche Bussen eintreffen werden. Nein, wir werden auch  weiterhin den sogenannt \u00f6ffentlichen Raum \u2013 der immer mehr durch  wirtschaftliche Interessen, Reglementierungen, \u00dcberwachung und  Repression bestimmt wird \u2013 in Anspruch nehmen.<\/p>\n<p>Daher rufen wir  f\u00fcr den Samstag, 31. August 2013 zu einem dezentralen Aktionstag in  Aarau auf. Nehmt euch den \u00f6ffentlichen Raum zur\u00fcck: spielt, malt, kocht,  musiziert, besetzt, inszeniert, feiert\u2026 Lassen wir uns nicht  vorschreiben, wer unter welchen Bedingungen die Stadt nutzen darf. Kein  Einsch\u00fcchterungsversuch wird den Drang nach Freiheit und  Selbstbestimmung unterdr\u00fccken k\u00f6nnen.<\/p>\n<p><strong>Wir bleiben wild, wir bleiben lebendig und wir bleiben unbequem! <\/strong><br \/>\n<strong>Selbstverwaltete Freir\u00e4ume werden nicht erbettelt, sondern erk\u00e4mpft! <\/strong><\/p>\n<p>KAZ [Kampagne f\u00fcr ein autonomes Zentrum]<\/p>\n<p>Quelle:<a href=\"https:\/\/linksunten.indymedia.org\/de\/node\/90498\" target=\"_blank\"> https:\/\/linksunten.indymedia.org\/de\/node\/90498<\/a><\/p>\n","protected":false},"excerpt":{"rendered":"<p>Am Samstag, 8. Juni 2013 fand in Aarau zum dritten Mal das N\u00e4chtliche Tanzvergn\u00fcgen, eine \u00abReclaim the Streets\u00bb f\u00fcr autonome Freir\u00e4ume und gegen die herrschenden Verh\u00e4ltnisse, statt. An diesem Abend nahmen sich etwa 2000 Menschen den Raum, den sie dringend ben\u00f6tigen,ohne eine Bewilligung daf\u00fcr einzuholen. <a href=\"https:\/\/www.lagota.ch\/?p=1847\">Continue reading <span class=\"meta-nav\">&rarr;<\/span><\/a><\/p>\n","protected":false},"author":1,"featured_media":0,"comment_status":"open","ping_status":"open","sticky":false,"template":"","format":"standard","meta":{"footnotes":""},"categories":[49,10,16,18],"tags":[185,520,547,546,27],"class_list":["post-1847","post","type-post","status-publish","format-standard","hentry","category-antirep","category-aus-aller-welt","category-schweiz","category-squat-the-world","tag-aarau","tag-autonomes-zentrum","tag-kampagne","tag-reclaim-the-city","tag-repression"],"_links":{"self":[{"href":"https:\/\/www.lagota.ch\/index.php?rest_route=\/wp\/v2\/posts\/1847","targetHints":{"allow":["GET"]}}],"collection":[{"href":"https:\/\/www.lagota.ch\/index.php?rest_route=\/wp\/v2\/posts"}],"about":[{"href":"https:\/\/www.lagota.ch\/index.php?rest_route=\/wp\/v2\/types\/post"}],"author":[{"embeddable":true,"href":"https:\/\/www.lagota.ch\/index.php?rest_route=\/wp\/v2\/users\/1"}],"replies":[{"embeddable":true,"href":"https:\/\/www.lagota.ch\/index.php?rest_route=%2Fwp%2Fv2%2Fcomments&post=1847"}],"version-history":[{"count":1,"href":"https:\/\/www.lagota.ch\/index.php?rest_route=\/wp\/v2\/posts\/1847\/revisions"}],"predecessor-version":[{"id":1849,"href":"https:\/\/www.lagota.ch\/index.php?rest_route=\/wp\/v2\/posts\/1847\/revisions\/1849"}],"wp:attachment":[{"href":"https:\/\/www.lagota.ch\/index.php?rest_route=%2Fwp%2Fv2%2Fmedia&parent=1847"}],"wp:term":[{"taxonomy":"category","embeddable":true,"href":"https:\/\/www.lagota.ch\/index.php?rest_route=%2Fwp%2Fv2%2Fcategories&post=1847"},{"taxonomy":"post_tag","embeddable":true,"href":"https:\/\/www.lagota.ch\/index.php?rest_route=%2Fwp%2Fv2%2Ftags&post=1847"}],"curies":[{"name":"wp","href":"https:\/\/api.w.org\/{rel}","templated":true}]}}