{"id":1874,"date":"2013-08-24T14:38:29","date_gmt":"2013-08-24T13:38:29","guid":{"rendered":"http:\/\/www.lagota.ch\/?p=1874"},"modified":"2013-08-24T14:41:30","modified_gmt":"2013-08-24T13:41:30","slug":"schockierendes-video-zeigt-luzerner-prugel-polizisten","status":"publish","type":"post","link":"https:\/\/www.lagota.ch\/?p=1874","title":{"rendered":"Schockierendes Video zeigt Luzerner Pr\u00fcgel-Polizisten"},"content":{"rendered":"<p><strong>Ein Elitepolizist der Luzerner Polizei traktiert einen festgenommenen,  wehrlos am Boden liegenden rum\u00e4nischen Einbrecher mehrfach mit  Fusstritten gegen den Kopf. Was der Polizist nicht weiss: eine  \u00dcberwachungskamera filmt den Gewalt\u00fcbergriff. Das Video liegt der  \u00abRundschau\u00bb vor.<\/strong><\/p>\n<p>Zwei rum\u00e4nische Einbrecher dringen am 3. Juni 2013 kurz vor 4 Uhr  morgens in ein Uhrengesch\u00e4ft in Luzern ein. Bei der Luzerner Polizei  geht ein stiller Alarm los. Als die erste Patrouille am Tatort  eintrifft, fl\u00fcchtet der eine der beiden Einbrecher, ein 25-j\u00e4hriger  Rum\u00e4ne zur\u00fcck ins Geb\u00e4ude. Dort wird er festgenommen. So die Version der  Luzerner Polizei. Recherchen der \u00abRundschau\u00bb zeigen nun, was sich  tats\u00e4chlich zugetragen hat. Ein 29-j\u00e4hriger Elitepolizist der  Interventionseinheit SPID (st\u00e4ndiger Pr\u00e4senz- und Interventionsdienst)  schl\u00e4gt auf den wehrlos am Boden liegenden Mann ohne ersichtlichen Grund  mit f\u00fcnf Fusstritten auf dessen Kopf ein. Das Opfer erleidet  Prellungen, Bluterg\u00fcsse und Sch\u00fcrfungen am Kopf.<\/p>\n<p>Dieser j\u00fcngste  Gewalt\u00fcbergriff ist einer von 22 Vorf\u00e4llen, die der unabh\u00e4ngige  Administrativuntersuchungsleiter und Berner Alt-Oberrichter J\u00fcrg  Sollberger im Auftrag von Regierungsr\u00e4tin Yvonne Sch\u00e4rli gegenw\u00e4rtig  untersucht. F\u00fcr Sollberger ist klar, dass solch ein Verhalten eines  Elitepolizisten nicht tolerierbar ist. Gegen\u00fcber der \u00abRundschau\u00bb erkl\u00e4rt  er: \u00abSobald der sich ergeben hat, ist jede Gewalt, die gegen den  Betreffenden ausge\u00fcbt wird, nicht mehr im Rahmen des Zul\u00e4ssigen und  damit nicht zu akzeptieren.\u00bb<\/p>\n<p><a id=\"eztoc19954002_1\" name=\"eztoc19954002_1\"><\/a><\/p>\n<h2>\u00dcberwachungskamera filmt Gewaltexzess<\/h2>\n<p>Der fehlbare Polizist versetzt dem Opfer die Fusstritte ohne zu  realisieren, dass eine \u00dcberwachungskamera im Geb\u00e4ude seine Tat  dokumentiert. Die Luzerner Polizei stellt im Rahmen der Ermittlungen die  Videobeweise sicher und leitet sie an die Staatsanwaltschaft weiter.  Gegen den Elitepolizisten l\u00e4uft seit Anfang Juni ein Strafverfahren  wegen Amtsmissbrauch und K\u00f6rperverletzung.<\/p>\n<p><a id=\"eztoc19954002_2\" name=\"eztoc19954002_2\"><\/a><\/p>\n<h2>Fragw\u00fcrdiger Umgang mit Beweismaterial<\/h2>\n<p>Trotz der erdr\u00fcckenden Beweislage hat Polizeikommandant Beat  Hensler offenbar davon abgesehen, per sofort personalrechtliche  Massnahmen gegen den fehlbaren SPID-Polizisten zu ergreifen. Erst am 15.  Juli suspendiert er ihn vom Dienst.<\/p>\n<p>Administrativuntersuchungsleiter  J\u00fcrg Sollberger kritisiert gegen\u00fcber der \u00abRundschau\u00bb dieses Z\u00f6gern:  Massnahmen seien sofort zu treffen, \u00abwenn man die Erkenntnis hat, dass  hier etwas nicht gut war.\u00bb<\/p>\n<p>Doch statt den fehlbaren  Elitepolizisten unverz\u00fcglich zu suspendieren, zeigt Kommandant Beat  Hensler die \u00dcberwachungsaufnahmen am 24. Juni Mitgliedern seiner  Sondereinheit. Diese Videovorf\u00fchrung verst\u00f6sst einerseits gegen die  Geheimhaltungspflicht im internen Dienstbefehl 4.01.07 \u00abErmittlungen  gegen Angeh\u00f6rige der Luzerner Polizei\u00bb, zudem erfolgt diese Aktion  w\u00e4hrend des laufenden Strafverfahrens, ohne Zustimmung der  Staatsanwaltschaft.<\/p>\n<div>\n<div><a href=\"http:\/\/www.srf.ch\/player\/tv\/videoembed?id=3b58f4b3-fcce-404d-be85-864e57ddd24d&amp;width=624&amp;height=351&amp;mode=inline&amp;autoplay=true\"> <img decoding=\"async\" title=\"Video &quot;Polizeikommandant Beat Hensler in der \u00abRundschau\u00bb&quot; abspielen.\" src=\"http:\/\/www.srf.ch\/webservice\/cvis\/segment\/thumbnail\/3b58f4b3-fcce-404d-be85-864e57ddd24d?width=224\" alt=\"Video &quot;Polizeikommandant Beat Hensler in der \u00abRundschau\u00bb&quot; abspielen.\" \/> <\/a><\/div>\n<div><\/div>\n<\/div>\n<p><a id=\"eztoc19954002_3\" name=\"eztoc19954002_3\"><\/a><\/p>\n<h2>Kein generelles F\u00fchrungsproblem<\/h2>\n<p>\u00abDas ist nicht der Standard der Luzerner Polizei\u00bb, sagte Beat  Hensler in der \u00abRundschau\u00bb. Der Polizist wurde zwar erst Mitte Juli  offiziell vom Dienst suspendiert, aber bereits zuvor wurde der Mann vom  Frontdienst dispensiert, so Hensler weiter. Von einem generellen  F\u00fchrungsproblem innerhalb des Korps will der Kommandant nichts wissen.<\/p>\n<p>\u00abF\u00fcr  mich ist die Situation belastend, aber die Regierung hat das Vertrauen  ausgesprochen.\u00bb So etwas d\u00fcrfe nicht mehr passieren. Als weitere  Konsequenz will Hensler verst\u00e4rkt auf die Umsetzung der geltenden  Richtlinien setzen.<\/p>\n<p>Quelle: <a href=\"http:\/\/www.srf.ch\/news\/schweiz\/schockierendes-video-zeigt-luzerner-pruegel-polizisten\" target=\"_blank\">http:\/\/www.srf.ch\/news\/schweiz\/schockierendes-video-zeigt-luzerner-pruegel-polizisten<\/a><\/p>\n","protected":false},"excerpt":{"rendered":"<p>Ein Elitepolizist der Luzerner Polizei traktiert einen festgenommenen, wehrlos am Boden liegenden rum\u00e4nischen Einbrecher mehrfach mit Fusstritten gegen den Kopf. Was der Polizist nicht weiss: eine \u00dcberwachungskamera filmt den Gewalt\u00fcbergriff. Das Video liegt der \u00abRundschau\u00bb vor.  <a href=\"https:\/\/www.lagota.ch\/?p=1874\">Continue reading <span class=\"meta-nav\">&rarr;<\/span><\/a><\/p>\n","protected":false},"author":1,"featured_media":0,"comment_status":"open","ping_status":"open","sticky":false,"template":"","format":"standard","meta":{"footnotes":""},"categories":[13,11,6,16],"tags":[558,23,557,556],"class_list":["post-1874","post","type-post","status-publish","format-standard","hentry","category-antifa","category-luzern","category-news","category-schweiz","tag-gehen","tag-hensler","tag-muss","tag-schlagerpolizisten"],"_links":{"self":[{"href":"https:\/\/www.lagota.ch\/index.php?rest_route=\/wp\/v2\/posts\/1874","targetHints":{"allow":["GET"]}}],"collection":[{"href":"https:\/\/www.lagota.ch\/index.php?rest_route=\/wp\/v2\/posts"}],"about":[{"href":"https:\/\/www.lagota.ch\/index.php?rest_route=\/wp\/v2\/types\/post"}],"author":[{"embeddable":true,"href":"https:\/\/www.lagota.ch\/index.php?rest_route=\/wp\/v2\/users\/1"}],"replies":[{"embeddable":true,"href":"https:\/\/www.lagota.ch\/index.php?rest_route=%2Fwp%2Fv2%2Fcomments&post=1874"}],"version-history":[{"count":3,"href":"https:\/\/www.lagota.ch\/index.php?rest_route=\/wp\/v2\/posts\/1874\/revisions"}],"predecessor-version":[{"id":1876,"href":"https:\/\/www.lagota.ch\/index.php?rest_route=\/wp\/v2\/posts\/1874\/revisions\/1876"}],"wp:attachment":[{"href":"https:\/\/www.lagota.ch\/index.php?rest_route=%2Fwp%2Fv2%2Fmedia&parent=1874"}],"wp:term":[{"taxonomy":"category","embeddable":true,"href":"https:\/\/www.lagota.ch\/index.php?rest_route=%2Fwp%2Fv2%2Fcategories&post=1874"},{"taxonomy":"post_tag","embeddable":true,"href":"https:\/\/www.lagota.ch\/index.php?rest_route=%2Fwp%2Fv2%2Ftags&post=1874"}],"curies":[{"name":"wp","href":"https:\/\/api.w.org\/{rel}","templated":true}]}}