{"id":1881,"date":"2013-09-02T15:30:00","date_gmt":"2013-09-02T14:30:00","guid":{"rendered":"http:\/\/www.lagota.ch\/?p=1881"},"modified":"2013-09-02T15:30:00","modified_gmt":"2013-09-02T14:30:00","slug":"reclaim-the-city-aktionstag-in-aarau","status":"publish","type":"post","link":"https:\/\/www.lagota.ch\/?p=1881","title":{"rendered":"&#8220;Reclaim the City&#8221;-Aktionstag in Aarau"},"content":{"rendered":"<p><strong>Communiqu\u00e9e zum Aktionstag \u00abReclaim the City\u00bb vom 31. August 2013 in Aarau<br \/>\n<\/strong><br \/>\n<a href=\"https:\/\/www.lagota.ch\/wp-content\/uploads\/ajzaarau.jpg\"><img loading=\"lazy\" decoding=\"async\" class=\"alignleft size-medium wp-image-1882\" title=\"ajzaarau\" src=\"https:\/\/www.lagota.ch\/wp-content\/uploads\/ajzaarau-300x206.jpg\" alt=\"\" width=\"300\" height=\"206\" srcset=\"https:\/\/www.lagota.ch\/wp-content\/uploads\/ajzaarau-300x206.jpg 300w, https:\/\/www.lagota.ch\/wp-content\/uploads\/ajzaarau.jpg 586w\" sizes=\"auto, (max-width: 300px) 100vw, 300px\" \/><\/a>Gestern fand in Aarau der dezentrale Aktionstag unter dem Motto  \u00abReclaim the City\u00bb in Aarau statt. \u00dcber den ganzen Tag verteilt gab es  verschiedenste Aktionen, mit dem Ziel den \u00f6ffentlichen Raum zumindest  zum Teil in Beschlag zu nehmen. Hintergund des Aktionstages war die  Androhung des Kantons, dass die Sicherheitskosten von einer halben  Million Franken, welche beim letzten N\u00e4chtlichen Tanzvergn\u00fcgen  angefallen sind, auf die Veranstalter_innen abzuw\u00e4lzen sowie ganz  allgemein die immer fortschreitende Privatisierung, Regelementierung  oder \u00dcberwachung unseres Lebensraumes.<\/p>\n<p>Am Mittag gab es so die ersten kleinen Einzelaktionen. Es wurden  Transparente aufgeh\u00e4ngt und ein \u00abSchwarzer Block\u00bb (eine Person in einem  grossen schwarzen Karton) versetzte die Aarauer Altstadt in Angst und  Schrecken oder zumindest ins Staunen. Nach und nach trafen immer mehr  Personen in Aarau ein. So wurde vor allem der Schlosspark sowie der  Kasinopark zu zwei Anlaufstellen, wo mensch sich traf, etwas trank und  sich austauschte. In der Igelweid wurde im Verlauf des Nachmittags  gratis Essen an Passant_innen verteilt, es wurde gekonnt Kubb gespielt  oder jongliert. Ein Infotisch versorgte Interessierte mit vielen  Informationen. Ein grosser Spass war sicherlich auch die kruze, aber  heftige Wasserschlacht im Kasinopark. Dort wurde auch am Abend noch der  Film \u00abDer grosse Diktator\u00bb gezeigt.<\/p>\n<p>Die Polizei hielt sich mehrheitlich zur\u00fcck. Sie war jedoch mit  Zwei-Mann-Patrouillen stetig pr\u00e4sent und so kam es auch zu vereinzelten  Personenkontrollen &#8211; Festnahmen gab es aber keine. Dies mag uns aber  nicht \u00fcber das eigentliche Polizeiaufgebot hinwegt\u00e4uschen. Den ganzen  Tag fuhren zivile Vans der Polizei durch die Stadt, im Vorfeld wurden  Personen eingesch\u00fcchtert und wie viele Polizist_innen den Tag in  Bereitschaft verbrachten, k\u00f6nnen wir nur vermuten.<\/p>\n<p>Mit dem dezentralen Aktionstag haben wir eine neue Aktionsform  ausprobiert. So wurde von uns kein fixfertiges Programm auf die Beine  gestellt, sondern lediglich eine Antirep- und Informatiosnstruktur mit  Live-Ticker und Infotelefon. Es lag so nun an allen, was, wie, wann, wo  an diesem Tag so in Aarau passieren wird. Villeicht war es kein so  spektakul\u00e4rer Tag, wie ihn sich das Tele M1 wohl gew\u00fcnscht h\u00e4tte,  trotzdem oder vielleicht auch gerade deswegen, sehen wir ihn als Erfolg.  Unterschiedlichste Personen haben Eigeninitaitive gezeigt, sich nicht  einsch\u00fcchtern lassen und ganz auf ihre Art und Weise etwas f\u00fcr diesen  Tag beigetragen.<\/p>\n<p>Der Kampf geht weiter&#8230;<\/p>\n<p>KAZ [Kampagne f\u00fcr ein autonomes Zentrum]<\/p>\n<p>Quelle: www.aargrau.ch<\/p>\n","protected":false},"excerpt":{"rendered":"<p>Gestern fand in Aarau der dezentrale Aktionstag unter dem Motto \u00abReclaim the City\u00bb in Aarau statt. \u00dcber den ganzen Tag verteilt gab es verschiedenste Aktionen, mit dem Ziel den \u00f6ffentlichen Raum zumindest zum Teil in Beschlag zu nehmen. Hintergund des Aktionstages war die Androhung des Kantons, dass die Sicherheitskosten von einer halben Million Franken, welche beim letzten N\u00e4chtlichen Tanzvergn\u00fcgen angefallen sind, auf die Veranstalter_innen abzuw\u00e4lzen sowie ganz allgemein die immer fortschreitende Privatisierung, Regelementierung oder \u00dcberwachung unseres Lebensraumes. <a href=\"https:\/\/www.lagota.ch\/?p=1881\">Continue reading <span class=\"meta-nav\">&rarr;<\/span><\/a><\/p>\n","protected":false},"author":1,"featured_media":0,"comment_status":"open","ping_status":"open","sticky":false,"template":"","format":"standard","meta":{"footnotes":""},"categories":[49,6,16,18],"tags":[185,260,560,546,304],"class_list":["post-1881","post","type-post","status-publish","format-standard","hentry","category-antirep","category-news","category-schweiz","category-squat-the-world","tag-aarau","tag-aktionstag","tag-dezentral","tag-reclaim-the-city","tag-rts"],"_links":{"self":[{"href":"https:\/\/www.lagota.ch\/index.php?rest_route=\/wp\/v2\/posts\/1881","targetHints":{"allow":["GET"]}}],"collection":[{"href":"https:\/\/www.lagota.ch\/index.php?rest_route=\/wp\/v2\/posts"}],"about":[{"href":"https:\/\/www.lagota.ch\/index.php?rest_route=\/wp\/v2\/types\/post"}],"author":[{"embeddable":true,"href":"https:\/\/www.lagota.ch\/index.php?rest_route=\/wp\/v2\/users\/1"}],"replies":[{"embeddable":true,"href":"https:\/\/www.lagota.ch\/index.php?rest_route=%2Fwp%2Fv2%2Fcomments&post=1881"}],"version-history":[{"count":2,"href":"https:\/\/www.lagota.ch\/index.php?rest_route=\/wp\/v2\/posts\/1881\/revisions"}],"predecessor-version":[{"id":1884,"href":"https:\/\/www.lagota.ch\/index.php?rest_route=\/wp\/v2\/posts\/1881\/revisions\/1884"}],"wp:attachment":[{"href":"https:\/\/www.lagota.ch\/index.php?rest_route=%2Fwp%2Fv2%2Fmedia&parent=1881"}],"wp:term":[{"taxonomy":"category","embeddable":true,"href":"https:\/\/www.lagota.ch\/index.php?rest_route=%2Fwp%2Fv2%2Fcategories&post=1881"},{"taxonomy":"post_tag","embeddable":true,"href":"https:\/\/www.lagota.ch\/index.php?rest_route=%2Fwp%2Fv2%2Ftags&post=1881"}],"curies":[{"name":"wp","href":"https:\/\/api.w.org\/{rel}","templated":true}]}}