{"id":1924,"date":"2013-10-17T17:38:30","date_gmt":"2013-10-17T16:38:30","guid":{"rendered":"http:\/\/www.lagota.ch\/?p=1924"},"modified":"2013-10-17T17:38:30","modified_gmt":"2013-10-17T16:38:30","slug":"demo-lampedusa-ist-unser-internationaler-kampf","status":"publish","type":"post","link":"https:\/\/www.lagota.ch\/?p=1924","title":{"rendered":"Demo: Lampedusa ist unser internationaler Kampf!"},"content":{"rendered":"<p>Obwohl die Geschehnisse in Lampedusa und im Mittelmeer seit Jahrzehnten bereits Alltag sind, hat sich in der weltweiten Asylpolitik noch nichts ge\u00e4ndert.<\/p>\n<p><a href=\"https:\/\/www.lagota.ch\/wp-content\/uploads\/lampedusa.gif\"><img loading=\"lazy\" decoding=\"async\" class=\"alignleft size-full wp-image-1925\" title=\"lampedusa\" src=\"https:\/\/www.lagota.ch\/wp-content\/uploads\/lampedusa.gif\" alt=\"\" width=\"550\" height=\"255\" srcset=\"https:\/\/www.lagota.ch\/wp-content\/uploads\/lampedusa.gif 550w, https:\/\/www.lagota.ch\/wp-content\/uploads\/lampedusa-300x139.gif 300w\" sizes=\"auto, (max-width: 550px) 100vw, 550px\" \/><\/a>Wir k\u00f6nnen das nicht akzeptieren und wollen nun ein Zeichen setzen. Am Samstag, dem 19. Oktober um 19.00 Uhr versammeln wir uns auf dem Helvetiaplatz, um anschliessend zusammen in Form einer Solidarit\u00e4tsdemonstration auf diese Missst\u00e4nde aufmerksam zu machen. Mit der \u00dcberzeugung \u201eLampedusa \u2013 Unser internationaler Kampf\u201c gehen wir auf die Strassen Z\u00fcrichs und fordern einen humanit\u00e4ren und fairen Umgang mit Fl\u00fcchtlingen.<br \/>\nMit Lichtern (Kerzen, Laternen, Taschenlampen\u2026) m\u00f6chten wir den vielen Verstorbenen gedenken. Angesichts der ernsten Situation soll die Demo in friedlichem und ruhigem Rahmen verlaufen.<\/p>\n<p><strong>Die Kundgebung wird unterst\u00fctzt von:<\/strong><br \/>\nSolinetz Z\u00fcrich, augenauf, Bleiberecht Bern, <a href=\"http:\/\/humanrights.ch\/\">humanrights.ch<\/a> &#8211; Menschenrechte Schweiz, Solidarit\u00e9 sans fronti\u00e8res, Schweizerische Beobachtungsstelle f\u00fcr Asyl- und Ausl\u00e4nderrecht, Zunder, Amnesty International Schweiz, Autonome Schule Z\u00fcrich, Junge Gr\u00fcne Z\u00fcrich, Juso Kanton Z\u00fcrich, SPAZ<\/p>\n","protected":false},"excerpt":{"rendered":"<p>Obwohl die Geschehnisse in Lampedusa und im Mittelmeer seit Jahrzehnten bereits Alltag sind, hat sich in der weltweiten Asylpolitik noch nichts ge\u00e4ndert.<br \/>\nWann: Samstag, 19. Oktober 2013<br \/>\nWo: Helvetiaplatz, Z\u00fcrich<br \/>\nBesammlung: 19.00 Uhr, Helvetiaplatz<br \/>\n <a href=\"https:\/\/www.lagota.ch\/?p=1924\">Continue reading <span class=\"meta-nav\">&rarr;<\/span><\/a><\/p>\n","protected":false},"author":1,"featured_media":0,"comment_status":"open","ping_status":"open","sticky":false,"template":"","format":"standard","meta":{"footnotes":""},"categories":[13,10,406,6,4],"tags":[583,584,103],"class_list":["post-1924","post","type-post","status-publish","format-standard","hentry","category-antifa","category-aus-aller-welt","category-migration","category-news","category-veranstaltung","tag-lampedusa","tag-massaker","tag-rassismus"],"_links":{"self":[{"href":"https:\/\/www.lagota.ch\/index.php?rest_route=\/wp\/v2\/posts\/1924","targetHints":{"allow":["GET"]}}],"collection":[{"href":"https:\/\/www.lagota.ch\/index.php?rest_route=\/wp\/v2\/posts"}],"about":[{"href":"https:\/\/www.lagota.ch\/index.php?rest_route=\/wp\/v2\/types\/post"}],"author":[{"embeddable":true,"href":"https:\/\/www.lagota.ch\/index.php?rest_route=\/wp\/v2\/users\/1"}],"replies":[{"embeddable":true,"href":"https:\/\/www.lagota.ch\/index.php?rest_route=%2Fwp%2Fv2%2Fcomments&post=1924"}],"version-history":[{"count":2,"href":"https:\/\/www.lagota.ch\/index.php?rest_route=\/wp\/v2\/posts\/1924\/revisions"}],"predecessor-version":[{"id":1927,"href":"https:\/\/www.lagota.ch\/index.php?rest_route=\/wp\/v2\/posts\/1924\/revisions\/1927"}],"wp:attachment":[{"href":"https:\/\/www.lagota.ch\/index.php?rest_route=%2Fwp%2Fv2%2Fmedia&parent=1924"}],"wp:term":[{"taxonomy":"category","embeddable":true,"href":"https:\/\/www.lagota.ch\/index.php?rest_route=%2Fwp%2Fv2%2Fcategories&post=1924"},{"taxonomy":"post_tag","embeddable":true,"href":"https:\/\/www.lagota.ch\/index.php?rest_route=%2Fwp%2Fv2%2Ftags&post=1924"}],"curies":[{"name":"wp","href":"https:\/\/api.w.org\/{rel}","templated":true}]}}