{"id":1966,"date":"2013-12-08T19:11:16","date_gmt":"2013-12-08T18:11:16","guid":{"rendered":"http:\/\/www.lagota.ch\/?p=1966"},"modified":"2013-12-08T19:11:16","modified_gmt":"2013-12-08T18:11:16","slug":"hensler-tritt-mit-goldenem-fallschirm-zuruck","status":"publish","type":"post","link":"https:\/\/www.lagota.ch\/?p=1966","title":{"rendered":"Hensler tritt mit goldenem Fallschirm zur\u00fcck"},"content":{"rendered":"<p><strong>In der Aff\u00e4re um brutale  Polizeivorf\u00e4lle intern und extern bei der Luzerner Polizei hat der  Luzerner Regierungsrat nun die Reissleine gezogen, um sein eigenes  Mitglied, die Sozialdemokratin Yvonne Sch\u00e4rli zu retten: Kommandant  Hensler tritt nach gef\u00fchlten Jahrzehnten von unges\u00fchnter Polizeigewalt  und billigen Vertuschungsman\u00f6vern per sofort zur\u00fcck.<\/p>\n<p><\/strong><a href=\"https:\/\/www.lagota.ch\/wp-content\/uploads\/643256_m3w580h340q75v4939_01190901_14210418.jpg\"><img loading=\"lazy\" decoding=\"async\" class=\"alignleft size-full wp-image-1967\" title=\"643256_m3w580h340q75v4939_01190901_14210418\" src=\"https:\/\/www.lagota.ch\/wp-content\/uploads\/643256_m3w580h340q75v4939_01190901_14210418.jpg\" alt=\"\" width=\"580\" height=\"340\" srcset=\"https:\/\/www.lagota.ch\/wp-content\/uploads\/643256_m3w580h340q75v4939_01190901_14210418.jpg 580w, https:\/\/www.lagota.ch\/wp-content\/uploads\/643256_m3w580h340q75v4939_01190901_14210418-300x175.jpg 300w\" sizes=\"auto, (max-width: 580px) 100vw, 580px\" \/><\/a>Gemessen an der  permanenten Gewaltt\u00e4tigkeit der Luzerner Polizei geht man dort  inzwischen von Personalien auf Stufe Neanderthaler aus (aus der Zeit,  bevor das Rad erfunden wurde). Teils schlugen Luzerner Polizisten die  eigene Freundin spitalreif, ein andermal traten sie einen schon  gefesselten Dealer mit ihren Stiefeln in den Kopf. In Luzern wurden  solche Taten stets mit Bef\u00f6rderung die Polizeikarriere hinauf belohnt.  Ein andermal wurde deutschen und \u00f6sterreichischen Kollegen vorgef\u00fchrt,  wie man nach dem Zufallsprinzip ausgesuchte Jugendliche morgens um 3 Uhr  an einer dunklen Ecke in Arth\/Goldau \u00fcberf\u00e4llt und sie bei surrender  Polizeikamera zu Kr\u00fcppeln schl\u00e4gt.<\/p>\n<p>Diesem und \u00e4hnlich verrohtem  Treiben war Kommandant Beat Hensler aus Kriens stets sehr wohlgesinnt.  Hensler wurde 2008 f\u00fcr die \u00dcberwachung der Fussball-WM sogar zum  Pr\u00e4sidenten der kantonalen Polizeikommandanten, bzw. zum Vorsitzenden  der Schweizer Polizeikommandanten-Konferenz (KKPKS) geschlagen. Hensler  hatte damals, zwecks eigener Profilierung, auf Bombendrohungen und  Terroranschl\u00e4ge gehofft, f\u00fcr ihn leider vergeblich <img decoding=\"async\" src=\"http:\/\/ch.indymedia.org\/img\/extlink.png\" border=\"0\" alt=\"\" \/> <a href=\"http:\/\/www.nzz.ch\/aktuell\/startseite\/unsere-16-000-polizisten-werden-nicht-in-jedem-fall-ausreichen-1.554864\">http:\/\/www.nzz.ch\/aktuell\/startseite\/unsere-16-000-polizisten-werden-nicht-in-jedem-fall-ausreichen-1.554864<\/a><\/p>\n<p>Dies  trug der KKPKS den zeitweiligen Verdacht ein, es herrsche bei ihr eine  Kultur von geistigem Eunuchentum. Inzwischen hat sich dieser Eindruck  aber l\u00e4ngst als Irrtum erwiesen. Zur Zeit wirkt dort der Kommandant der  Z\u00fcrcher Kantonspolizei, Thomas W\u00fcrgler, als Pr\u00e4sident.<\/p>\n<p>Beat  Hensler leitete die Luzerner Pr\u00fcgelpolizei ein Jahrzehnt lang souver\u00e4n.  Langzeit-Regierungsr\u00e4tin Sch\u00e4rli lud ihn jeweils zum Rapport. Das Duo  Hensler\/Sch\u00e4rli reagierte bei \u00f6ffentlich gewordenen Polizei\u00fcbergriffen  immer gleich: Es wurde alt-Richter J\u00fcrg Sollberger aus dem befreundeten  Kanton Bern zur Kl\u00e4rung der Vorw\u00fcrfe gerufen, und regelm\u00e4ssig war nichts  dran. Ein Vorwand f\u00fcr personelle \u00c4nderungen bestand f\u00fcr Sollberger bis  zum heutigen (gelobten) Tag nie. Diesmal machte Sollberger an seiner  eigenen Glaubw\u00fcrdigkeit herum. Dadurch sind all seine vorherigen  Falsch-Beurteilungen in Sachen Hensler\/Sch\u00e4rli nat\u00fcrlich definitiv  geheilt.<\/p>\n<p>Polizeikommandant Hensler, zeitweise h\u00f6chster Bulle der  Schweiz, wird nun entlassen, ihm wird sein Honorar f\u00fcr seine  unvergesslichen Dienste f\u00fcr 2014 aufw\u00e4rts mit Ruhmesblatt und  Dankesgesten nachgereicht. Frau Regierungsr\u00e4tin Sch\u00e4rli bleibt derweil  unangetastet. Sie hatte (bis heute) Polizeikommandant Hensler aber immer  gedeckt. Dabei \u00fcbte sie sich gerne auch in ihrem Spezialfach, der  sozialdemokratischen Verlogenheit. Die Luzerner Polizei sei jedoch gut  aufgestellt, um die heutige Krise zu meistern, sagte Hensler  abschliessend an seiner heutigen, vermutlich letzten Pressekonferenz.  Hensler gilt als Kandidat f\u00fcr den Luzerner Regierungsrat.<strong><\/p>\n<p>Quelle: <\/strong><a href=\"http:\/\/ch.indymedia.org\/de\/2013\/12\/90923.shtml\" target=\"_blank\">http:\/\/ch.indymedia.org\/de\/2013\/12\/90923.shtml<\/a><\/p>\n","protected":false},"excerpt":{"rendered":"<p> \tIn der Aff\u00e4re um brutale Polizeivorf\u00e4lle intern und extern bei der Luzerner Polizei hat der Luzerner Regierungsrat nun die Reissleine gezogen, um sein eigenes Mitglied, die Sozialdemokratin Yvonne Sch\u00e4rli zu retten: Kommandant Hensler tritt nach gef\u00fchlten Jahrzehnten von unges\u00fchnter Polizeigewalt und billigen Vertuschungsman\u00f6vern per sofort zur\u00fcck. <a href=\"https:\/\/www.lagota.ch\/?p=1966\">Continue reading <span class=\"meta-nav\">&rarr;<\/span><\/a><\/p>\n","protected":false},"author":1,"featured_media":0,"comment_status":"open","ping_status":"open","sticky":false,"template":"","format":"standard","meta":{"footnotes":""},"categories":[49,11,6,16],"tags":[233,23,1148,24,600,601],"class_list":["post-1966","post","type-post","status-publish","format-standard","hentry","category-antirep","category-luzern","category-news","category-schweiz","tag-gewalt","tag-hensler","tag-luzern","tag-polizei","tag-scharli","tag-vertuschung"],"_links":{"self":[{"href":"https:\/\/www.lagota.ch\/index.php?rest_route=\/wp\/v2\/posts\/1966","targetHints":{"allow":["GET"]}}],"collection":[{"href":"https:\/\/www.lagota.ch\/index.php?rest_route=\/wp\/v2\/posts"}],"about":[{"href":"https:\/\/www.lagota.ch\/index.php?rest_route=\/wp\/v2\/types\/post"}],"author":[{"embeddable":true,"href":"https:\/\/www.lagota.ch\/index.php?rest_route=\/wp\/v2\/users\/1"}],"replies":[{"embeddable":true,"href":"https:\/\/www.lagota.ch\/index.php?rest_route=%2Fwp%2Fv2%2Fcomments&post=1966"}],"version-history":[{"count":2,"href":"https:\/\/www.lagota.ch\/index.php?rest_route=\/wp\/v2\/posts\/1966\/revisions"}],"predecessor-version":[{"id":1969,"href":"https:\/\/www.lagota.ch\/index.php?rest_route=\/wp\/v2\/posts\/1966\/revisions\/1969"}],"wp:attachment":[{"href":"https:\/\/www.lagota.ch\/index.php?rest_route=%2Fwp%2Fv2%2Fmedia&parent=1966"}],"wp:term":[{"taxonomy":"category","embeddable":true,"href":"https:\/\/www.lagota.ch\/index.php?rest_route=%2Fwp%2Fv2%2Fcategories&post=1966"},{"taxonomy":"post_tag","embeddable":true,"href":"https:\/\/www.lagota.ch\/index.php?rest_route=%2Fwp%2Fv2%2Ftags&post=1966"}],"curies":[{"name":"wp","href":"https:\/\/api.w.org\/{rel}","templated":true}]}}