{"id":1984,"date":"2013-12-27T19:46:29","date_gmt":"2013-12-27T18:46:29","guid":{"rendered":"http:\/\/www.lagota.ch\/?p=1984"},"modified":"2013-12-27T19:46:29","modified_gmt":"2013-12-27T18:46:29","slug":"communique-zur-besetzung-der-florastrasse-15-in-aarau","status":"publish","type":"post","link":"https:\/\/www.lagota.ch\/?p=1984","title":{"rendered":"Communiqu\u00e9 zur Besetzung der Florastrasse 15 in Aarau"},"content":{"rendered":"<p><strong>Am Abend des 26. Dezember 2013 haben wir die  leerstehende Liegenschaft an der Florastrasse 15 in Aarau besetzt und  ihr so neues Leben eingehaucht. Das Haus soll m\u00f6glichst bald als  autonomes Zentrum seine T\u00fcren \u00f6ffnen k\u00f6nnen. Wir beabsichtigen, diesen  bisher ungenutzten Platz als sozialen Treffpunkt zu nutzen und ihn so  auch anderen interessierten und freiheitsliebenden Menschen zur  Verf\u00fcgung zu stellen.<\/p>\n<p><\/strong>Unser Leben durch kapitalistische Zw\u00e4nge und  gesellschaftliche Normen bestimmen zu lassen sowie uns Autorit\u00e4ten zu  f\u00fcgen, kotzt uns an. Was wir wollen ist ein Leben in Freiheit und  Selbstbestimmung. Da eine gesellschaftliche Umw\u00e4lzung jedoch ein  langwieriger Prozess ist und sich momentan hierzulande keine  revolution\u00e4re Perspektive offenbart, haben wir uns dazu entschlossen,  unser Fristen im Kapitalismus etwas angenehmer zu gestalten und uns zu  nehmen, was wir ben\u00f6tigen um im Status Quo nicht total durchzudrehen.<\/p>\n<p>Ja,  wir haben ein Haus besetzt. Nein, wir haben niemanden um Erlaubnis  gebeten. Ja, wir sind gekommen, um zu bleiben. Denn weshalb sollten  leerstehende H\u00e4user nicht genutzt werden? Weshalb sollen solch pr\u00e4chtige  Liegenschaften wie die Florastrasse 15 vor sich hin vegetieren, bis sie  im Zuge der Gentrifizierung abgerissen werden?<\/p>\n<p>In Aarau wird  schon seit Jahrzehnten auf unterschiedlichste Art und Weise f\u00fcr autonome  Freir\u00e4ume gek\u00e4mpft. Doch mit welchem Erfolg? Der Kanton Aargau pl\u00e4diert  offen f\u00fcr einen Abriss auf Vorrat. Die Stadt Aarau streitet das  Bed\u00fcrfnis nach einem autonomen Zentrum ab, wirft Menschen mit  fadenscheinigen Begr\u00fcndungen aus besetzen st\u00e4dtischen Liegenschaften und  \u00fcbt \u00fcber ihre Handlanger*innen, die Polizei, Druck auf private  Hausbesitzer*innen und Immobilienfirmen aus. Uns bleibt also nichts  anderes \u00fcbrig, als uns weiterhin aktiv um ein autonomes Zentrum zu  bem\u00fchen und uns den Raum zu schaffen, den wir brauchen, um in den  herrschenden Verh\u00e4ltnissen einmal durchatmen zu k\u00f6nnen.<\/p>\n<p>Wir  wollen erschaffen, lernen, durchbrechen, organisieren, scheitern,  entdecken, ausprobieren, \u2026 und so auch Menschen die M\u00f6glichkeit geben,  ein anderes Leben ohne Hierarchien, Zw\u00e4nge und diskriminierende  Strukturen und Prozesse kennen zu lernen. Wir wollen Kultur schaffen, an  welcher sich niemand bereichert und einen Ort etablieren, wo sich alle  Menschen unabh\u00e4ngig von sexueller Orientierung, Aussehen, sozialem sowie  biologischem Geschlecht, Herkunft oder F\u00e4higkeiten wohl f\u00fchlen k\u00f6nnen.<\/p>\n<p>Wir  laden solidarische und interessierte Menschen f\u00fcr die kommenden Tage  ein, bei uns vorbeizuschauen und sich einzubringen. Tags\u00fcber freuen wir  uns \u00fcber Hilfe beim aufr\u00e4umen, putzen, einrichten und umbauen. Jeden  Abend gibt es veganes Essen sowie Getr\u00e4nke gegen Spende. Am Freitagabend  gibt es zus\u00e4tzlich zum normalen Barbetrieb eine Soli-Cocktail-Bar  zugunsten philippinischer Anarchist*innen. Jederzeit ist mensch  nat\u00fcrlich zu Kaffee und Diskussionen willkommen. Es gilt zu beachten,  dass das Haus leider nicht barrierefrei ist.<\/p>\n<p>Solidarit\u00e4t mit allen r\u00e4umungsbedrohten H\u00e4usern und Projekten!<br \/>\nSelbstverwaltete Freir\u00e4ume schaffen und verteidigen!<\/p>\n<p>KAZ [Kampagne f\u00fcr ein autonomes Zentrum]<strong><\/p>\n<p><\/strong>Quelle: <a href=\"http:\/\/ch.indymedia.org\/de\/2013\/12\/91098.shtml\" target=\"_blank\">http:\/\/ch.indymedia.org\/de\/2013\/12\/91098.shtml<\/a><\/p>\n","protected":false},"excerpt":{"rendered":"<p>Am Abend des 26. Dezember 2013 haben wir die leerstehende Liegenschaft an der Florastrasse 15 in Aarau besetzt und ihr so neues Leben eingehaucht. Das Haus soll m\u00f6glichst bald als autonomes Zentrum seine T\u00fcren \u00f6ffnen k\u00f6nnen. Wir beabsichtigen, diesen bisher ungenutzten Platz als sozialen Treffpunkt zu nutzen und ihn so auch anderen interessierten und freiheitsliebenden Menschen zur Verf\u00fcgung zu stellen. <a href=\"https:\/\/www.lagota.ch\/?p=1984\">Continue reading <span class=\"meta-nav\">&rarr;<\/span><\/a><\/p>\n","protected":false},"author":1,"featured_media":0,"comment_status":"open","ping_status":"open","sticky":false,"template":"","format":"standard","meta":{"footnotes":""},"categories":[6,16,18],"tags":[185,520,93,613,519],"class_list":["post-1984","post","type-post","status-publish","format-standard","hentry","category-news","category-schweiz","category-squat-the-world","tag-aarau","tag-autonomes-zentrum","tag-besetzung","tag-florastrasse","tag-kaz"],"_links":{"self":[{"href":"https:\/\/www.lagota.ch\/index.php?rest_route=\/wp\/v2\/posts\/1984","targetHints":{"allow":["GET"]}}],"collection":[{"href":"https:\/\/www.lagota.ch\/index.php?rest_route=\/wp\/v2\/posts"}],"about":[{"href":"https:\/\/www.lagota.ch\/index.php?rest_route=\/wp\/v2\/types\/post"}],"author":[{"embeddable":true,"href":"https:\/\/www.lagota.ch\/index.php?rest_route=\/wp\/v2\/users\/1"}],"replies":[{"embeddable":true,"href":"https:\/\/www.lagota.ch\/index.php?rest_route=%2Fwp%2Fv2%2Fcomments&post=1984"}],"version-history":[{"count":2,"href":"https:\/\/www.lagota.ch\/index.php?rest_route=\/wp\/v2\/posts\/1984\/revisions"}],"predecessor-version":[{"id":1986,"href":"https:\/\/www.lagota.ch\/index.php?rest_route=\/wp\/v2\/posts\/1984\/revisions\/1986"}],"wp:attachment":[{"href":"https:\/\/www.lagota.ch\/index.php?rest_route=%2Fwp%2Fv2%2Fmedia&parent=1984"}],"wp:term":[{"taxonomy":"category","embeddable":true,"href":"https:\/\/www.lagota.ch\/index.php?rest_route=%2Fwp%2Fv2%2Fcategories&post=1984"},{"taxonomy":"post_tag","embeddable":true,"href":"https:\/\/www.lagota.ch\/index.php?rest_route=%2Fwp%2Fv2%2Ftags&post=1984"}],"curies":[{"name":"wp","href":"https:\/\/api.w.org\/{rel}","templated":true}]}}